{"id":330,"count":1,"description":"","link":"https:\/\/obscom.intervozes.org.br\/?tag=observatorio-do-direito-a-comunicacao-alai","name":"Observat\u00f3rio do Direito \u00e0 Comunica\u00e7\u00e3o \/ Alai","slug":"observatorio-do-direito-a-comunicacao-alai","taxonomy":"post_tag","meta":[],"_links":{"self":[{"href":"https:\/\/obscom.intervozes.org.br\/index.php?rest_route=\/wp\/v2\/tags\/330"}],"collection":[{"href":"https:\/\/obscom.intervozes.org.br\/index.php?rest_route=\/wp\/v2\/tags"}],"about":[{"href":"https:\/\/obscom.intervozes.org.br\/index.php?rest_route=\/wp\/v2\/taxonomies\/post_tag"}],"wp:post_type":[{"href":"https:\/\/obscom.intervozes.org.br\/index.php?rest_route=%2Fwp%2Fv2%2Fposts&tags=330"}],"curies":[{"name":"wp","href":"https:\/\/api.w.org\/{rel}","templated":true}]}}