{"id":231,"count":1,"description":"","link":"https:\/\/obscom.intervozes.org.br\/?tag=migracao-e-tv-publica","name":"Migra\u00e7\u00e3o e TV P\u00fablica","slug":"migracao-e-tv-publica","taxonomy":"post_tag","meta":[],"_links":{"self":[{"href":"https:\/\/obscom.intervozes.org.br\/index.php?rest_route=\/wp\/v2\/tags\/231"}],"collection":[{"href":"https:\/\/obscom.intervozes.org.br\/index.php?rest_route=\/wp\/v2\/tags"}],"about":[{"href":"https:\/\/obscom.intervozes.org.br\/index.php?rest_route=\/wp\/v2\/taxonomies\/post_tag"}],"wp:post_type":[{"href":"https:\/\/obscom.intervozes.org.br\/index.php?rest_route=%2Fwp%2Fv2%2Fposts&tags=231"}],"curies":[{"name":"wp","href":"https:\/\/api.w.org\/{rel}","templated":true}]}}