{"id":1632,"count":1,"description":"","link":"https:\/\/obscom.intervozes.org.br\/?tag=para-a-fundacao-mauricio-grobois","name":"para a Funda\u00e7\u00e3o Maur\u00edcio Grobois","slug":"para-a-fundacao-mauricio-grobois","taxonomy":"post_tag","meta":[],"_links":{"self":[{"href":"https:\/\/obscom.intervozes.org.br\/index.php?rest_route=\/wp\/v2\/tags\/1632"}],"collection":[{"href":"https:\/\/obscom.intervozes.org.br\/index.php?rest_route=\/wp\/v2\/tags"}],"about":[{"href":"https:\/\/obscom.intervozes.org.br\/index.php?rest_route=\/wp\/v2\/taxonomies\/post_tag"}],"wp:post_type":[{"href":"https:\/\/obscom.intervozes.org.br\/index.php?rest_route=%2Fwp%2Fv2%2Fposts&tags=1632"}],"curies":[{"name":"wp","href":"https:\/\/api.w.org\/{rel}","templated":true}]}}