{"id":1413,"count":4,"description":"","link":"https:\/\/obscom.intervozes.org.br\/?tag=eleicoes-e-midia","name":"Elei\u00e7\u00f5es e m\u00eddia","slug":"eleicoes-e-midia","taxonomy":"post_tag","meta":[],"_links":{"self":[{"href":"https:\/\/obscom.intervozes.org.br\/index.php?rest_route=\/wp\/v2\/tags\/1413"}],"collection":[{"href":"https:\/\/obscom.intervozes.org.br\/index.php?rest_route=\/wp\/v2\/tags"}],"about":[{"href":"https:\/\/obscom.intervozes.org.br\/index.php?rest_route=\/wp\/v2\/taxonomies\/post_tag"}],"wp:post_type":[{"href":"https:\/\/obscom.intervozes.org.br\/index.php?rest_route=%2Fwp%2Fv2%2Fposts&tags=1413"}],"curies":[{"name":"wp","href":"https:\/\/api.w.org\/{rel}","templated":true}]}}