{"id":1251,"count":1,"description":"","link":"https:\/\/obscom.intervozes.org.br\/?tag=por-observatorio-da-educacao","name":"Por Observat\u00f3rio da Educa\u00e7\u00e3o","slug":"por-observatorio-da-educacao","taxonomy":"post_tag","meta":[],"_links":{"self":[{"href":"https:\/\/obscom.intervozes.org.br\/index.php?rest_route=\/wp\/v2\/tags\/1251"}],"collection":[{"href":"https:\/\/obscom.intervozes.org.br\/index.php?rest_route=\/wp\/v2\/tags"}],"about":[{"href":"https:\/\/obscom.intervozes.org.br\/index.php?rest_route=\/wp\/v2\/taxonomies\/post_tag"}],"wp:post_type":[{"href":"https:\/\/obscom.intervozes.org.br\/index.php?rest_route=%2Fwp%2Fv2%2Fposts&tags=1251"}],"curies":[{"name":"wp","href":"https:\/\/api.w.org\/{rel}","templated":true}]}}