{"id":30061,"date":"2017-10-18T10:15:49","date_gmt":"2017-10-18T10:15:49","guid":{"rendered":"https:\/\/obscom.intervozes.org.br\/?p=30061"},"modified":"2017-10-18T14:51:14","modified_gmt":"2017-10-18T14:51:14","slug":"30061","status":"publish","type":"post","link":"https:\/\/obscom.intervozes.org.br\/?p=30061","title":{"rendered":"FNDC lan\u00e7a relat\u00f3rio da campanha Calar Jamais! na Semana pela Democratiza\u00e7\u00e3o da Comunica\u00e7\u00e3o"},"content":{"rendered":"<p><em>Semana denuncia viola\u00e7\u00f5es \u00e0 liberdade de express\u00e3o e d\u00e1 visibilidade ao tema da Democratiza\u00e7\u00e3o da Comunica\u00e7\u00e3o. Em um ano, Brasil registra mais de 70 casos de viola\u00e7\u00f5es de liberdade de express\u00e3o, de acordo com o relat\u00f3rio<\/em><\/p>\n<p><span style=\"font-weight: 400;\">O F\u00f3rum Nacional pela Democratiza\u00e7\u00e3o (FNDC) lan\u00e7ou ontem, dia 17, em Salvador-BA, o relat\u00f3rio da campanha Calar Jamais! que completou um ano desde seu lan\u00e7amento. A publica\u00e7\u00e3o traz o balan\u00e7o das viola\u00e7\u00f5es \u00e0 liberdade de express\u00e3o registradas ao longo desse per\u00edodo e faz parte das atividades da <\/span><span style=\"font-weight: 400;\">Semana Nacional pela Democratiza\u00e7\u00e3o da Comunica\u00e7\u00e3o 2017.<\/span><\/p>\n<p><span style=\"font-weight: 400;\">O relat\u00f3rio <\/span><a href=\"http:\/\/www.paraexpressaraliberdade.org.br\/download\/relatorio-calar-jamais-um-ano-de-denuncias\/\"><span style=\"font-weight: 400;\">\u201cCalar Jamais! \u2013 Um ano de den\u00fancias contra viola\u00e7\u00f5es \u00e0 liberdade de express\u00e3o\u201d<\/span><\/a><span style=\"font-weight: 400;\">, est\u00e1 organizado em sete categorias: 1) Viola\u00e7\u00f5es contra jornalistas, comunicadores sociais e meios de comunica\u00e7\u00e3o; 2) Censura a manifesta\u00e7\u00f5es art\u00edsticas; 3) Cerceamento a servidores p\u00fablicos; 4) Repress\u00e3o a protestos, manifesta\u00e7\u00f5es, movimentos sociais e organiza\u00e7\u00f5es pol\u00edticas; 5) Repress\u00e3o e censura nas escolas; 6) Censura nas redes sociais; e 7) Desmonte da comunica\u00e7\u00e3o p\u00fablica.<\/span><\/p>\n<p><span style=\"font-weight: 400;\">De acordo com o FNDC o conjunto das viola\u00e7\u00f5es relatados comprovam \u201cque pr\u00e1ticas de cerceamento \u00e0 liberdade de express\u00e3o que, j\u00e1 ocorriam no Brasil \u2013 por exemplo, em epis\u00f3dios constantes de viol\u00eancia a comunicadores e repress\u00e3o \u00e0s r\u00e1dios comunit\u00e1rias \u2013, encontraram um ambiente prop\u00edcio para se multiplicar ap\u00f3s a chegada de Michel Temer ao poder, por meio de um golpe parlamentar-jur\u00eddico-midi\u00e1tico, que resultou na multiplica\u00e7\u00e3o de protestos contra as medidas adotadas pelo governo federal e pelo Congresso Nacional\u201d.<\/span><\/p>\n<p><span style=\"font-weight: 400;\">Segundo Renata Mielli, coordenadora geral do F\u00f3rum \u00a0ao todo foram registradas 72 den\u00fancias no relat\u00f3rio. \u201cJ\u00e1 temos novas den\u00fancias que n\u00e3o tivemos tempo de incluir no relat\u00f3rio. E s\u00e3o den\u00fancias de v\u00e1rias ordens, porque a liberdade de express\u00e3o ela \u00e9 um guarda-chuva bem amplo, desde o direito e a liberdade express\u00e3o de comunicadores e jornalistas no exerc\u00edcio da sua profiss\u00e3o, a repress\u00e3o \u00e0s manifesta\u00e7\u00f5es e protestos que vem aumentando e at\u00e9 a censura a servidores p\u00fablicos que passou acontecer muito depois do golpe\u201d, declarou em entrevista \u00e0 rede TVT.<\/span><\/p>\n<p><b>Semana Nacional pela Democratiza\u00e7\u00e3o da Comunica\u00e7\u00e3o<\/b><\/p>\n<p><span style=\"font-weight: 400;\">No dia 17 de outubro \u00e9 celebrado o Dia Nacional de Luta pela Democratiza\u00e7\u00e3o da Comunica\u00e7\u00e3o e justamente para dar \u00e0 luta pela democratiza\u00e7\u00e3o da comunica\u00e7\u00e3o a dimens\u00e3o e a visibilidade que deve ter na sociedade brasileira, desde 2003 tem sido articulada a Semana Nacional pela Democratiza\u00e7\u00e3o da Comunica\u00e7\u00e3o. A iniciativa busca unificar esfor\u00e7os de v\u00e1rios setores da sociedade \u2013 estudantes, profissionais, sindicatos, organiza\u00e7\u00f5es culturais, entidades, etc. \u2013 e fortalecer a luta por mudan\u00e7as estruturais que sejam capazes de dar um novo sentido aos meios de comunica\u00e7\u00e3o no Pa\u00eds.<\/span><\/p>\n<p><span style=\"font-weight: 400;\">No Brasil, a hist\u00f3ria dos meios de comunica\u00e7\u00e3o \u00e9 marcada pela concentra\u00e7\u00e3o da propriedade em poucos grupos econ\u00f4micos, que det\u00eam o monop\u00f3lio do debate p\u00fablico. Um monop\u00f3lio a servi\u00e7o de uma elite econ\u00f4mica e que n\u00e3o tem compromisso com o interesse p\u00fablico e que segue reproduzindo um pensamento \u00fanico, fortalecendo preconceito e discrimina\u00e7\u00e3o, veiculando um discurso de \u00f3dio social e pol\u00edtico.<\/span><\/p>\n<p><span style=\"font-weight: 400;\">Para Ana Mielke, coordenadora executiva do Intervozes, \u00e9 preciso fazer da Semana Nacional pela Democratiza\u00e7\u00e3o da Comunica\u00e7\u00e3o um momento para se refletir em rela\u00e7\u00e3o \u00e0 garantia dos direitos. \u201c\u00c9 fundamental e necess\u00e1rio para se garantir a democracia no pa\u00eds que se garanta a liberdade de express\u00e3o. Sem liberdade de pensamento, sem liberdade de manifesta\u00e7\u00e3o pol\u00edtica \u00e9 imposs\u00edvel garantir um estado democr\u00e1tico. E \u00e9 isso est\u00e1 em jogo nesse momento no Brasil\u201d, alertou.<\/span><\/p>\n<p><span style=\"font-weight: 400;\">A Semana Nacional pela Democratiza\u00e7\u00e3o da Comunica\u00e7\u00e3o 2017, que come\u00e7ou no dia 15, com uma a<\/span><span style=\"font-weight: 400;\">tividade l\u00fadico\/pol\u00edtica com distribui\u00e7\u00e3o de panfletos e di\u00e1logos sobre liberdade de express\u00e3o, na Avenida Paulista, em S\u00e3o Paulo, <\/span><span style=\"font-weight: 400;\">segue at\u00e9 o dia 21 de outubro, e esse ano tem como tema central as den\u00fancias de viola\u00e7\u00f5es \u00e0 liberdade de express\u00e3o em curso no Brasil.<\/span><\/p>\n<p><span style=\"font-weight: 400;\">Confira a programa\u00e7\u00e3o atualizada:<\/span><\/p>\n<p><b>Bahia<\/b><\/p>\n<p><b>19\/10 \u2013 quinta-feira, \u00e0s 10h<\/b><\/p>\n<p><span style=\"font-weight: 400;\">Roda de Di\u00e1logo \u201cLiberdade de Express\u00e3o e Direito \u00e0 Comunica\u00e7\u00e3o em Tempos de \u00d3dio\u201d. Participa\u00e7\u00e3o de Donminique Azevedo (Coletivo Cacos) e Elizete Silva, professora da UEFS.<\/span><\/p>\n<p><span style=\"font-weight: 400;\">Local: Universidade Estadual de Feira de Santana (UEFS).<\/span><\/p>\n<p><span style=\"font-weight: 400;\">Realiza\u00e7\u00e3o: Curso de Hist\u00f3ria e TV Olhos D\u2019\u00e1gua\/ UEFS.<\/span><\/p>\n<p><b>20\/10 \u2013 sexta-feira<\/b><\/p>\n<p><span style=\"font-weight: 400;\">Evento: Programa On Line \u201cAo Vivo com as Pretas\u201d, com o tema \u201cDebatendo a Representatividade na M\u00eddia\u201d.<\/span><\/p>\n<p><span style=\"font-weight: 400;\">Local: www.facebook.com\/OdaraInstitutoDaMulherNegra<\/span><\/p>\n<p><span style=\"font-weight: 400;\">Realiza\u00e7\u00e3o: Odara \u2013 Instituto da Mulher Negra.<\/span><\/p>\n<p><b>21\/10 \u2013 s\u00e1bado<\/b><span style=\"font-weight: 400;\">,<\/span><b> \u00e0s \u00a015h<\/b><\/p>\n<p><span style=\"font-weight: 400;\">Evento: Roda de Di\u00e1logo \u201cA import\u00e2ncia da Comunica\u00e7\u00e3o Comunit\u00e1ria no processo de democratiza\u00e7\u00e3o\u201d, com participa\u00e7\u00e3o de Pola Ribeiro (ex-diretor do IRDEB), S\u00edlvio Humberto (vereador), Dina Lopes (TV Kirimur\u00ea) e Nilton Lopes (CIP\u00d3 \u2013 Comunica\u00e7\u00e3o Interativa).<\/span><\/p>\n<p><span style=\"font-weight: 400;\">Local: TV Kirimur\u00ea. Rua Engenheiro Milton de Oliveira, 20, Barra.<\/span><\/p>\n<p><span style=\"font-weight: 400;\">Realiza\u00e7\u00e3o: TV Kirimur\u00ea, Canal da Cidadania.<\/span><\/p>\n<p><b>Cear\u00e1<\/b><\/p>\n<p><b>19\/10 \u2013 quinta-feira, \u00e0s 19h<\/b><\/p>\n<p><span style=\"font-weight: 400;\">Roda de conversa \u2013 aberta, livre e plural \u2013 para refletirmos sobre tempos de afirma\u00e7\u00e3o do conservadorismo e o impacto sobre a express\u00e3o do pensamento pol\u00edtico, do exerc\u00edcio do direito \u00e0 comunica\u00e7\u00e3o e a liberdade cultural e art\u00edstica.<\/span><\/p>\n<p><span style=\"font-weight: 400;\">Zineteca de Fortaleza \u2013 Intervozes \u2013 Nig\u00e9ria \u2013 Aparecidos Pol\u00edticos \u2013 Servilost<\/span><\/p>\n<p><span style=\"font-weight: 400;\">Local: P\u00e1tio Interno do Curso de Hist\u00f3ria do Centro de Humanidades II (Av. da Universidade, 2762 \u2013 Benfica\/Fortaleza)<\/span><\/p>\n<p><b>Distrito Federal<\/b><\/p>\n<p><b>19\/10 \u00a0\u2013 quinta-feira, das 17h \u00e0s 19h<\/b><\/p>\n<p><span style=\"font-weight: 400;\">Atividade CACOM Semana FAC que Queremos<br \/>\n<\/span><span style=\"font-weight: 400;\">Assembleia \u201cM\u00eddias da UnB e liberdade de express\u00e3o e manifesta\u00e7\u00e3o na Universidade\u201d<br \/>\n<\/span><span style=\"font-weight: 400;\">Local: \u00a0Prainha da FAC ou audit\u00f3rio FAC \u2013 campus Darcy Ribeiro \u2013 UnB<\/span><\/p>\n<p><b>19h30<\/b><\/p>\n<p><span style=\"font-weight: 400;\">Desafios da Internet: acesso, neutralidade, privacidade e liberdade de express\u00e3o<br \/>\n<\/span><span style=\"font-weight: 400;\">Kimberly Anastacio \u2013 Coding Rights;<br \/>\n<\/span><span style=\"font-weight: 400;\">Sivaldo Pereira \u2013 FAC\/UnB<br \/>\n<\/span><span style=\"font-weight: 400;\">Marcos Urup\u00e1 \u2013 Intervozes<br \/>\n<\/span><span style=\"font-weight: 400;\">Jonas Valente \u2013 Coaliz\u00e3o Direitos na Rede<br \/>\n<\/span><span style=\"font-weight: 400;\">Local: Caf\u00e9 Objeto Encontrado (SQN 102, Bl. B)<\/span><\/p>\n<p><b>21\/10 \u2013 s\u00e1bado, \u00e0s 15h<\/b><\/p>\n<p><span style=\"font-weight: 400;\">Roda de conversa sobre Estado de Exce\u00e7\u00e3o e Liberdade de Express\u00e3o no Brasil<br \/>\n<\/span><span style=\"font-weight: 400;\">Local: Feira da Torre de TV (tenda branca que fica entre as pra\u00e7as de alimenta\u00e7\u00e3o)<\/span><\/p>\n<p><b>Minas Gerais<\/b><\/p>\n<p><span style=\"font-weight: 400;\">Belo Horizonte<\/span><\/p>\n<p><b>18\/10 \u2013 quarta-feira, \u00e0s 16h<\/b><\/p>\n<p><span style=\"font-weight: 400;\">Oficina de DeepWeb e pr\u00e1ticas de seguran\u00e7a na internet, oferecida pelo Movimento Pirata Minas Gerais<\/span><\/p>\n<p><span style=\"font-weight: 400;\">Local: DCE da PUC-Minas, Pr\u00e9dio 21 da PUC Minas, Avenida Dom Jos\u00e9 Gaspar, 500 (Cora\u00e7\u00e3o Eucar\u00edstico)<\/span><\/p>\n<p><span style=\"font-weight: 400;\">Descri\u00e7\u00e3o: Forma\u00e7\u00e3o pr\u00e1tica \u00e0 seguran\u00e7a web com Jo\u00e3o Moreno, estudante de Engenharia El\u00e9trica, especialista em software livre, hardware livre, criptografia e seguran\u00e7a digital. Faz parte do laborat\u00f3rio INSCRYPT (Information Security Cryptography, Privacy and Transparency) da UFMG, onde s\u00e3o estudados e desenvolvidos protocolos e sistemas cryptogr\u00e1ficos.<\/span><\/p>\n<p><b>19\/10 \u2013 quinta-feira, \u00e0s 13h<\/b><\/p>\n<p><span style=\"font-weight: 400;\">Ato p\u00fablico de rua: Pelo Direito \u00e0 Comunica\u00e7\u00e3o em Minas Gerais!<\/span><\/p>\n<p><span style=\"font-weight: 400;\">Local: Pra\u00e7a da Liberdade<\/span><\/p>\n<p><span style=\"font-weight: 400;\">Descri\u00e7\u00e3o: atividades em dialogo com a sociedade em torno da import\u00e2ncia da defesa do direito \u00e0 comunica\u00e7\u00e3o e entrega do bolo de 1 ano ao Governador por promessas n\u00e3o cumpridas na comunica\u00e7\u00e3o p\u00fablica.<\/span><\/p>\n<p><b>20\/10 \u00a0\u2013 sexta-feira, \u00e0s 14h<\/b><\/p>\n<p><span style=\"font-weight: 400;\">Semin\u00e1rio \u201cOs silenciamentos da m\u00eddia\u201d, organizado pelo Grupo de Estudos em M\u00eddia e Discurso (M\u00edD) da PUC Minas e FNDC<\/span><\/p>\n<p><span style=\"font-weight: 400;\">Local: Sindicato dos Jornalistas Profissionais de Minas Gerais, Avenida Alvares Cabral, 400 (Centro)<\/span><\/p>\n<p><span style=\"font-weight: 400;\">Convidada\/os:<\/span><\/p>\n<p><span style=\"font-weight: 400;\">Angela Carrato (jornalista, professora da UFMG)<\/span><\/p>\n<p><span style=\"font-weight: 400;\">Danielle Sarah Oliveira (estudante secundarista)<\/span><\/p>\n<p><span style=\"font-weight: 400;\">Eliara Santana (jornalista, doutoranda em An\u00e1lise do Discurso, PPGL PUC Minas, e bolsista CAPES)<\/span><\/p>\n<p><span style=\"font-weight: 400;\">mediador: Robson S\u00e1vio (professor da PUC Minas, membro da Comiss\u00e3o da Verdade)<\/span><\/p>\n<p><b>21\/10 \u2013 s\u00e1bado, \u00e0s 9h30<\/b><\/p>\n<p><span style=\"font-weight: 400;\">\u201cConversa com o FNDC\u201d no Semin\u00e1rio de movimentos sociais do curso de Servi\u00e7o Social PUC Minas<\/span><\/p>\n<p><span style=\"font-weight: 400;\">Local: Sala 216 pr\u00e9dio 47 PUC Minas, ICS instituto de ci\u00eancias sociais. Avenida Dom Jos\u00e9 Gaspar, 500, (Cora\u00e7\u00e3o Eucar\u00edstico)<\/span><\/p>\n<p><span style=\"font-weight: 400;\">Descri\u00e7\u00e3o: Palestra com Florence Poznanski, secret\u00e1ria geral do comit\u00ea FNDC-MG<\/span><\/p>\n<p><b>14h<\/b><\/p>\n<p><span style=\"font-weight: 400;\">Roda de Conversa \u201cWeb, M\u00eddia e resist\u00eancia: pelo fim de todos os latif\u00fandios\u201d<\/span><\/p>\n<p><span style=\"font-weight: 400;\">Hor\u00e1rio: 14hs<\/span><\/p>\n<p><span style=\"font-weight: 400;\">Local: a confirmar<\/span><\/p>\n<p><span style=\"font-weight: 400;\">Descri\u00e7\u00e3o: Mesa de abertura da Plen\u00e1ria Estadual do FNDC-MG aberta ao p\u00fablico. A proposta da roda \u00e9 contextualizar os desafios atuais da luta pela m\u00eddia democr\u00e1tica e para preserva\u00e7\u00e3o de uma Internet livre.<\/span><\/p>\n<p><span style=\"font-weight: 400;\">Convidadas\/os:<\/span><\/p>\n<p><span style=\"font-weight: 400;\">Margarida Salom\u00e3o, Deputada Federal (PT\/MG)<\/span><\/p>\n<p><span style=\"font-weight: 400;\">Aurea Carolina e\/ou Cida Falabella, Vereadoras em Belo Horizonte (PSOL)<\/span><\/p>\n<p><span style=\"font-weight: 400;\">Um\/a representante do movimento hacktivista (aguardar confirma\u00e7\u00e3o)<\/span><\/p>\n<p><b>22\/10 \u2013 domingo 9h<\/b><\/p>\n<p><span style=\"font-weight: 400;\">20\u00b0 Plen\u00e1ria Estadual do FNDC-MG<\/span><\/p>\n<p><span style=\"font-weight: 400;\">Local: Sindicato dos Jornalistas Profissionais de Minas Gerais, Avenida Alvares Cabral, 400 (Centro)<\/span><\/p>\n<p><span style=\"font-weight: 400;\">Descri\u00e7\u00e3o: Reuni\u00e3o das entidades membros do FNDC-MG para realiza\u00e7\u00e3o do balan\u00e7o da atual coordena\u00e7\u00e3o, defini\u00e7\u00e3o do plano estrat\u00e9gico para os pr\u00f3ximos 2 anos e elei\u00e7\u00e3o da nova coordena\u00e7\u00e3o.<\/span><\/p>\n<p><span style=\"font-weight: 400;\">Formul\u00e1rio de inscri\u00e7\u00e3o: https:\/\/goo.gl\/forms\/pFqD4CaYv1kIHcqu1<\/span><\/p>\n<p><b>S\u00e3o Jo\u00e3o Del Rei<\/b><\/p>\n<p><b>20\/10 \u00a0\u2013 sexta-feira, \u00e0s 16h<\/b><\/p>\n<p><span style=\"font-weight: 400;\">cine-debate (ainda sem nome oficial)<\/span><\/p>\n<p><span style=\"font-weight: 400;\">Local: a confirmar<\/span><\/p>\n<p><span style=\"font-weight: 400;\">Descri\u00e7\u00e3o: exibi\u00e7\u00e3o de filme document\u00e1rio e debate sobre a falta de participa\u00e7\u00e3o\/protagonismo popular na comunica\u00e7\u00e3o. Organizado pelos Projetos de extens\u00e3o da UFSJ: Jornal Delas e Voz do Morro.<\/span><\/p>\n<p><b>Para\u00edba<\/b><\/p>\n<p><b>Campina Grande<\/b><\/p>\n<p><b>19\/10 \u2013 Quinta-feira, \u00e0s 20h<\/b><\/p>\n<p><span style=\"font-weight: 400;\">Mesa redonda Enecos e Intervozes<\/span><\/p>\n<p><span style=\"font-weight: 400;\">Local: Universidade Federal de Campina Grande (UFCG)<\/span><\/p>\n<p><b>Pernambuco<\/b><\/p>\n<p><b>18\/10 \u2013 quarta-feira, \u00e0s 8h<\/b><\/p>\n<p><span style=\"font-weight: 400;\">Audi\u00eancia P\u00fablica do Minist\u00e9rio P\u00fablico de Pernambuco (MPPE) sobre viola\u00e7\u00f5es de direitos humanos pela TV Jornal, Folha de Pernambuco e R\u00e1dio Globo. Local: MPPE, Rua Visconde de Suassuna, Boa vista.<\/span><\/p>\n<p><b>18h <\/b><\/p>\n<p><span style=\"font-weight: 400;\">Lan\u00e7amento do document\u00e1rio Direitos Violados, dos estudantes do Observat\u00f3rio de M\u00eddia da UFPE + roda de di\u00e1logo sobre o papel dos observat\u00f3rios de m\u00eddia.<\/span><\/p>\n<p><span style=\"font-weight: 400;\">Local: Unicap.<\/span><\/p>\n<p><b>19\/10 \u2013 quinta-feira, \u00e0s 9h<\/b><\/p>\n<p><span style=\"font-weight: 400;\">Oficina de Leitura Cr\u00edtica da M\u00eddia do Observat\u00f3rio de M\u00eddia da UFPE.<\/span><\/p>\n<p><span style=\"font-weight: 400;\">Local: Centro de Artes e Comunica\u00e7\u00e3o, Sala 20, UFPE.<\/span><\/p>\n<p><b>20\/10 \u2013 sexta-feira, \u00e0s 16h<\/b><\/p>\n<p><span style=\"font-weight: 400;\">Roda de di\u00e1logo sobre Direito \u00e0 Comunica\u00e7\u00e3o com batucada da Marcha Mundial das Mulheres.<\/span><\/p>\n<p><span style=\"font-weight: 400;\">Local: Edf. PE \u2013 Sexto andar. *Para mulheres e companheiras da MMM.<\/span><\/p>\n<p><b>18h <\/b><\/p>\n<p><span style=\"font-weight: 400;\">Ato de Rua \u2013 Impacto das Reformas Trabalhistas e da Previd\u00eancia na vida das mulheres (Fopecom\/Marcha Mundial das Mulheres)<\/span><\/p>\n<p><b>23\/10 \u2013 segunda-feira, \u00e0s 14h<\/b><\/p>\n<p><span style=\"font-weight: 400;\">Audi\u00eancia P\u00fablico do Minist\u00e9rio P\u00fablico de Pernambuco (MPPE) sobre viola\u00e7\u00f5es de direitos humanos pelo Jornal Aqui PE.<\/span><\/p>\n<p><span style=\"font-weight: 400;\">Local: MPPE, Rua Visconde de Suassuna, Boa vista.<\/span><\/p>\n<p><b>Rio de Janeiro<\/b><\/p>\n<p><b>18\/10, quarta-feira, das 16h \u00e0s 19h<\/b><\/p>\n<p><span style=\"font-weight: 400;\">Audi\u00eancia P\u00fablica aberta, na Cinel\u00e2ndia, junto com as Frentes Parlamentares (Municipal Rio e Estadual), com atividades culturais (esquete de teatro, m\u00fasicas, poesia, exposi\u00e7\u00e3o) e microfone aberto.<\/span><\/p>\n<p><b>Das 19h \u00e0s 21h<\/b><\/p>\n<p><span style=\"font-weight: 400;\">Audi\u00eancia p\u00fablica sobre \u2018fomento para m\u00eddias populares e alternativas\u2019, em Niter\u00f3i, iniciativa do mandato do Vereador Leonardo Giordano (PCdoB), com o Franklin Martins como um dos debatedores.<\/span><\/p>\n<p><b>Das 19h30 \u00e0s 21h30<\/b><\/p>\n<p><span style=\"font-weight: 400;\">Roda de Conversa: Viol\u00eancia de G\u00eanero na Internet<\/span><\/p>\n<p><span style=\"font-weight: 400;\">-Joana Varon (<\/span><a href=\"https:\/\/www.facebook.com\/codingrights\/\"><span style=\"font-weight: 400;\">Coding Rights<\/span><\/a><span style=\"font-weight: 400;\">)<\/span><\/p>\n<p><span style=\"font-weight: 400;\">-Manu Justo (Feminista, soci\u00f3loga e fot\u00f3grafa. Mentora do projeto Puta Que Pariu. Conhe\u00e7a aqui: <\/span><a href=\"https:\/\/www.facebook.com\/manujustofotografia\/\"><span style=\"font-weight: 400;\">Manu Justo Fotografia<\/span><\/a><span style=\"font-weight: 400;\">)<\/span><\/p>\n<p><span style=\"font-weight: 400;\">-Jhessica Reia (Pesquisadora e l\u00edder de projeto do <\/span><a href=\"https:\/\/www.facebook.com\/ctsfgv\/\"><span style=\"font-weight: 400;\">Centro de Tecnologia e Sociedade (CTS\/FGV)<\/span><\/a><\/p>\n<p><span style=\"font-weight: 400;\">-Julia Boardman (jornalista)<\/span><\/p>\n<p><span style=\"font-weight: 400;\">\u2013 Iara Moura e Oona Castro (<\/span><a href=\"https:\/\/www.facebook.com\/intervozes\/\"><span style=\"font-weight: 400;\">Intervozes)<\/span><\/a><\/p>\n<p><b>19\/10 \u2013 quinta-feira<\/b><\/p>\n<p><span style=\"font-weight: 400;\">Atividade em conjunto com o coletivo \u2018A Esquerda na Pra\u00e7a\u2019 (detalhes a serem fechados)<\/span><\/p>\n<p><b>S\u00e3o Paulo<\/b><\/p>\n<p><b>18\/10 \u2013 quarta-feira, \u00e0s 19 horas<\/b><\/p>\n<p><span style=\"font-weight: 400;\">Debate \u201cA imprensa e a badalada recupera\u00e7\u00e3o a economia\u201d, com Leda Paulani, Marilane Teixeira e Marcio Pochmann. Ciclo de Debates no Bar\u00e3o de Itarar\u00e9.<br \/>\n<\/span><span style=\"font-weight: 400;\">Local: Rego Freitas, 454, 8\u00aa andar, Rep\u00fablica.<\/span><\/p>\n<p><b>20\/10 \u2013 sexta-feira, \u00e0s 19h<\/b><\/p>\n<p><span style=\"font-weight: 400;\">\u201cOs efeitos da midi\u00e1tica opera\u00e7\u00e3o Lava Jato\u201d, com Eug\u00eanio Arag\u00e3o, Paulo Moreira Leite e Valeska Zanin. Ciclo de Debates no Bar\u00e3o de Itarar\u00e9.<br \/>\n<\/span><span style=\"font-weight: 400;\">Local: Rego Freitas, 454, 8\u00aa andar, Rep\u00fablica.<\/span><\/p>\n<p><b>21\/10 \u2013 s\u00e1bado, \u00e0s 9h30<\/b><\/p>\n<p><span style=\"font-weight: 400;\">Semin\u00e1rio \u201cJornalistas e os impactos da reforma trabalhista\u201d. no Audit\u00f3rio Vladimir Herzog, em S\u00e3o Paulo. O encontro \u00e9 promovido pelo Sindicato dos Jornalistas Profissionais no Estado de S\u00e3o Paulo (SJSP).<br \/>\n<\/span><span style=\"font-weight: 400;\">Local: Rua R\u00eago de Freitas, 530, Rep\u00fablica.<\/span><\/p>\n<p><b>Rio Grande do Sul<\/b><\/p>\n<p><span style=\"font-weight: 400;\">O Comit\u00ea Ga\u00facho do FNDC definiu que realizar\u00e1 nos pr\u00f3ximos dias 27 e 28 de outubro o 1\u00ba Encontro Ga\u00facho pelo Direito \u00e0 Comunica\u00e7\u00e3o (EGDC), com o apoio da Faculdade de Biblioteconomia e Comunica\u00e7\u00e3o (Fabico) da Universidade Federal do Rio Grande do Sul (UFRGS).<\/span><\/p>\n<p><span style=\"font-weight: 400;\">O EGDC ser\u00e1 realizado nas depend\u00eancias da Fabico da UFRGS, na Avenida Ramiro Barcelos, 2705, no bairro Santana, em Porto Alegre.<\/span><\/p>\n<p><span style=\"font-weight: 400;\">As inscri\u00e7\u00f5es ser\u00e3o gratuitas e j\u00e1 se encontram abertas, atrav\u00e9s do preenchimento de formul\u00e1rio online, informando nome, e-mail, profiss\u00e3o e entidade\/movimento, e escolhendo um dos quatro pain\u00e9is tem\u00e1ticos para participa\u00e7\u00e3o.<\/span><\/p>\n<p><span style=\"font-weight: 400;\">Acesse: <\/span><a href=\"https:\/\/l.facebook.com\/l.php?u=https%3A%2F%2Fdocs.google.com%2Fforms%2Fd%2Fe%2F1FAIpQLSeJUFQvkFM5r3TBjD8a7GoVbj5DzZC_YnaatkZS3AGzNemFcA%2Fviewform%3Fusp%3Dsf_link&amp;h=ATN8_bMibUgEEsQ8VBRZNdd5dQvjTv0Jb6vlBFb9J9KEsPm3kWB80H_OHVkhTzw5vKXgtR8Fa9GJpZazJMMRPi6EIQovSCNRSBLHkQbTf2ch_s3oWt8VmrhOMUwTA-WTgqYBAzfirDdww_66bs39f3FliwJjqjlPh6ds6Pg6cfYesXiJv9csWkd0ucyh_w3oNibSPhBEXpfVJtN6XXunKE_oD4R3Pv8w84MRslZV5Iowo6KNSCn4DmeymdbXX1z1liE0jC0oV0siIoZ8MNsc6tyvHtDsDCkjioQGhFikE69SVP3x5Jm3NkB31g\"><span style=\"font-weight: 400;\">https:\/\/docs.google.com\/\u2026\/1FAIpQLSeJUFQvkFM5r3TBj\u2026\/viewform\u2026<\/span><\/a><\/p>\n<p><b>Sexta \u2013 27 de outubro<\/b><\/p>\n<p><span style=\"font-weight: 400;\">18h \u2013 Abertura: Comit\u00ea Ga\u00facho do FNDC e Fabico-Ufrgs<\/span><\/p>\n<p><span style=\"font-weight: 400;\">18h30 \u2013 Depoimentos de viola\u00e7\u00f5es \u00e0 liberdade de express\u00e3o<\/span><\/p>\n<p><span style=\"font-weight: 400;\">19h15 \u00e0s 21h30 \u2013 Painel: O papel da m\u00eddia na constru\u00e7\u00e3o do golpe<\/span><\/p>\n<p><span style=\"font-weight: 400;\">Christa Berger \u2013 professora da UFRGS<\/span><\/p>\n<p><span style=\"font-weight: 400;\">Mois\u00e9s Mendes \u2013 jornalista<\/span><\/p>\n<p><span style=\"font-weight: 400;\">Benedito Tadeu C\u00e9sar \u2013 cientista pol\u00edtico e professor aposentado da UFRGS<\/span><\/p>\n<p><b>S\u00e1bado \u2013 28 de outubro<\/b><\/p>\n<p><span style=\"font-weight: 400;\">9h30 \u00e0s 12h30 \u2013 Painel: Alternativas para a democratiza\u00e7\u00e3o da comunica\u00e7\u00e3o<\/span><\/p>\n<p><span style=\"font-weight: 400;\">Renata Mielli \u2013 jornalista e coordenadora nacional do FNDC<\/span><\/p>\n<p><span style=\"font-weight: 400;\">Neusa Ribeiro \u2013 professora aposentada da Feevale<\/span><\/p>\n<p><span style=\"font-weight: 400;\">Marco Aur\u00e9lio Weissheimer \u2013 rep\u00f3rter do Sul21<\/span><\/p>\n<p><span style=\"font-weight: 400;\">Pedro Os\u00f3rio \u2013 jornalista e professor da Unisinos<\/span><\/p>\n<p><span style=\"font-weight: 400;\">14h \u00e0s 16h \u2013 Pain\u00e9is tem\u00e1ticos<\/span><\/p>\n<ol>\n<li style=\"font-weight: 400;\"><span style=\"font-weight: 400;\">Desafios da comunica\u00e7\u00e3o comunit\u00e1ria e alternativa<\/span><\/li>\n<\/ol>\n<p><span style=\"font-weight: 400;\">Ilza Girardi \u2013 professora e vice-diretora da Fabico da UFRGS<\/span><\/p>\n<p><span style=\"font-weight: 400;\">Guilherme Fernandes de Oliveira \u2013 rep\u00f3rter da TVT<\/span><\/p>\n<p><span style=\"font-weight: 400;\">Lu\u00eds Eduardo Gomes \u2013 jornalista do Sul21<\/span><\/p>\n<p><span style=\"font-weight: 400;\">Rosina Duarte \u2013 jornalista do jornal Boca de Rua<\/span><\/p>\n<ol>\n<li style=\"font-weight: 400;\"><span style=\"font-weight: 400;\">A m\u00eddia e a luta contra o racismo e a discrimina\u00e7\u00e3o de g\u00eanero<\/span><\/li>\n<\/ol>\n<p><span style=\"font-weight: 400;\">Vera Daisy Barcellos \u2013 presidenta da Comiss\u00e3o Nacional de \u00c9tica da Fenaj<\/span><\/p>\n<p><span style=\"font-weight: 400;\">Sandra de Deus \u2013 jornalista e professora da UFRGS<\/span><\/p>\n<p><span style=\"font-weight: 400;\">T\u00e9lia Negr\u00e3o \u2013 jornalista e ex-coordenadora do Coletivo Feminino Plural<\/span><\/p>\n<ol>\n<li style=\"font-weight: 400;\"><span style=\"font-weight: 400;\">O monop\u00f3lio da m\u00eddia e o ataque aos direitos trabalhistas e previdenci\u00e1rios<\/span><\/li>\n<\/ol>\n<p><span style=\"font-weight: 400;\">Claudir Nespolo \u2013 presidente da CUT-RS<\/span><\/p>\n<p><span style=\"font-weight: 400;\">Guiomar Vidor \u2013 presidente da CTB-RS<\/span><\/p>\n<p><span style=\"font-weight: 400;\">Antonio Carlos Porto Jr \u2013 advogado trabalhista<\/span><\/p>\n<ol>\n<li style=\"font-weight: 400;\"><span style=\"font-weight: 400;\">O desmonte da comunica\u00e7\u00e3o p\u00fablica<\/span><\/li>\n<\/ol>\n<p><span style=\"font-weight: 400;\">Maria Helena Weber \u2013 professora da UFRGS<\/span><\/p>\n<p><span style=\"font-weight: 400;\">Jos\u00e9 Roberto Garcez \u2013 jornalista e ex-presidente da Funda\u00e7\u00e3o Piratini<\/span><\/p>\n<p><span style=\"font-weight: 400;\">Cristina Char\u00e3o \u2013 jornalista da TVE<\/span><\/p>\n<p><span style=\"font-weight: 400;\">16h \u2013 Plen\u00e1ria Estadual do FNDC<\/span><\/p>\n<p><span style=\"font-weight: 400;\">18h \u2013 Encerramento<\/span><\/p>\n<p><b>Participe da Semana DemoCom!<\/b><\/p>\n<p><i><span style=\"font-weight: 400;\">Por Ram\u00eania Vieira \u2013 Rep\u00f3rter do Observat\u00f3rio do Direito \u00e0 Comunica\u00e7\u00e3o<\/span><\/i><\/p>\n","protected":false},"excerpt":{"rendered":"<p>Semana denuncia viola\u00e7\u00f5es \u00e0 liberdade de express\u00e3o e d\u00e1 visibilidade ao tema da Democratiza\u00e7\u00e3o da Comunica\u00e7\u00e3o. Em um ano, Brasil registra mais de 70 casos de viola\u00e7\u00f5es de liberdade de express\u00e3o, de acordo com o relat\u00f3rio<\/p>\n","protected":false},"author":6,"featured_media":0,"comment_status":"open","ping_status":"open","sticky":false,"template":"","format":"standard","meta":{"footnotes":""},"categories":[40],"tags":[327,90,1834,1833],"_links":{"self":[{"href":"https:\/\/obscom.intervozes.org.br\/index.php?rest_route=\/wp\/v2\/posts\/30061"}],"collection":[{"href":"https:\/\/obscom.intervozes.org.br\/index.php?rest_route=\/wp\/v2\/posts"}],"about":[{"href":"https:\/\/obscom.intervozes.org.br\/index.php?rest_route=\/wp\/v2\/types\/post"}],"author":[{"embeddable":true,"href":"https:\/\/obscom.intervozes.org.br\/index.php?rest_route=\/wp\/v2\/users\/6"}],"replies":[{"embeddable":true,"href":"https:\/\/obscom.intervozes.org.br\/index.php?rest_route=%2Fwp%2Fv2%2Fcomments&post=30061"}],"version-history":[{"count":6,"href":"https:\/\/obscom.intervozes.org.br\/index.php?rest_route=\/wp\/v2\/posts\/30061\/revisions"}],"predecessor-version":[{"id":30063,"href":"https:\/\/obscom.intervozes.org.br\/index.php?rest_route=\/wp\/v2\/posts\/30061\/revisions\/30063"}],"wp:attachment":[{"href":"https:\/\/obscom.intervozes.org.br\/index.php?rest_route=%2Fwp%2Fv2%2Fmedia&parent=30061"}],"wp:term":[{"taxonomy":"category","embeddable":true,"href":"https:\/\/obscom.intervozes.org.br\/index.php?rest_route=%2Fwp%2Fv2%2Fcategories&post=30061"},{"taxonomy":"post_tag","embeddable":true,"href":"https:\/\/obscom.intervozes.org.br\/index.php?rest_route=%2Fwp%2Fv2%2Ftags&post=30061"}],"curies":[{"name":"wp","href":"https:\/\/api.w.org\/{rel}","templated":true}]}}