{"id":30052,"date":"2017-10-13T10:54:13","date_gmt":"2017-10-13T10:54:13","guid":{"rendered":"https:\/\/obscom.intervozes.org.br\/?p=30052"},"modified":"2017-10-16T17:55:14","modified_gmt":"2017-10-16T17:55:14","slug":"comeca-a-semana-nacional-pela-democratizacao-da-comunicacao-2017-confira-a-programacao","status":"publish","type":"post","link":"https:\/\/obscom.intervozes.org.br\/?p=30052","title":{"rendered":"Come\u00e7a a Semana Nacional Pela Democratiza\u00e7\u00e3o da Comunica\u00e7\u00e3o 2017. Confira a programa\u00e7\u00e3o!"},"content":{"rendered":"<p><em><span style=\"font-weight: 400;\">Semana\u00a0ir\u00e1 denunciar viola\u00e7\u00f5es \u00e0 liberdade de express\u00e3o e dar visibilidade ao tema da Democratiza\u00e7\u00e3o da Comunica\u00e7\u00e3o<\/span><\/em><\/p>\n<p><span style=\"font-weight: 400;\">A Semana Nacional pela Democratiza\u00e7\u00e3o da Comunica\u00e7\u00e3o 2017, que acontece entre os dias 15 e 21 de outubro, contar\u00e1 com a articula\u00e7\u00e3o de entidades de diversos setores da sociedade civil para debates, semin\u00e1rios, atos, atividades pol\u00edticas e culturais em diversos estados de todo pa\u00eds com \u00eanfase na den\u00fancia de viola\u00e7\u00f5es \u00e0 liberdade de express\u00e3o em curso no Brasil.<\/span><\/p>\n<p><span style=\"font-weight: 400;\">As entidades que integram o F\u00f3rum Nacional pela Democratiza\u00e7\u00e3o da Comunica\u00e7\u00e3o (FNDC) definiram esse tema com base na atual conjuntura, onde multiplicam-se casos de repress\u00e3o a protestos e manifestantes, censura privada ou judicial de conte\u00fados na internet e na m\u00eddia, decis\u00f5es judiciais e medidas administrativas contra manifesta\u00e7\u00f5es art\u00edsticas e culturais, aumento da viol\u00eancia contra comunicadores, desmonte da comunica\u00e7\u00e3o p\u00fablica, cerceamento de vozes dissonantes na imprensa, al\u00e9m de v\u00e1rias outras iniciativas que contribuem para calar a diversidade de ideias, opini\u00f5es e pensamento em nosso pa\u00eds. \u00a0<\/span><\/p>\n<p><span style=\"font-weight: 400;\">Esse tema vem sendo trabalhado pelo FNDC desde outubro do ano passado quando foi lan\u00e7ada a campanha \u201cCalar Jamais!\u201d que visa chamar aten\u00e7\u00e3o para a escalada de viola\u00e7\u00f5es de direitos dos cidad\u00e3os. A campanha conta com uma plataforma online que recebe den\u00fancias de viola\u00e7\u00f5es \u00e0 liberdade de express\u00e3o. No dia 17 de outubro de 2017, durante a Semana Nacional pela Democratiza\u00e7\u00e3o da Comunica\u00e7\u00e3o, em Salvador (BA), ser\u00e1 lan\u00e7ado o relat\u00f3rio de um ano de campanha, que destaca os principais casos constatados no per\u00edodo. A atividade marcar\u00e1 um ano desde o in\u00edcio da &#8220;Calar Jamais!&#8221; e ser\u00e1 um momento de mobiliza\u00e7\u00e3o e intensifica\u00e7\u00e3o da luta em defesa do direito \u00e0 comunica\u00e7\u00e3o no pa\u00eds. O lan\u00e7amento acontecer\u00e1 durante o semin\u00e1rio internacional preparat\u00f3rio para o F\u00f3rum Social Mundial (FSM) 2018. \u00a0<\/span><\/p>\n<p><span style=\"font-weight: 400;\">Essas den\u00fancias ser\u00e3o enviadas tamb\u00e9m para organiza\u00e7\u00f5es nacionais e internacionais de defesa dos direitos humanos, como o Minist\u00e9rio P\u00fablico Federal, o Conselho Nacional de Direitos Humanos e as Relatorias para a Liberdade de Express\u00e3o da Organiza\u00e7\u00e3o dos Estados Americanos (OEA) e da Organiza\u00e7\u00e3o das Na\u00e7\u00f5es Unidas (ONU).<\/span><\/p>\n<p><span style=\"font-weight: 400;\">Al\u00e9m do lan\u00e7amento do relat\u00f3rio, a Semana Nacional pela Democratiza\u00e7\u00e3o da Comunica\u00e7\u00e3o contar\u00e1 com atividades em diferentes estados sobre comunica\u00e7\u00e3o p\u00fablica, o papel da m\u00eddia na atual crise pol\u00edtica, regula\u00e7\u00e3o democr\u00e1tica dos meios de comunica\u00e7\u00e3o, acesso, privacidade e liberdade de express\u00e3o na internet, entre outros.<\/span><\/p>\n<p><span style=\"font-weight: 400;\">Confira a programa\u00e7\u00e3o que estar\u00e1 em constante atualiza\u00e7\u00e3o aqui no site:<\/span><\/p>\n<p><strong>Bahia<\/strong><\/p>\n<p><strong>16\/10 &#8211; segunda-feira, \u00e0s 14h<\/strong><br \/>\nRoda de di\u00e1logo sobre \u201cDemocratiza\u00e7\u00e3o da Comunica\u00e7\u00e3o\u201d e exibi\u00e7\u00e3o do Document\u00e1rio \u201cJ\u00falio quer saber\u201d, com a participa\u00e7\u00e3o de Alex Hercog e Pedro Vila\u00e7a do Intervozes.<br \/>\nLocal: Faculdade de Comunica\u00e7\u00e3o. Universidade do Estado da Bahia (UNEB), Campus I, Rua Silveira Martins, 2555, Cabula, Salvador.<\/p>\n<p><strong>17\/10 &#8211; ter\u00e7a-feira, \u00e0s 11h<\/strong><br \/>\nAbertura da Semana Nacional pela Democratiza\u00e7\u00e3o da Comunica\u00e7\u00e3o.<br \/>\nLocal: Audit\u00f3rio do Pavilh\u00e3o de Aulas Glauber Rocha, Universidade Federal da Bahia (UFBA), Av. Adhemar de Barros, Ondina.<br \/>\nRealiza\u00e7\u00e3o: F\u00f3rum Nacional pela Democratiza\u00e7\u00e3o da Comunica\u00e7\u00e3o (FNDC).<\/p>\n<p><strong>21h<\/strong><br \/>\nExibi\u00e7\u00e3o do TVE Debate sobre \u201cDemocratiza\u00e7\u00e3o da Comunica\u00e7\u00e3o\u201d, com participa\u00e7\u00e3o de Alex Hercog (CBCom\/Intervozes), Dina Lopes (TV Kirimur\u00ea\/Canal da Cidadania), Robinson Almeida (Deputado Federal) e Ney Bandeira (TV Aratu).<br \/>\nLocal: canal 10.1, TVE Bahia.<br \/>\nRealiza\u00e7\u00e3o: Instituto de Radiodifus\u00e3o Educativa da Bahia (IRDEB).<\/p>\n<p>19\/10 &#8211; quinta-feira, \u00e0s 10h<br \/>\nRoda de Di\u00e1logo \u201cLiberdade de Express\u00e3o e Direito \u00e0 Comunica\u00e7\u00e3o em Tempos de \u00d3dio\u201d. Participa\u00e7\u00e3o de Donminique Azevedo (Coletivo Cacos) e Elizete Silva, professora da UEFS.<br \/>\nLocal: Universidade Estadual de Feira de Santana (UEFS).<br \/>\nRealiza\u00e7\u00e3o: Curso de Hist\u00f3ria e TV Olhos D\u2019\u00e1gua\/ UEFS.<\/p>\n<p><strong>20\/10 &#8211; sexta-feira<\/strong><br \/>\nEvento: Programa On Line \u201cAo Vivo com as Pretas\u201d, com o tema \u201cDebatendo a Representatividade na M\u00eddia\u201d.<br \/>\nLocal: www.facebook.com\/OdaraInstitutoDaMulherNegra<br \/>\nRealiza\u00e7\u00e3o: Odara \u2013 Instituto da Mulher Negra.<\/p>\n<p><strong>21\/10 &#8211; s\u00e1bado<\/strong>,<strong>\u00a0\u00e0s\u00a0 15h<\/strong><br \/>\nEvento: Roda de Di\u00e1logo \u201cA import\u00e2ncia da Comunica\u00e7\u00e3o Comunit\u00e1ria no processo de democratiza\u00e7\u00e3o\u201d, com participa\u00e7\u00e3o de Pola Ribeiro (ex-diretor do IRDEB), S\u00edlvio Humberto (vereador), Dina Lopes (TV Kirimur\u00ea) e Nilton Lopes (CIP\u00d3 \u2013 Comunica\u00e7\u00e3o Interativa).<br \/>\nLocal: TV Kirimur\u00ea. Rua Engenheiro Milton de Oliveira, 20, Barra.<br \/>\nRealiza\u00e7\u00e3o: TV Kirimur\u00ea, Canal da Cidadania.<\/p>\n<p><strong>Cear\u00e1<\/strong><\/p>\n<p><b>19\/10 &#8211; quinta-feira, \u00e0s 19h<\/b><\/p>\n<p>Roda de conversa &#8211; aberta, livre e plural &#8211; para refletirmos sobre tempos de afirma\u00e7\u00e3o do conservadorismo e o impacto sobre a express\u00e3o do pensamento pol\u00edtico, do exerc\u00edcio do direito \u00e0 comunica\u00e7\u00e3o e a liberdade cultural e art\u00edstica.<br \/>\nZineteca de Fortaleza &#8211; Intervozes &#8211; Nig\u00e9ria &#8211; Aparecidos Pol\u00edticos &#8211; Servilost<br \/>\nLocal:\u00a0P\u00e1tio Interno do Curso de Hist\u00f3ria do Centro de Humanidades II (Av. da Universidade, 2762 &#8211; Benfica\/Fortaleza)<\/p>\n<p><b>Distrito Federal<\/b><\/p>\n<p><b>16\/10 &#8211; segunda-feira, \u00e0s 19h<\/b><\/p>\n<p><span style=\"font-weight: 400;\">Debate A Crise da Lei de Acesso \u00e0 Informa\u00e7\u00e3o: pol\u00edtica de Estado ou Pol\u00edtica de Governo<br \/>\n<\/span><span style=\"font-weight: 400;\">Local: Audit\u00f3rio da FAC-UnB<br \/>\n<\/span><span style=\"font-weight: 400;\">Lan\u00e7amento de publica\u00e7\u00e3o da Artigo 19<\/span><\/p>\n<p><b>19\/10 \u00a0&#8211; quinta-feira, das 17h \u00e0s 19h<\/b><\/p>\n<p><span style=\"font-weight: 400;\">Atividade CACOM Semana FAC que Queremos<br \/>\n<\/span><span style=\"font-weight: 400;\">Assembleia &#8220;M\u00eddias da UnB e liberdade de express\u00e3o e manifesta\u00e7\u00e3o na Universidade&#8221;<br \/>\n<\/span><span style=\"font-weight: 400;\">Local: \u00a0Prainha da FAC ou audit\u00f3rio FAC &#8211; campus Darcy Ribeiro &#8211; UnB<\/span><\/p>\n<p><b>19\/10 &#8211; quinta-feira, \u00e0s 19h30<\/b><\/p>\n<p><span style=\"font-weight: 400;\">Desafios da Internet:<\/span><span style=\"font-weight: 400;\">\u00a0acesso, neutralidade, privacidade e liberdade de express\u00e3o<br \/>\n<\/span><span style=\"font-weight: 400;\">Kimberly Anastacio &#8211; Coding Rights;<br \/>\n<\/span><span style=\"font-weight: 400;\">Sivaldo Pereira &#8211;\u00a0FAC\/UnB<br \/>\nMarcos Urup\u00e1 &#8211; Intervozes<br \/>\nJonas Valente &#8211; Coaliz\u00e3o Direitos na Rede<br \/>\n<\/span><span style=\"font-weight: 400;\">Local: Caf\u00e9 Objeto Encontrado (SQN 102, Bl. B)<\/span><\/p>\n<p><b>21\/10 &#8211;\u00a015h<\/b><\/p>\n<p><span style=\"font-weight: 400;\">Roda de conversa sobre Estado de Exce\u00e7\u00e3o e Liberdade de Express\u00e3o no Brasil<br \/>\n<\/span><span style=\"font-weight: 400;\">Local:\u00a0Feira da Torre de TV (tenda branca\u00a0que fica entre as pra\u00e7as de alimenta\u00e7\u00e3o)<\/span><\/p>\n<p><strong>Minas Gerais<\/strong><\/p>\n<p>Belo Horizonte<br \/>\n17\/10 &#8211; ter\u00e7a-feira, \u00e0s 15h<br \/>\nLan\u00e7amento estadual do relat\u00f3rio \u201cUm ano da campanha Calar Jamais!\u201d<br \/>\nLocal: Sala da Imprensa da Assembleia legislativa de Minas Gerais, Rua Rodrigues Caldas, 30 (Santo Agostinho)<br \/>\nCom apresenta\u00e7\u00e3o por Florence Poznanski, secretaria geral do comit\u00ea FNDC-MG e participa\u00e7\u00e3o de Luiz Bernardes, jornalista, economista e pai do artista pl\u00e1stico Pedro Moraleida<\/p>\n<p><strong>\u00a019h<\/strong><br \/>\nJornalistas Livres convidam: sess\u00e3o comentada do filme &#8220;Interven\u00e7\u00e3o &#8211; Amor n\u00e3o quer dizer grande coisa&#8221;<br \/>\nLocal: Ocupa\u00e7\u00e3o Carolina Maria de Jesus, Av. Afonso Pena, 2300 (Funcion\u00e1rios)<br \/>\nDescri\u00e7\u00e3o: Document\u00e1rio de colagem feito com depoimentos espont\u00e2neos publicados na internet entre 2015 e 2016, solicitando interven\u00e7\u00e3o das For\u00e7as Armadas e deposi\u00e7\u00e3o da presidente Dilma Rousseff, eleita um ano antes.<br \/>\nConvidada\/os:<br \/>\nGustavo Aranda, diretor do filme e membro dos Jornalistas Livres<br \/>\nPoliana Souza, dirigente nacional do MLB (Movimento de Luta pelos Bairros, Vilas e Favelas)<br \/>\nMedia\u00e7\u00e3o: Agatha Azevedo, editora dos Jornalistas Livres<\/p>\n<p><strong>18\/10 &#8211; quarta-feira, \u00e0s 16h<\/strong><br \/>\nOficina de DeepWeb e pr\u00e1ticas de seguran\u00e7a na internet, oferecida pelo Movimento Pirata Minas Gerais<br \/>\nLocal: DCE da PUC-Minas, Pr\u00e9dio 21 da PUC Minas, Avenida Dom Jos\u00e9 Gaspar, 500 (Cora\u00e7\u00e3o Eucar\u00edstico)<br \/>\nDescri\u00e7\u00e3o: Forma\u00e7\u00e3o pr\u00e1tica \u00e0 seguran\u00e7a web com Jo\u00e3o Moreno, estudante de Engenharia El\u00e9trica, especialista em software livre, hardware livre, criptografia e seguran\u00e7a digital. Faz parte do laborat\u00f3rio INSCRYPT (Information Security Cryptography, Privacy and Transparency) da UFMG, onde s\u00e3o estudados e desenvolvidos protocolos e sistemas cryptogr\u00e1ficos.<\/p>\n<p><strong>19\/10 &#8211; quinta-feira, \u00e0s 13h<\/strong><br \/>\nAto p\u00fablico de rua: Pelo Direito \u00e0 Comunica\u00e7\u00e3o em Minas Gerais!<br \/>\nLocal: Pra\u00e7a da Liberdade<br \/>\nDescri\u00e7\u00e3o: atividades em dialogo com a sociedade em torno da import\u00e2ncia da defesa do direito \u00e0 comunica\u00e7\u00e3o e entrega do bolo de 1 ano ao Governador por promessas n\u00e3o cumpridas na comunica\u00e7\u00e3o p\u00fablica.<\/p>\n<p><strong>20\/10\u00a0 &#8211; sexta-feira, \u00e0s 14h<\/strong><br \/>\nSemin\u00e1rio \u201cOs silenciamentos da m\u00eddia\u201d, organizado pelo Grupo de Estudos em M\u00eddia e Discurso (M\u00edD) da PUC Minas e FNDC<br \/>\nLocal: Sindicato dos Jornalistas Profissionais de Minas Gerais, Avenida Alvares Cabral, 400 (Centro)<br \/>\nConvidada\/os:<br \/>\nAngela Carrato (jornalista, professora da UFMG)<br \/>\nDanielle Sarah Oliveira (estudante secundarista)<br \/>\nEliara Santana (jornalista, doutoranda em An\u00e1lise do Discurso, PPGL PUC Minas, e bolsista CAPES)<br \/>\nmediador: Robson S\u00e1vio (professor da PUC Minas, membro da Comiss\u00e3o da Verdade)<\/p>\n<p><strong>21\/10 &#8211; s\u00e1bado, \u00e0s 9h30<br \/>\n<\/strong>\u201cConversa com o FNDC\u201d no Semin\u00e1rio de movimentos sociais do curso de Servi\u00e7o Social PUC Minas<br \/>\nLocal: Sala 216 pr\u00e9dio 47 PUC Minas, ICS instituto de ci\u00eancias sociais. Avenida Dom Jos\u00e9 Gaspar, 500, (Cora\u00e7\u00e3o Eucar\u00edstico)<br \/>\nDescri\u00e7\u00e3o: Palestra com Florence Poznanski, secret\u00e1ria geral do comit\u00ea FNDC-MG<\/p>\n<p><strong>14h<\/strong><br \/>\nRoda de Conversa \u201cWeb, M\u00eddia e resist\u00eancia: pelo fim de todos os latif\u00fandios\u201d<br \/>\nHor\u00e1rio: 14hs<br \/>\nLocal: a confirmar<br \/>\nDescri\u00e7\u00e3o: Mesa de abertura da Plen\u00e1ria Estadual do FNDC-MG aberta ao p\u00fablico. A proposta da roda \u00e9 contextualizar os desafios atuais da luta pela m\u00eddia democr\u00e1tica e para preserva\u00e7\u00e3o de uma Internet livre.<br \/>\nConvidadas\/os:<br \/>\nMargarida Salom\u00e3o, Deputada Federal (PT\/MG)<br \/>\nAurea Carolina e\/ou Cida Falabella, Vereadoras em Belo Horizonte (PSOL)<br \/>\nUm\/a representante do movimento hacktivista (aguardar confirma\u00e7\u00e3o)<\/p>\n<p><strong>22\/10 &#8211; domingo 9h<\/strong><br \/>\n20\u00b0 Plen\u00e1ria Estadual do FNDC-MG<br \/>\nLocal: Sindicato dos Jornalistas Profissionais de Minas Gerais, Avenida Alvares Cabral, 400 (Centro)<br \/>\nDescri\u00e7\u00e3o: Reuni\u00e3o das entidades membros do FNDC-MG para realiza\u00e7\u00e3o do balan\u00e7o da atual coordena\u00e7\u00e3o, defini\u00e7\u00e3o do plano estrat\u00e9gico para os pr\u00f3ximos 2 anos e elei\u00e7\u00e3o da nova coordena\u00e7\u00e3o.<br \/>\nFormul\u00e1rio de inscri\u00e7\u00e3o: https:\/\/goo.gl\/forms\/pFqD4CaYv1kIHcqu1<\/p>\n<p><strong>S\u00e3o Jo\u00e3o Del Rei<\/strong><\/p>\n<p><strong>20\/10\u00a0 &#8211; sexta-feira, \u00e0s 16h<br \/>\n<\/strong>cine-debate (ainda sem nome oficial)<br \/>\nLocal: a confirmar<br \/>\nDescri\u00e7\u00e3o: exibi\u00e7\u00e3o de filme document\u00e1rio e debate sobre a falta de participa\u00e7\u00e3o\/protagonismo popular na comunica\u00e7\u00e3o. Organizado pelos Projetos de extens\u00e3o da UFSJ: Jornal Delas e Voz do Morro.<\/p>\n<p><strong>Para\u00edba<\/strong><br \/>\n<strong>Campina Grande<\/strong><\/p>\n<p><strong>19\/10 &#8211; Quinta-feira, \u00e0s 20h<\/strong><br \/>\nMesa redonda Enecos e Intervozes<br \/>\nLocal: Universidade Federal de Campina Grande (UFCG)<\/p>\n<p><strong>Pernambuco<\/strong><\/p>\n<p><strong>16\/10 &#8211; segunda-feira,\u00a0 \u00e0s 10h30<\/strong><\/p>\n<p>Lan\u00e7amento do documento direitos violados, do OBMIDIA<br \/>\nLocal: Sala 24 do Decom, UFPE<\/p>\n<p><b>17\/10 &#8211; ter\u00e7a-feira, \u00e0s 18h<\/b><\/p>\n<p>Reuni\u00e3o p\u00fablica \u2013 \u201cO Papel do Munic\u00edpio do Recife na constru\u00e7\u00e3o da Comunica\u00e7\u00e3o Comunit\u00e1ria\u201d<br \/>\nLocal: Plenarinho da C\u00e2mara do Recife.<\/p>\n<p><strong>18\/10 \u2013 quarta-feira, \u00e0s 8h<\/strong><\/p>\n<p>Audi\u00eancia P\u00fablica do Minist\u00e9rio P\u00fablico de Pernambuco (MPPE) sobre viola\u00e7\u00f5es de direitos humanos pela TV Jornal, Folha de Pernambuco e R\u00e1dio Globo. Local: MPPE, Rua Visconde de Suassuna, Boa vista.<\/p>\n<p><strong>18h\u00a0<\/strong><\/p>\n<p>Lan\u00e7amento do document\u00e1rio Direitos Violados, dos estudantes do Observat\u00f3rio de M\u00eddia da UFPE + roda de di\u00e1logo sobre o papel dos observat\u00f3rios de m\u00eddia.<br \/>\nLocal: Unicap.<\/p>\n<p><strong>19\/10 \u2013 quinta-feira, \u00e0s\u00a09h<\/strong><\/p>\n<p>Oficina de Leitura Cr\u00edtica da M\u00eddia do Observat\u00f3rio de M\u00eddia da UFPE.<br \/>\nLocal: Centro de Artes e Comunica\u00e7\u00e3o, Sala 20, UFPE.<\/p>\n<p><strong>20\/10 \u2013 sexta-feira, \u00e0s 16h<\/strong><\/p>\n<p>Roda de di\u00e1logo sobre Direito \u00e0 Comunica\u00e7\u00e3o com batucada da Marcha Mundial das Mulheres.<br \/>\nLocal: Edf. PE \u2013 Sexto andar. *Para mulheres e companheiras da MMM.<\/p>\n<p><strong>18h\u00a0<\/strong><\/p>\n<p>Ato de Rua \u2013 Impacto das Reformas Trabalhistas e da Previd\u00eancia na vida das mulheres (Fopecom\/Marcha Mundial das Mulheres)<\/p>\n<p><strong>23\/10 \u2013 segunda-feira, \u00e0s 14h<\/strong><\/p>\n<p>Audi\u00eancia P\u00fablico do Minist\u00e9rio P\u00fablico de Pernambuco (MPPE) sobre viola\u00e7\u00f5es de direitos humanos pelo Jornal Aqui PE.<br \/>\nLocal: MPPE, Rua Visconde de Suassuna, Boa vista.<\/p>\n<p><b>Rio de Janeiro<\/b><\/p>\n<p><b>17\/10 &#8211; ter\u00e7a-feira,\u00a0<\/b><strong>\u00a0\u00e0s 18 h<\/strong><\/p>\n<p><span style=\"font-weight: 400;\">Os desafios da universaliza\u00e7\u00e3o da Banda Larga, \u00e0s 18 hs, no Clube de Engenharia, com 04 debatedores: M\u00e1rcio Patusco\/Clube de Engenharia (internet banda larga), Marcello Miranda (Lei Geral das Telecomunica\u00e7\u00f5es, PLC 79, Sat\u00e9lite Telebr\u00e1s, Bens Revers\u00edveis), Marcos Dantas\/ULEPICC (Papel do CGIbr, IGF) e Bruno Marinoni do Intervozes (Marco Civil da Internet, privacidade, seguran\u00e7a, neutralidade).<\/span><\/p>\n<p><b>18\/10, quarta-feira, das 16h \u00e0s 19h<\/b><\/p>\n<p><span style=\"font-weight: 400;\">Audi\u00eancia P\u00fablica aberta, na Cinel\u00e2ndia, junto com as Frentes Parlamentares (Municipal Rio e Estadual), com atividades culturais (esquete de teatro, m\u00fasicas, poesia, exposi\u00e7\u00e3o) e microfone aberto.<\/span><\/p>\n<p><b>Das 19h \u00e0s 21h<\/b><\/p>\n<p><span style=\"font-weight: 400;\">Audi\u00eancia p\u00fablica sobre &#8216;fomento para m\u00eddias populares e alternativas&#8217;, em Niter\u00f3i, iniciativa do mandato do Vereador Leonardo Giordano (PCdoB), com o Franklin Martins como um dos debatedores.<\/span><\/p>\n<p><b>Das 19h30 \u00e0s 21h30<\/b><\/p>\n<p><span style=\"font-weight: 400;\">Roda de Conversa: Viol\u00eancia de G\u00eanero na Internet<\/span><\/p>\n<p><span style=\"font-weight: 400;\">-Joana Varon (<\/span><a href=\"https:\/\/www.facebook.com\/codingrights\/\" target=\"_blank\"><span style=\"font-weight: 400;\">Coding Rights<\/span><\/a><span style=\"font-weight: 400;\">)<\/span><\/p>\n<p><span style=\"font-weight: 400;\">-Manu Justo (Feminista, soci\u00f3loga e fot\u00f3grafa. Mentora do projeto Puta Que Pariu. Conhe\u00e7a aqui:\u00a0<\/span><a href=\"https:\/\/www.facebook.com\/manujustofotografia\/\" target=\"_blank\"><span style=\"font-weight: 400;\">Manu Justo Fotografia<\/span><\/a><span style=\"font-weight: 400;\">)<\/span><\/p>\n<p><span style=\"font-weight: 400;\">-Jhessica Reia (Pesquisadora e l\u00edder de projeto do\u00a0<\/span><a href=\"https:\/\/www.facebook.com\/ctsfgv\/\" target=\"_blank\"><span style=\"font-weight: 400;\">Centro de Tecnologia e Sociedade (CTS\/FGV)<\/span><\/a><\/p>\n<p><span style=\"font-weight: 400;\">-Julia Boardman (jornalista)<\/span><\/p>\n<p><span style=\"font-weight: 400;\">&#8211; Iara Moura e Oona Castro (<\/span><a href=\"https:\/\/www.facebook.com\/intervozes\/\" target=\"_blank\"><span style=\"font-weight: 400;\">Intervozes)<\/span><\/a><\/p>\n<p><b>19\/10 &#8211; quinta-feira<\/b><\/p>\n<p><span style=\"font-weight: 400;\">Atividade em conjunto com o coletivo &#8216;A Esquerda na Pra\u00e7a&#8217; (detalhes a serem fechados)<\/span><\/p>\n<p><strong>S\u00e3o Paulo<\/strong><\/p>\n<p><strong>15\/10 &#8211; domingo, \u00e0s 11h<br \/>\n<\/strong> Atividade l\u00fadico\/pol\u00edtica na Paulista Aberta, com distribui\u00e7\u00e3o de panfletos e di\u00e1logos sobre liberdade de express\u00e3o.<\/p>\n<p><strong>16\/10 &#8211;\u00a0\u00a0segunda-feira, \u00e0s 19h<\/strong><br \/>\nPainel \u201cDemocratiza\u00e7\u00e3o da m\u00eddia\u201d com deputado federal Ivan Valente (PSOL), Pedro Ekman (Intervozes) e Renata Mieli (FNDC). Dentro da Semana de Jornalismo da ECA\/USP 2017. Com exibi\u00e7\u00e3o do filme \u201cJulio quer saber\u201d do Intervozes.<br \/>\nLocal: Audit\u00f3rio Freitas Nobre, no CJE na ECA\/USP, Butant\u00e3.<\/p>\n<p><strong>19h<br \/>\n<\/strong>Debate \u201cCrise pol\u00edtica e o papel da m\u00eddia\u201d, com S\u00e9rgio L\u00edrio, Eleonora de Lucena e Rodrigo Vianna. Ciclo de Debates no Bar\u00e3o de Itarar\u00e9.<br \/>\nLocal: Rua Rego Freitas, 454, 8\u00ba andar, Rep\u00fablica.<\/p>\n<p><strong>17\/10 &#8211;\u00a0ter\u00e7a-feira,\u00a0\u00e0s 19h<br \/>\n<\/strong>Debate \u201cDemocratiza\u00e7\u00e3o da comunica\u00e7\u00e3o e da cultura\u201d dentro das do Ciclo de Debates do #Vamos S\u00e3o Paulo, com Ana Claudia Mielke, S\u00e9rgio Vaz, Ivana Bentes, C\u00e9lio Turino e deputado estadual Jo\u00e3o Paulo Rillo.<br \/>\nLocal: Centro Cultural S\u00e3o Paulo (CCSP), Rua Vergueiro, 1000, Paraiso.<\/p>\n<p>19h30<br \/>\nPainel: \u201cInternet: uma plataforma democr\u00e1tica?\u201d, com Fl\u00e1via Lef\u00e8vre (Proteste e Comit\u00ea Gestor do CGI), S\u00e9rgio Amadeu e Rafael Zanatta (Idec).<br \/>\nLocal: audit\u00f3rio Freitas Nobre, no CJE na ECA\/USP, Butant\u00e3.<\/p>\n<p><strong>18\/10 &#8211; quarta-feira, \u00e0s 19 horas<\/strong><br \/>\nDebate \u201cA imprensa e a badalada recupera\u00e7\u00e3o a economia\u201d, com Leda Paulani, Marilane Teixeira e Marcio Pochmann. Ciclo de Debates no Bar\u00e3o de Itarar\u00e9.<br \/>\nLocal: Rego Freitas, 454, 8\u00aa andar, Rep\u00fablica.<\/p>\n<p><strong>20\/10 &#8211; sexta-feira, \u00e0s 19h<\/strong><br \/>\n\u201cOs efeitos da midi\u00e1tica opera\u00e7\u00e3o Lava Jato\u201d, com Eug\u00eanio Arag\u00e3o, Paulo Moreira Leite e Valeska Zanin. Ciclo de Debates no Bar\u00e3o de Itarar\u00e9.<br \/>\nLocal: Rego Freitas, 454, 8\u00aa andar, Rep\u00fablica.<\/p>\n<p><strong>21\/10 &#8211; s\u00e1bado, \u00e0s 9h30<\/strong><br \/>\nSemin\u00e1rio \u201cJornalistas e os impactos da reforma trabalhista\u201d. no Audit\u00f3rio Vladimir Herzog, em S\u00e3o Paulo. O encontro \u00e9 promovido pelo Sindicato dos Jornalistas Profissionais no Estado de S\u00e3o Paulo (SJSP).<br \/>\nLocal: Rua R\u00eago de Freitas, 530, Rep\u00fablica.<\/p>\n<p><b>Rio Grande do Sul<\/b><\/p>\n<p><span style=\"font-weight: 400;\">O Comit\u00ea Ga\u00facho do FNDC definiu que realizar\u00e1 nos pr\u00f3ximos dias 27 e 28 de outubro o 1\u00ba Encontro Ga\u00facho pelo Direito \u00e0 Comunica\u00e7\u00e3o (EGDC), com o apoio da Faculdade de Biblioteconomia e Comunica\u00e7\u00e3o (Fabico) da Universidade Federal do Rio Grande do Sul (UFRGS).<\/span><\/p>\n<p><span style=\"font-weight: 400;\">O EGDC ser\u00e1 realizado nas depend\u00eancias da Fabico da UFRGS, na Avenida Ramiro Barcelos, 2705, no bairro Santana, em Porto Alegre.<\/span><\/p>\n<p><span style=\"font-weight: 400;\">As inscri\u00e7\u00f5es ser\u00e3o gratuitas e j\u00e1 se encontram abertas, atrav\u00e9s do preenchimento de formul\u00e1rio online, informando nome, e-mail, profiss\u00e3o e entidade\/movimento, e escolhendo um dos quatro pain\u00e9is tem\u00e1ticos para participa\u00e7\u00e3o.<\/span><\/p>\n<p><span style=\"font-weight: 400;\">Acesse:\u00a0<\/span><a href=\"https:\/\/l.facebook.com\/l.php?u=https%3A%2F%2Fdocs.google.com%2Fforms%2Fd%2Fe%2F1FAIpQLSeJUFQvkFM5r3TBjD8a7GoVbj5DzZC_YnaatkZS3AGzNemFcA%2Fviewform%3Fusp%3Dsf_link&amp;h=ATN8_bMibUgEEsQ8VBRZNdd5dQvjTv0Jb6vlBFb9J9KEsPm3kWB80H_OHVkhTzw5vKXgtR8Fa9GJpZazJMMRPi6EIQovSCNRSBLHkQbTf2ch_s3oWt8VmrhOMUwTA-WTgqYBAzfirDdww_66bs39f3FliwJjqjlPh6ds6Pg6cfYesXiJv9csWkd0ucyh_w3oNibSPhBEXpfVJtN6XXunKE_oD4R3Pv8w84MRslZV5Iowo6KNSCn4DmeymdbXX1z1liE0jC0oV0siIoZ8MNsc6tyvHtDsDCkjioQGhFikE69SVP3x5Jm3NkB31g\" target=\"_blank\"><span style=\"font-weight: 400;\">https:\/\/docs.google.com\/\u2026\/1FAIpQLSeJUFQvkFM5r3TBj\u2026\/viewform\u2026<\/span><\/a><\/p>\n<p><b>Sexta \u2013 27 de outubro<\/b><\/p>\n<p><span style=\"font-weight: 400;\">18h \u2013 Abertura: Comit\u00ea Ga\u00facho do FNDC e Fabico-Ufrgs<\/span><\/p>\n<p><span style=\"font-weight: 400;\">18h30 \u2013 Depoimentos de viola\u00e7\u00f5es \u00e0 liberdade de express\u00e3o<\/span><\/p>\n<p><span style=\"font-weight: 400;\">19h15 \u00e0s 21h30 \u2013 Painel: O papel da m\u00eddia na constru\u00e7\u00e3o do golpe<\/span><\/p>\n<p><span style=\"font-weight: 400;\">Christa Berger \u2013 professora da UFRGS<\/span><\/p>\n<p><span style=\"font-weight: 400;\">Mois\u00e9s Mendes \u2013 jornalista<\/span><\/p>\n<p><span style=\"font-weight: 400;\">Benedito Tadeu C\u00e9sar \u2013 cientista pol\u00edtico e professor aposentado da UFRGS<\/span><\/p>\n<p><b>S\u00e1bado \u2013 28 de outubro<\/b><\/p>\n<p><span style=\"font-weight: 400;\">9h30 \u00e0s 12h30 \u2013 Painel: Alternativas para a democratiza\u00e7\u00e3o da comunica\u00e7\u00e3o<\/span><\/p>\n<p><span style=\"font-weight: 400;\">Renata Mielli \u2013 jornalista e coordenadora nacional do FNDC<\/span><\/p>\n<p><span style=\"font-weight: 400;\">Neusa Ribeiro \u2013 professora aposentada da Feevale<\/span><\/p>\n<p><span style=\"font-weight: 400;\">Marco Aur\u00e9lio Weissheimer \u2013 rep\u00f3rter do Sul21<\/span><\/p>\n<p><span style=\"font-weight: 400;\">Pedro Os\u00f3rio \u2013 jornalista e professor da Unisinos<\/span><\/p>\n<p><span style=\"font-weight: 400;\">14h \u00e0s 16h \u2013 Pain\u00e9is tem\u00e1ticos<\/span><\/p>\n<ol>\n<li><span style=\"font-weight: 400;\">Desafios da comunica\u00e7\u00e3o comunit\u00e1ria e alternativa<\/span><\/li>\n<\/ol>\n<p><span style=\"font-weight: 400;\">Ilza Girardi \u2013 professora e vice-diretora da Fabico da UFRGS<\/span><\/p>\n<p><span style=\"font-weight: 400;\">Guilherme Fernandes de Oliveira \u2013 rep\u00f3rter da TVT<\/span><\/p>\n<p><span style=\"font-weight: 400;\">Lu\u00eds Eduardo Gomes \u2013 jornalista do Sul21<\/span><\/p>\n<p><span style=\"font-weight: 400;\">Rosina Duarte \u2013 jornalista do jornal Boca de Rua<\/span><\/p>\n<ol start=\"2\">\n<li><span style=\"font-weight: 400;\">A m\u00eddia e a luta contra o racismo e a discrimina\u00e7\u00e3o de g\u00eanero<\/span><\/li>\n<\/ol>\n<p><span style=\"font-weight: 400;\">Vera Daisy Barcellos \u2013 presidenta da Comiss\u00e3o Nacional de \u00c9tica da Fenaj<\/span><\/p>\n<p><span style=\"font-weight: 400;\">Sandra de Deus \u2013 jornalista e professora da UFRGS<\/span><\/p>\n<p><span style=\"font-weight: 400;\">T\u00e9lia Negr\u00e3o \u2013 jornalista e ex-coordenadora do Coletivo Feminino Plural<\/span><\/p>\n<ol start=\"3\">\n<li><span style=\"font-weight: 400;\">O monop\u00f3lio da m\u00eddia e o ataque aos direitos trabalhistas e previdenci\u00e1rios<\/span><\/li>\n<\/ol>\n<p><span style=\"font-weight: 400;\">Claudir Nespolo \u2013 presidente da CUT-RS<\/span><\/p>\n<p><span style=\"font-weight: 400;\">Guiomar Vidor \u2013 presidente da CTB-RS<\/span><\/p>\n<p><span style=\"font-weight: 400;\">Antonio Carlos Porto Jr \u2013 advogado trabalhista<\/span><\/p>\n<ol start=\"4\">\n<li><span style=\"font-weight: 400;\">O desmonte da comunica\u00e7\u00e3o p\u00fablica<\/span><\/li>\n<\/ol>\n<p><span style=\"font-weight: 400;\">Maria Helena Weber \u2013 professora da UFRGS<\/span><\/p>\n<p><span style=\"font-weight: 400;\">Jos\u00e9 Roberto Garcez \u2013 jornalista e ex-presidente da Funda\u00e7\u00e3o Piratini<\/span><\/p>\n<p><span style=\"font-weight: 400;\">Cristina Char\u00e3o \u2013 jornalista da TVE<\/span><\/p>\n<p><span style=\"font-weight: 400;\">16h \u2013 Plen\u00e1ria Estadual do FNDC<\/span><\/p>\n<p><span style=\"font-weight: 400;\">18h \u2013 Encerramento<\/span><\/p>\n<p><b>Participe da Semana DemoCom!<\/b><\/p>\n<p><em><span style=\"font-weight: 400;\">Por Ram\u00eania Vieira \u2013 Rep\u00f3rter do Observat\u00f3rio do Direito \u00e0 Comunica\u00e7\u00e3o, com informa\u00e7\u00f5es do F\u00f3rum Nacional pela Democratiza\u00e7\u00e3o da Comunica\u00e7\u00e3o<\/span><\/em><\/p>\n","protected":false},"excerpt":{"rendered":"<p>Semana ir\u00e1 denunciar viola\u00e7\u00f5es \u00e0 liberdade de express\u00e3o e dar visibilidade ao tema da Democratiza\u00e7\u00e3o da Comunica\u00e7\u00e3o<\/p>\n","protected":false},"author":6,"featured_media":0,"comment_status":"open","ping_status":"open","sticky":false,"template":"","format":"standard","meta":{"footnotes":""},"categories":[40],"tags":[327,90,1834,1833],"_links":{"self":[{"href":"https:\/\/obscom.intervozes.org.br\/index.php?rest_route=\/wp\/v2\/posts\/30052"}],"collection":[{"href":"https:\/\/obscom.intervozes.org.br\/index.php?rest_route=\/wp\/v2\/posts"}],"about":[{"href":"https:\/\/obscom.intervozes.org.br\/index.php?rest_route=\/wp\/v2\/types\/post"}],"author":[{"embeddable":true,"href":"https:\/\/obscom.intervozes.org.br\/index.php?rest_route=\/wp\/v2\/users\/6"}],"replies":[{"embeddable":true,"href":"https:\/\/obscom.intervozes.org.br\/index.php?rest_route=%2Fwp%2Fv2%2Fcomments&post=30052"}],"version-history":[{"count":8,"href":"https:\/\/obscom.intervozes.org.br\/index.php?rest_route=\/wp\/v2\/posts\/30052\/revisions"}],"predecessor-version":[{"id":30060,"href":"https:\/\/obscom.intervozes.org.br\/index.php?rest_route=\/wp\/v2\/posts\/30052\/revisions\/30060"}],"wp:attachment":[{"href":"https:\/\/obscom.intervozes.org.br\/index.php?rest_route=%2Fwp%2Fv2%2Fmedia&parent=30052"}],"wp:term":[{"taxonomy":"category","embeddable":true,"href":"https:\/\/obscom.intervozes.org.br\/index.php?rest_route=%2Fwp%2Fv2%2Fcategories&post=30052"},{"taxonomy":"post_tag","embeddable":true,"href":"https:\/\/obscom.intervozes.org.br\/index.php?rest_route=%2Fwp%2Fv2%2Ftags&post=30052"}],"curies":[{"name":"wp","href":"https:\/\/api.w.org\/{rel}","templated":true}]}}