{"id":29698,"date":"2016-08-30T13:05:25","date_gmt":"2016-08-30T13:05:25","guid":{"rendered":"https:\/\/obscom.intervozes.org.br\/?p=29698"},"modified":"2017-03-22T13:07:58","modified_gmt":"2017-03-22T13:07:58","slug":"procuradoria-geral-da-republica-defende-que-politicos-nao-podem-ter-participacao-na-radiodifusao","status":"publish","type":"post","link":"https:\/\/obscom.intervozes.org.br\/?p=29698","title":{"rendered":"Procuradoria-Geral da Rep\u00fablica defende que pol\u00edticos n\u00e3o podem ter participa\u00e7\u00e3o na radiodifus\u00e3o"},"content":{"rendered":"<p>O procurador-geral da Rep\u00fablica, Rodrigo Janot, enviou manifesta\u00e7\u00e3o ao Supremo Tribunal Federal (STF) com parecer favor\u00e1vel \u00e0 a\u00e7\u00e3o que questiona a possibilidade de pol\u00edticos com mandato eletivo serem beneficiados com a outorga de concess\u00e3o de emissoras de r\u00e1dio e televis\u00e3o, afirmando que pol\u00edticos n\u00e3o podem ter participa\u00e7\u00e3o, mesmo que indireta, em empresas de radiodifus\u00e3o. Para Janot, essa participa\u00e7\u00e3o \u201cconfere poder de influ\u00eancia indevida sobre a imprensa\u201d.<\/p>\n<p>O posicionamento responde \u00e0 Argui\u00e7\u00e3o de Descumprimento de Preceito Fundamental (ADPF) 379, protocolada pelo Partido Socialismo e Liberdade (PSOL)\u00a0em dezembro de 2015 e relatada pelo ministro Gilmar Mendes. O partido defende que a Constitui\u00e7\u00e3o \u00e9 descumprida quando atos do Executivo permitem que parlamentares sejam s\u00f3cios de concession\u00e1rias de r\u00e1dio e televis\u00e3o, tendo em vista a liberdade de express\u00e3o e o direito \u00e0 informa\u00e7\u00e3o. Viola tamb\u00e9m o artigo 54 da Constitui\u00e7\u00e3o, que pro\u00edbe a deputados e senadores \u201cfirmar ou manter contrato com (\u2026) empresa concession\u00e1ria de servi\u00e7o p\u00fablico\u201d.<\/p>\n<p>A\u00a0Procuradoria-Geral da Rep\u00fablica<strong> (<\/strong>PGR) manifestou-se tamb\u00e9m pela concess\u00e3o da cautelar, j\u00e1 que h\u00e1 realiza\u00e7\u00e3o peri\u00f3dica de elei\u00e7\u00f5es no pa\u00eds, &#8220;com sucessiva renova\u00e7\u00e3o do quadro de les\u00e3o a preceitos fundamentais&#8221;.<\/p>\n<p>Na A\u00e7\u00e3o Penal 530, o STF j\u00e1 havia se posicionado sobre o assunto. A ministra Rosa Weber afirmou, em seu voto, que \u201ca proibi\u00e7\u00e3o espec\u00edfica de que parlamentares detenham o controle sobre empresas de (&#8230;) radiodifus\u00e3o\u201d visou evitar o \u201crisco de que o ve\u00edculo de comunica\u00e7\u00e3o, ao inv\u00e9s de servir para o livre debate e informa\u00e7\u00e3o, fosse utilizado apenas em benef\u00edcio do parlamentar, deturpando a esfera do discurso p\u00fablico\u201d.<\/p>\n<p>Segundo a ministra do STF, \u201cdemocracia n\u00e3o consiste apenas na submiss\u00e3o dos governantes \u00e0 aprova\u00e7\u00e3o em sufr\u00e1gios peri\u00f3dicos. Sem que haja liberdade de express\u00e3o e de cr\u00edtica \u00e0s pol\u00edticas p\u00fablicas, direito \u00e0 informa\u00e7\u00e3o e ampla possibilidade de debate de todos os temas relevantes para a forma\u00e7\u00e3o da opini\u00e3o p\u00fablica, n\u00e3o h\u00e1 verdadeira democracia\u201d. Continua Rosa Weber: \u201cpara garantir esse espa\u00e7o livre para o debate p\u00fablico, n\u00e3o \u00e9 suficiente coibir a censura, mas \u00e9 necess\u00e1rio igualmente evitar distor\u00e7\u00f5es provenientes de indevido uso do poder econ\u00f4mico ou pol\u00edtico\u201d.<\/p>\n<p>Na manifesta\u00e7\u00e3o dirigida ao STF, Janot ainda pede que a Presid\u00eancia da Rep\u00fablica e o Minist\u00e9rio das Comunica\u00e7\u00f5es n\u00e3o outorguem ou renovem concess\u00f5es, permiss\u00f5es e autoriza\u00e7\u00f5es de radiodifus\u00e3o a pol\u00edticos. O pedido se estende ao Congresso Nacional, para que se abstenha de aprovar as outorgas, e tamb\u00e9m ao Judici\u00e1rio, para n\u00e3o que n\u00e3o diplome pol\u00edticos que participem desse tipo de empresa. Segundo o procurador-geral, a pr\u00e1tica viola a isonomia, o pluralismo pol\u00edtico e a soberania popular. Atualmente, conforme dados cruzados da Ag\u00eancia Nacional de Telecomunica\u00e7\u00f5es e do Tribunal Superior Eleitoral, cerca de 30 deputados federais e oito senadores s\u00e3o s\u00f3cios de pessoas jur\u00eddicas que exploram atividades de radiodifus\u00e3o.<\/p>\n<p>Para Janot, a radiodifus\u00e3o \u00e9 essencial para efetivar a liberdade de express\u00e3o e o direito \u00e0 informa\u00e7\u00e3o. Segundo ele, quem controla canal de radiodifus\u00e3o tem poder de exercer influ\u00eancia sobre a opini\u00e3o p\u00fablica. Sendo assim, a manifesta\u00e7\u00e3o aponta \u201cpotencial risco da utiliza\u00e7\u00e3o de canais de radiodifus\u00e3o para defesa de interesses pr\u00f3prios ou de terceiros&#8221;.<\/p>\n<p><strong>Servi\u00e7o p\u00fablico<\/strong><\/p>\n<p>No documento, o procurador-geral ainda menciona que a Constitui\u00e7\u00e3o Federal e o STF reconhecem a radiodifus\u00e3o como servi\u00e7o p\u00fablico. A Constitui\u00e7\u00e3o estabelece que deputados e senadores, desde o momento em que s\u00e3o diplomados, n\u00e3o podem firmar ou manter contrato com empresa concession\u00e1ria de servi\u00e7o p\u00fablico. No momento da posse, os parlamentares tamb\u00e9m n\u00e3o podem ser propriet\u00e1rios, controladores ou diretores de empresa que usufrua de favor decorrente de contrato com o poder p\u00fablico. Al\u00e9m disso, \u00e9 vedado que os parlamentares sejam s\u00f3cios de pessoas jur\u00eddicas prestadoras ou exploradoras de servi\u00e7o p\u00fablico de radiodifus\u00e3o.<\/p>\n<p>Desta forma, com todas as veda\u00e7\u00f5es e jurisprud\u00eancias apresentadas no parecer, o procurador-geralconclui que a participa\u00e7\u00e3o direta ou indireta de titulares de mandato eletivo como s\u00f3cios ou associados de pessoas jur\u00eddicas concession\u00e1rias, permission\u00e1rias ou autorizat\u00e1rias de radiodifus\u00e3o, viola a Constitui\u00e7\u00e3o.<\/p>\n<p>&#8220;Pessoas jur\u00eddicas controladas ou compostas por detentores de mandato parlamentar podem interferir, e de fato interferem, na medida do interesse de seus s\u00f3cios e associados, na divulga\u00e7\u00e3o de opini\u00f5es e de informa\u00e7\u00f5es, e impedem que meios de comunica\u00e7\u00e3o cumpram seu dever de divulgar not\u00edcias e pontos de vista socialmente relevantes e diversificados e de fiscalizar o exerc\u00edcio do poder p\u00fablico e as atividades da iniciativa privada&#8221;, destacou Janot.<\/p>\n<p>No relato, o procurador-geral ainda lembra que a Comiss\u00e3o de Constitui\u00e7\u00e3o, Justi\u00e7a e Cidadania daC\u00e2mara dos Deputados, em 2011, aprovou 38 concess\u00f5es de radiodifus\u00e3o e a renova\u00e7\u00e3o de outras 65 em apenas tr\u00eas minutos, com apenas um deputado no Plen\u00e1rio. Outra situa\u00e7\u00e3o grave \u00e9 a de que os parlamentares votem pela aprova\u00e7\u00e3o de suas pr\u00f3prias outorgas e renova\u00e7\u00f5es, havendo, nesta caso, conflito entre os interesses p\u00fablico e privado.<\/p>\n<p>Em\u00a0<a href=\"http:\/\/agenciapatriciagalvao.org.br\/wp-content\/uploads\/2012\/05\/pesquisapoderemc.pdf\" data-saferedirecturl=\"https:\/\/www.google.com\/url?hl=pt-BR&amp;q=http:\/\/agenciapatriciagalvao.org.br\/wp-content\/uploads\/2012\/05\/pesquisapoderemc.pdf&amp;source=gmail&amp;ust=1490273995634000&amp;usg=AFQjCNFodoycRoZuH532984dOEmmbD56Zg\">pesquisa<\/a>\u00a0realizada em 2013 pelo Instituto Patr\u00edcia Galv\u00e3o e pelo DataPopular, apesar de 35% das pessoas ouvidas acharem que a concess\u00e3o a parlamentares \u00e9 permitida, 63% dos entrevistados se mostraram contr\u00e1rios \u00e0 propriedade de meios por pol\u00edticos. O mesmo estudo mostrou que 69% consideram que ser dono de TV ou r\u00e1dio d\u00e1 mais chances para que o candidato seja eleito. O estudo tamb\u00e9m revela que 44% da popula\u00e7\u00e3o n\u00e3o sabe que, para se ter uma emissora de r\u00e1dio ou televis\u00e3o, \u00e9 necess\u00e1ria a autoriza\u00e7\u00e3o do Estado.<\/p>\n<p>Confira abaixo a rela\u00e7\u00e3o dos 40 deputados federais e senadores s\u00f3cios de empresas prestadoras de servi\u00e7os de radiodifus\u00e3o que aparecem no Sistema de Acompanhamento de Controle Societ\u00e1rio (Siacco), da Anatel:<\/p>\n<p>Deputados Federais<\/p>\n<ol>\n<li>Adalberto Cavalcanti Rodrigues, PTB-PE<\/li>\n<li>Afonso Antunes da Motta, PDT-RS<\/li>\n<li>An\u00edbal Ferreira Gomes, PMDB-CE<\/li>\n<li>Ant\u00f4nio Carlos Martins de Bulh\u00f5es, PRB-SP<\/li>\n<li>\u00c1tila Freitas Lira, PSB-PI<\/li>\n<li>Bonif\u00e1cio Jos\u00e9 Tamm de Andrada, PSDB-MG<\/li>\n<li>Carlos Victor Guterres Mendes, PMB-MA<\/li>\n<li>C\u00e9sar Hanna Halum, PRB-TO<\/li>\n<li>Dami\u00e3o Feliciano da Silva, PDT-PB<\/li>\n<li>D\u00e2mina de Carvalho Pereira, PMN-MG<\/li>\n<li>Domingos Gomes de Aguiar Neto, PMB-CE<\/li>\n<li>Elcione Therezinha Zahluth Barbalho, PMDB-PA<\/li>\n<li>F\u00e1bio Salustino Mesquita de Faria, PSD-RN<\/li>\n<li>Felipe Catal\u00e3o Maia, DEM-RN<\/li>\n<li>Felix de Almeida Mendon\u00e7a J\u00fanior, PDT-BA<\/li>\n<li>Jaime Martins Filho, PSD-MG<\/li>\n<li>Jo\u00e3o Henrique Holanda Caldas, PSB-AL<\/li>\n<li>Jo\u00e3o Rodrigues, PSD-SC<\/li>\n<li>Jorginho dos Santos Mello, PR-SC<\/li>\n<li>Jos\u00e9 Alves Rocha, PR-BA<\/li>\n<li>Jos\u00e9 Nunes Soares, PSD-BA<\/li>\n<li>Jos\u00e9 Sarney Filho, PV-MA<\/li>\n<li>J\u00falio C\u00e9sar de Carvalho Lima, PSD-PI<\/li>\n<li>Luiz Felipe Baleia Tenuto Rossi, PMDB-SP<\/li>\n<li>Luiz Gionilson Pinheiro Borges, PMDB \u2013 AP<\/li>\n<li>Luiz Gonzaga Patriota, PSB-PE<\/li>\n<li>Magda Mofatto Hon, PR-GO<\/li>\n<li>Paulo Roberto Gomes Mansur, PRB-SP<\/li>\n<li>Ricardo Jos\u00e9 Magalh\u00e3es Barros, PP-PR<\/li>\n<li>Rodrigo Batista de Castro, PSDB-MG<\/li>\n<li>Rubens Bueno, PPS-PR<\/li>\n<li>Soraya Alencar dos Santos, PMDB-RJ<\/li>\n<\/ol>\n<p>Senadores<\/p>\n<ol start=\"33\">\n<li>Acir Marcos Gurgacz, PDT-RO<\/li>\n<li>A\u00e9cio Neves da Cunha, PSDB-MG<\/li>\n<li>Edison Lob\u00e3o, PMDB-MA<\/li>\n<li>Fernando Affonso Collor de Mello, PTB-AL<\/li>\n<li>Jader Fontenelle Barbalho, PMDB-PA<\/li>\n<li>Jos\u00e9 Agripino Maia, DEM-RN<\/li>\n<li>Roberto Coelho Rocha, PSB-MA<\/li>\n<li>Tasso Ribeiro Jereissati, PSDB-CE<\/li>\n<\/ol>\n<p><i>Por Ram\u00eania Vieira \u2013 Rep\u00f3rter do Observat\u00f3rio do Direito \u00e0 Comunica\u00e7\u00e3o, c<\/i>om informa\u00e7\u00f5es do JOTA.<\/p>\n","protected":false},"excerpt":{"rendered":"<p>Rodrigo Janot, enviou manifesta\u00e7\u00e3o ao STF com parecer favor\u00e1vel \u00e0 a\u00e7\u00e3o que questiona a possibilidade de pol\u00edticos com mandato eletivo serem beneficiados com a outorga de concess\u00e3o de emissoras de r\u00e1dio e televis\u00e3o, afirmando que pol\u00edticos n\u00e3o podem ter participa\u00e7\u00e3o, mesmo que indireta, em empresas de radiodifus\u00e3o.<\/p>\n","protected":false},"author":6,"featured_media":0,"comment_status":"open","ping_status":"open","sticky":false,"template":"","format":"standard","meta":{"footnotes":""},"categories":[40],"tags":[1833],"_links":{"self":[{"href":"https:\/\/obscom.intervozes.org.br\/index.php?rest_route=\/wp\/v2\/posts\/29698"}],"collection":[{"href":"https:\/\/obscom.intervozes.org.br\/index.php?rest_route=\/wp\/v2\/posts"}],"about":[{"href":"https:\/\/obscom.intervozes.org.br\/index.php?rest_route=\/wp\/v2\/types\/post"}],"author":[{"embeddable":true,"href":"https:\/\/obscom.intervozes.org.br\/index.php?rest_route=\/wp\/v2\/users\/6"}],"replies":[{"embeddable":true,"href":"https:\/\/obscom.intervozes.org.br\/index.php?rest_route=%2Fwp%2Fv2%2Fcomments&post=29698"}],"version-history":[{"count":1,"href":"https:\/\/obscom.intervozes.org.br\/index.php?rest_route=\/wp\/v2\/posts\/29698\/revisions"}],"predecessor-version":[{"id":29699,"href":"https:\/\/obscom.intervozes.org.br\/index.php?rest_route=\/wp\/v2\/posts\/29698\/revisions\/29699"}],"wp:attachment":[{"href":"https:\/\/obscom.intervozes.org.br\/index.php?rest_route=%2Fwp%2Fv2%2Fmedia&parent=29698"}],"wp:term":[{"taxonomy":"category","embeddable":true,"href":"https:\/\/obscom.intervozes.org.br\/index.php?rest_route=%2Fwp%2Fv2%2Fcategories&post=29698"},{"taxonomy":"post_tag","embeddable":true,"href":"https:\/\/obscom.intervozes.org.br\/index.php?rest_route=%2Fwp%2Fv2%2Ftags&post=29698"}],"curies":[{"name":"wp","href":"https:\/\/api.w.org\/{rel}","templated":true}]}}