{"id":29367,"date":"2015-11-05T17:50:24","date_gmt":"2015-11-05T17:50:24","guid":{"rendered":"https:\/\/obscom.intervozes.org.br\/?p=29367"},"modified":"2015-11-09T17:55:53","modified_gmt":"2015-11-09T17:55:53","slug":"por-que-precisamos-de-um-movimento-para-mulheres-ocuparem-a-midia","status":"publish","type":"post","link":"https:\/\/obscom.intervozes.org.br\/?p=29367","title":{"rendered":"Por que precisamos de um movimento para mulheres ocuparem a m\u00eddia"},"content":{"rendered":"<p style=\"margin: 0cm; margin-bottom: .0001pt; line-height: 21.0pt; background: white;\"><span style=\"font-family: 'Arial','sans-serif'; color: black;\"><strong>Por M\u00f4nica Mour\u00e3o<\/strong><\/span><\/p>\n<p>Depois de protagonizarem manifesta\u00e7\u00f5es contra o presidente da C\u00e2mara, Eduardo Cunha (PMDB-RJ), que, com o Projeto de Lei (PL) 5069, amea\u00e7a direitos sexuais e reprodutivos duramente conquistados, as mulheres agora ocupam a m\u00eddia.<\/p>\n<p style=\"margin: 0cm; margin-bottom: .0001pt; line-height: 21.0pt; background: white; orphans: auto; text-align: start; widows: 1; -webkit-text-stroke-width: 0px; word-spacing: 0px;\"><span style=\"font-family: 'Arial','sans-serif'; color: black;\">Nesta semana, colunas, blogs e outros espa\u00e7os autorais produzidos por homens est\u00e3o escutando o que as mulheres t\u00eam a dizer: ao inv\u00e9s de textos deles, textos delas. Textos nossos.<\/p>\n<p><\/span><\/p>\n<p style=\"line-height: 21.0pt; background: white; orphans: auto; text-align: start; widows: 1; -webkit-text-stroke-width: 0px; word-spacing: 0px; margin: 0cm 0cm 12.0pt 0cm;\"><span style=\"font-family: 'Arial','sans-serif'; color: black;\">A imagem estereotipada da mulher na m\u00eddia j\u00e1 \u00e9 bastante debatida \u2013 e criticada. O que n\u00e3o significa que seja um tema superado. Afinal, \u201cn\u00e3o se pode ser o que n\u00e3o se v\u00ea\u201d, ou \u201cyou can\u2019t be what you can\u2019t see\u201d, nas palavras de Marian Wright Edelman, ativista dos Estados Unidos pelos direitos das crian\u00e7as.<\/span><\/p>\n<p style=\"margin: 0cm; margin-bottom: .0001pt; line-height: 21.0pt; background: white; orphans: auto; text-align: start; widows: 1; -webkit-text-stroke-width: 0px; word-spacing: 0px;\"><span style=\"font-family: 'Arial','sans-serif'; color: black;\">L\u00e1,<span class=\"apple-converted-space\">\u00a0<\/span><em><span style=\"font-family: 'Arial','sans-serif';\"><a style=\"outline: none;\" title=\"\" href=\"http:\/\/therepresentationproject.org\/\" target=\"_blank\"><span style=\"text-decoration: none; text-underline: none;\">The Representation Project<\/span><\/a><\/span><\/em><span class=\"apple-converted-space\">\u00a0<\/span>acompanha a representa\u00e7\u00e3o da mulher nos meios de comunica\u00e7\u00e3o, celebra alguns avan\u00e7os e, principalmente, denuncia:<span class=\"apple-converted-space\">\u00a0<\/span><a style=\"outline: none;\" title=\"\" href=\"https:\/\/youtu.be\/NswJ4kO9uHc\" target=\"_blank\"><span style=\"text-decoration: none; text-underline: none;\">se o que se v\u00ea<\/span><\/a><span class=\"apple-converted-space\">\u00a0<\/span>\u00e9 majoritariamente a exibi\u00e7\u00e3o de corpos com um padr\u00e3o de beleza inating\u00edvel, mostrados como objetos para o consumo masculino, ser\u00e1 dif\u00edcil que meninas possam ser aut\u00f4nomas e protagonistas de suas hist\u00f3rias de vida.<\/p>\n<p><\/span><\/p>\n<p style=\"margin: 0cm; margin-bottom: .0001pt; line-height: 21.0pt; background: white; orphans: auto; text-align: start; widows: 1; -webkit-text-stroke-width: 0px; word-spacing: 0px;\"><span style=\"font-family: 'Arial','sans-serif'; color: black;\"><a style=\"outline: none;\" title=\"\" href=\"https:\/\/www.youtube.com\/watch?v=NgPlL0Vi-Qs\" target=\"_blank\"><span style=\"text-decoration: none; text-underline: none;\">No Brasil, n\u00e3o \u00e9 muito diferente<\/span><\/a>. Como em diversas outras quest\u00f5es, as mulheres negras sofrem ainda mais, representadas de forma hipersexualizada. Por conta de propaganda com esse teor, a cervejaria Devassa foi processada pelo Minist\u00e9rio P\u00fablico, em 2013.<\/p>\n<p><\/span><\/p>\n<p style=\"margin: 0cm; margin-bottom: .0001pt; line-height: 21.0pt; background: white; orphans: auto; text-align: start; widows: 1; -webkit-text-stroke-width: 0px; word-spacing: 0px;\"><span style=\"font-family: 'Arial','sans-serif'; color: black;\">Neste ano, a rep\u00f3rter Maria Julia Coutinho, conhecida como Maju, a \u201cmo\u00e7a do tempo\u201d do<em><span style=\"font-family: 'Arial','sans-serif';\">Jornal Nacional<\/span><\/em>, foi v\u00edtima de racismo na internet. Houve manifesta\u00e7\u00e3o de solidariedade dos colegas de telejornal, mas ela decidiu n\u00e3o fazer nenhuma den\u00fancia contra os agressores, postura oposta \u00e0 da atriz Ta\u00eds Ara\u00fajo.<\/p>\n<p><\/span><\/p>\n<p style=\"line-height: 21.0pt; background: white; orphans: auto; text-align: start; widows: 1; -webkit-text-stroke-width: 0px; word-spacing: 0px; margin: 0cm 0cm 12.0pt 0cm;\"><span style=\"font-family: 'Arial','sans-serif'; color: black;\">Ofendida nas redes sociais nessa semana, ela afirmou que vai processar os autores dos coment\u00e1rios. Afinal, racismo \u00e9 crime.<\/span><\/p>\n<p style=\"line-height: 21.0pt; background: white; orphans: auto; text-align: start; widows: 1; -webkit-text-stroke-width: 0px; word-spacing: 0px; margin: 0cm 0cm 12.0pt 0cm;\"><span style=\"font-family: 'Arial','sans-serif'; color: black;\">Al\u00e9m de n\u00e3o se poder ser o que n\u00e3o se pode ver, \u00e9 dif\u00edcil mostrar aquilo que n\u00e3o se \u00e9. Se vivemos numa sociedade machista, \u00f3bvio, diversas ideias e valores machistas est\u00e3o presentes tamb\u00e9m entre n\u00f3s, mulheres. Por\u00e9m, tamb\u00e9m somos muitas as que lutam contra essas ideias.<\/span><\/p>\n<p style=\"line-height: 21.0pt; background: white; orphans: auto; text-align: start; widows: 1; -webkit-text-stroke-width: 0px; word-spacing: 0px; margin: 0cm 0cm 12.0pt 0cm;\"><span style=\"font-family: 'Arial','sans-serif'; color: black;\">Vivemos experi\u00eancias particulares por sermos mulheres. Ou, mesmo quando estamos de acordo com o que dizem alguns homens, s\u00e3o eles, n\u00e3o n\u00f3s, que reverberam esses pensamentos. Da maneira deles, n\u00e3o da nossa. A m\u00eddia \u00e9 feita principalmente por homens, e por homens brancos, o que diminui consideravelmente a diversidade de pontos de vista que conhecemos sobre o mundo.<\/span><\/p>\n<p style=\"line-height: 21.0pt; background: white; orphans: auto; text-align: start; widows: 1; -webkit-text-stroke-width: 0px; word-spacing: 0px; margin: 0cm 0cm 12.0pt 0cm;\"><span style=\"font-family: 'Arial','sans-serif'; color: black;\">Numa breve pesquisa, a t\u00edtulo de exemplo, contamos quantos colunistas s\u00e3o homens e quantas s\u00e3o mulheres em dois ve\u00edculos de comunica\u00e7\u00e3o das maiores cidades do pa\u00eds.<\/span><\/p>\n<p style=\"margin: 0cm; margin-bottom: .0001pt; line-height: 21.0pt; background: white; orphans: auto; text-align: start; widows: 1; -webkit-text-stroke-width: 0px; word-spacing: 0px;\"><span style=\"font-family: 'Arial','sans-serif'; color: black;\">De 122 colunas da<span class=\"apple-converted-space\">\u00a0<\/span><em><span style=\"font-family: 'Arial','sans-serif';\">Folha de S.Paulo<\/span><\/em>, 34 s\u00e3o assinadas por mulheres, uma por crian\u00e7as que se revezam a cada m\u00eas e as demais 87 por homens. No portal<span class=\"apple-converted-space\">\u00a0<\/span><em><span style=\"font-family: 'Arial','sans-serif';\">G1<\/span><\/em>, a lista de colunas e blogs apresenta apenas 26 no total, sendo que nove s\u00e3o feitas por mulheres.<\/p>\n<p><\/span><\/p>\n<p style=\"margin: 0cm; margin-bottom: .0001pt; line-height: 21.0pt; background: white; orphans: auto; text-align: start; widows: 1; -webkit-text-stroke-width: 0px; word-spacing: 0px;\"><span style=\"font-family: 'Arial','sans-serif'; color: black;\">Mas o mundo virtual \u00e9 muito mais din\u00e2mico e o que \u201cbomba\u201d mesmo s\u00e3o canais do YouTube? Em mat\u00e9ria do<span class=\"apple-converted-space\">\u00a0<\/span><em><span style=\"font-family: 'Arial','sans-serif';\">Correio Braziliense<\/span><\/em><span class=\"apple-converted-space\">\u00a0<\/span>de fevereiro desse ano, a lista dos cinco canais mais acessados no Brasil revela que apenas um \u00e9 feito por uma mulher, o<em><span style=\"font-family: 'Arial','sans-serif';\">5incominutos<\/span><\/em>, em quarto lugar em n\u00famero de inscritos e acessos.<\/p>\n<p><\/span><\/p>\n<p style=\"margin: 0cm; margin-bottom: .0001pt; line-height: 21.0pt; background: white; orphans: auto; text-align: start; widows: 1; -webkit-text-stroke-width: 0px; word-spacing: 0px;\"><span style=\"font-family: 'Arial','sans-serif'; color: black;\">Em terceiro, o canal de humor<span class=\"apple-converted-space\">\u00a0<\/span><em><span style=\"font-family: 'Arial','sans-serif';\">Galo Frito<\/span><\/em>, no v\u00eddeo postado na mat\u00e9ria, faz uma par\u00f3dia do clipe Gagnam Style: \u201cEu vou te encoxar, te encoxar\u201d \u00e9 o refr\u00e3o dessa produ\u00e7\u00e3o assinada por homens e mulheres. Imposs\u00edvel ser mais representativo da cultura do estupro.<\/p>\n<p><\/span><\/p>\n<p style=\"margin: 0cm; margin-bottom: .0001pt; line-height: 21.0pt; background: white; orphans: auto; text-align: start; widows: 1; -webkit-text-stroke-width: 0px; word-spacing: 0px;\"><span style=\"font-family: 'Arial','sans-serif'; color: black;\">O canal n\u00famero 1,<span class=\"apple-converted-space\">\u00a0<\/span><em><span style=\"font-family: 'Arial','sans-serif';\">Porta dos Fundos<\/span><\/em>, n\u00e3o tem roteiristas mulheres (com rar\u00edssimas exce\u00e7\u00f5es, como um roteiro de coautoria de Clarice Falc\u00e3o e Greg\u00f3rio Duvivier) e apenas recentemente uma mulher se reveza na fun\u00e7\u00e3o de dire\u00e7\u00e3o.<\/p>\n<p><\/span><\/p>\n<p style=\"margin: 0cm; margin-bottom: .0001pt; line-height: 21.0pt; background: white; orphans: auto; text-align: start; widows: 1; -webkit-text-stroke-width: 0px; word-spacing: 0px;\"><span style=\"font-family: 'Arial','sans-serif'; color: black;\">Isso n\u00e3o significa que estamos caladas. Resistimos nos blogs e sites<span class=\"apple-converted-space\">\u00a0<\/span><a style=\"outline: none;\" title=\"\" href=\"http:\/\/blogueirasfeministas.com\/\" target=\"_blank\"><span style=\"text-decoration: none; text-underline: none;\">Blogueiras Feministas<\/span><\/a>,<span class=\"apple-converted-space\">\u00a0<\/span><a style=\"outline: none;\" title=\"\" href=\"http:\/\/lugardemulher.com.br\/\" target=\"_blank\"><span style=\"text-decoration: none; text-underline: none;\">Lugar de Mulher<\/span><\/a>,<span class=\"apple-converted-space\">\u00a0<\/span><a style=\"outline: none;\" title=\"\" href=\"http:\/\/www.geledes.org.br\/\" target=\"_blank\"><span style=\"text-decoration: none; text-underline: none;\">Geled\u00e9s<\/span><\/a>,<span class=\"apple-converted-space\">\u00a0<\/span><a style=\"outline: none;\" title=\"\" href=\"http:\/\/escrevalolaescreva.blogspot.com.br\/\" target=\"_blank\"><span style=\"text-decoration: none; text-underline: none;\">Escreva Lola Escreva<\/span><\/a>,<span class=\"apple-converted-space\">\u00a0<\/span><a style=\"outline: none;\" title=\"\" href=\"http:\/\/www.cartacapital.com.br\/www.cartacapital.com.br\/colunistas\/djamila-ribeiro\" target=\"_self\"><span style=\"text-decoration: none; text-underline: none;\">na coluna da pesquisadora Djamila Ribeiro aqui neste portal<\/span><\/a>, no canal<span class=\"apple-converted-space\">\u00a0<\/span><a style=\"outline: none;\" title=\"\" href=\"https:\/\/www.youtube.com\/user\/joutjoutprazer\" target=\"_blank\"><span style=\"text-decoration: none; text-underline: none;\">Jout Jout Prazer<\/span><\/a>.\u00a0A p\u00e1gina de Jout Jout no Facebook foi derrubada; um site falso foi feito em nome da professora Lola, que sofre ame\u00e7as de morte, estupro e, mais recentemente, de demiss\u00e3o.<\/p>\n<p><\/span><\/p>\n<p style=\"line-height: 21.0pt; background: white; orphans: auto; text-align: start; widows: 1; -webkit-text-stroke-width: 0px; word-spacing: 0px; margin: 0cm 0cm 12.0pt 0cm;\"><span style=\"font-family: 'Arial','sans-serif'; color: black;\">Organizamo-nos atrav\u00e9s da Rede Mulher e M\u00eddia, uma articula\u00e7\u00e3o formada em 2009 por entidades e ativistas que discutem e denunciam a representa\u00e7\u00e3o e a presen\u00e7a da mulher nos meios de comunica\u00e7\u00e3o.<\/span><\/p>\n<p style=\"line-height: 21.0pt; background: white; orphans: auto; text-align: start; widows: 1; -webkit-text-stroke-width: 0px; word-spacing: 0px; margin: 0cm 0cm 12.0pt 0cm;\"><span style=\"font-family: 'Arial','sans-serif'; color: black;\">Lutamos, junto com o movimento pela democratiza\u00e7\u00e3o da comunica\u00e7\u00e3o, por uma regula\u00e7\u00e3o dos meios que garanta mais diversidade e espa\u00e7o para a veicula\u00e7\u00e3o de conte\u00fados e produ\u00e7\u00f5es de todos os setores sociais, o que inclui mulheres negras, l\u00e9sbicas, idosas, com defici\u00eancia e de todas as regi\u00f5es do Brasil.<\/span><\/p>\n<p style=\"line-height: 21.0pt; background: white; orphans: auto; text-align: start; widows: 1; -webkit-text-stroke-width: 0px; word-spacing: 0px; margin: 0cm 0cm 12.0pt 0cm;\"><span style=\"font-family: 'Arial','sans-serif'; color: black;\">Nessa semana, ocupamos os espa\u00e7os deles para falar de n\u00f3s. Mas sabemos falar de muitos outros temas. Temos assunto para muito mais de uma semana.<\/span><\/p>\n<p style=\"line-height: 21.0pt; background: white; orphans: auto; text-align: start; widows: 1; -webkit-text-stroke-width: 0px; word-spacing: 0px; margin: 0cm 0cm 12.0pt 0cm;\"><span style=\"font-family: 'Arial','sans-serif'; color: black;\">Que o #Agora\u00c9QueS\u00e3oElas n\u00e3o apenas mostre o que temos a dizer, mas mostre o quanto ainda n\u00e3o temos espa\u00e7o suficiente para diz\u00ea-lo. Porque representatividade importa e porque sabemos: os nossos direitos quem conquistamos somos n\u00f3s.<\/span><\/p>\n<p style=\"margin: 0cm; margin-bottom: .0001pt; line-height: 21.0pt; background: white; orphans: auto; text-align: start; widows: 1; -webkit-text-stroke-width: 0px; word-spacing: 0px;\"><em><span style=\"font-family: 'Arial','sans-serif'; color: black;\">*M\u00f4nica Mour\u00e3o \u00e9 jornalista, feminista e integrante do Intervozes.<\/span><\/em><\/p>\n","protected":false},"excerpt":{"rendered":"<p>Nessa semana ocupamos espa\u00e7os deles para falar de n\u00f3s. Que o #Agora\u00c9QueS\u00e3oElas mostre o que temos a dizer e tamb\u00e9m o quanto ainda n\u00e3o temos espa\u00e7o.<\/p>\n","protected":false},"author":4,"featured_media":0,"comment_status":"open","ping_status":"open","sticky":false,"template":"","format":"standard","meta":{"footnotes":""},"categories":[42],"tags":[192],"_links":{"self":[{"href":"https:\/\/obscom.intervozes.org.br\/index.php?rest_route=\/wp\/v2\/posts\/29367"}],"collection":[{"href":"https:\/\/obscom.intervozes.org.br\/index.php?rest_route=\/wp\/v2\/posts"}],"about":[{"href":"https:\/\/obscom.intervozes.org.br\/index.php?rest_route=\/wp\/v2\/types\/post"}],"author":[{"embeddable":true,"href":"https:\/\/obscom.intervozes.org.br\/index.php?rest_route=\/wp\/v2\/users\/4"}],"replies":[{"embeddable":true,"href":"https:\/\/obscom.intervozes.org.br\/index.php?rest_route=%2Fwp%2Fv2%2Fcomments&post=29367"}],"version-history":[{"count":3,"href":"https:\/\/obscom.intervozes.org.br\/index.php?rest_route=\/wp\/v2\/posts\/29367\/revisions"}],"predecessor-version":[{"id":29370,"href":"https:\/\/obscom.intervozes.org.br\/index.php?rest_route=\/wp\/v2\/posts\/29367\/revisions\/29370"}],"wp:attachment":[{"href":"https:\/\/obscom.intervozes.org.br\/index.php?rest_route=%2Fwp%2Fv2%2Fmedia&parent=29367"}],"wp:term":[{"taxonomy":"category","embeddable":true,"href":"https:\/\/obscom.intervozes.org.br\/index.php?rest_route=%2Fwp%2Fv2%2Fcategories&post=29367"},{"taxonomy":"post_tag","embeddable":true,"href":"https:\/\/obscom.intervozes.org.br\/index.php?rest_route=%2Fwp%2Fv2%2Ftags&post=29367"}],"curies":[{"name":"wp","href":"https:\/\/api.w.org\/{rel}","templated":true}]}}