{"id":29344,"date":"2015-08-10T23:31:58","date_gmt":"2015-08-10T23:31:58","guid":{"rendered":"https:\/\/obscom.intervozes.org.br\/?p=29344"},"modified":"2015-10-05T23:34:53","modified_gmt":"2015-10-05T23:34:53","slug":"internautas-denunciam-personagem-racista-do-programa-panico-na-band","status":"publish","type":"post","link":"https:\/\/obscom.intervozes.org.br\/?p=29344","title":{"rendered":"Internautas denunciam personagem racista do programa \u2018P\u00e2nico na Band\u2019"},"content":{"rendered":"<p>Exibido na TV aberta todas as noites de domingo, o programa \u201cP\u00e2nico na Band\u201d vem fazendo, nas \u00faltimas semanas, apologia ao racismo com o novo personagem \u201cAfricano\u201d. Interpretado por Eduardo Sterblitch, que \u00e9 branco e se pinta de preto (black face) para representar um negro, a figura ridiculariza africanos e afrodescendentes com falas, gestos e dan\u00e7as consideradas extremamente preconceituosas e ofensivas.<\/p>\n<p>\u201cRepudiamos a maneira nojenta em que retratam os povos da \u00c1frica a fim de intensificar o mito de que tudo que vem da Africa e todo seu povo n\u00e3o tem educa\u00e7\u00e3o e merece gargalhadas de esc\u00e1rnio\u201d, escreveram os organizadores do evento \u201cRep\u00fadio ao racismo do personagem Africano no P\u00e2nico na Band\u201d no Facebook. Na p\u00e1gina, internautas discutem o preconceito exposto e estudam meios para processar o programa e tirar o personagem do ar.<\/p>\n<p>Criado no m\u00eas passado, o \u201cAfricano\u201d faz parte do quadro \u201cP\u00e2nico Chef\u201d, par\u00f3dia do reallity show de culin\u00e1ria \u201cMaster Chef\u201d. Quando aparece, \u201cAfricano\u201d, de forma pejorativa, \u201crecebe entidades\u201d \u2013 ridicularizando religi\u00f5es de matriz africana -, n\u00e3o se comunica de forma civilizada, se joga no ch\u00e3o, faz gestos de macaco e em v\u00e1rios momentos \u00e9 colocado como um ser primitivo. \u201cPlanta e colhe\u201d, aparece na legenda de suas \u201catribui\u00e7\u00f5es\u201d como \u201ccozinheiro\u201d.<\/p>\n<p>\u201cA deprecia\u00e7\u00e3o da imagem do africano e afro-brasileiro est\u00e1 intimamente ligada a um processo de domina\u00e7\u00e3o e opress\u00e3o, a partir do simb\u00f3lico e da manuten\u00e7\u00e3o dos privil\u00e9gios de uma elite branca e racista. Outro aspecto que merece ser destacado nessa discuss\u00e3o \u00e9 que as frequ\u00eancias de transmiss\u00e3o dos canais s\u00e3o p\u00fablicos e as emissoras recebem concess\u00f5es para explorar esses espa\u00e7os com o compromisso de zelar pelos interesses p\u00fablicos. Tamb\u00e9m \u00e9 importante destacar que o direito a liberdade de express\u00e3o n\u00e3o est\u00e1 acima de nenhum outro direito, sobretudo os direitos humanos e o respeito a dignidade humana\u201d, escreveu, em seu blog, Juninho Palmarino, jornalista e militante do movimento negro no C\u00edrculo Palmarino.<\/p>\n<p>Al\u00e9m das redes sociais brasileiras, o preconceito destilado pelo programa atingiu at\u00e9 jornais africanos. O SeneWeb, de Senegal, por exemplo, publicou neste domingo (9), a seguinte postagem seguida de um v\u00eddeo do personagem: \u201cO Brasil \u00e9 um pa\u00eds racista? Vejam como eles riem dos africanos!\u201d<\/p>\n<p><em>Publicada em Portal F\u00f3rum<\/em><\/p>\n","protected":false},"excerpt":{"rendered":"<p>Com direito a \u201cblack face\u201d, o personagem interpretado por Eduardo Sterblitch se comporta como um selvagem, ridiculariza religi\u00f5es de matriz africana e faz dan\u00e7as e gestos que remetem a um macaco.<\/p>\n","protected":false},"author":3,"featured_media":0,"comment_status":"open","ping_status":"open","sticky":false,"template":"","format":"standard","meta":{"footnotes":""},"categories":[40],"tags":[1834],"_links":{"self":[{"href":"https:\/\/obscom.intervozes.org.br\/index.php?rest_route=\/wp\/v2\/posts\/29344"}],"collection":[{"href":"https:\/\/obscom.intervozes.org.br\/index.php?rest_route=\/wp\/v2\/posts"}],"about":[{"href":"https:\/\/obscom.intervozes.org.br\/index.php?rest_route=\/wp\/v2\/types\/post"}],"author":[{"embeddable":true,"href":"https:\/\/obscom.intervozes.org.br\/index.php?rest_route=\/wp\/v2\/users\/3"}],"replies":[{"embeddable":true,"href":"https:\/\/obscom.intervozes.org.br\/index.php?rest_route=%2Fwp%2Fv2%2Fcomments&post=29344"}],"version-history":[{"count":2,"href":"https:\/\/obscom.intervozes.org.br\/index.php?rest_route=\/wp\/v2\/posts\/29344\/revisions"}],"predecessor-version":[{"id":29346,"href":"https:\/\/obscom.intervozes.org.br\/index.php?rest_route=\/wp\/v2\/posts\/29344\/revisions\/29346"}],"wp:attachment":[{"href":"https:\/\/obscom.intervozes.org.br\/index.php?rest_route=%2Fwp%2Fv2%2Fmedia&parent=29344"}],"wp:term":[{"taxonomy":"category","embeddable":true,"href":"https:\/\/obscom.intervozes.org.br\/index.php?rest_route=%2Fwp%2Fv2%2Fcategories&post=29344"},{"taxonomy":"post_tag","embeddable":true,"href":"https:\/\/obscom.intervozes.org.br\/index.php?rest_route=%2Fwp%2Fv2%2Ftags&post=29344"}],"curies":[{"name":"wp","href":"https:\/\/api.w.org\/{rel}","templated":true}]}}