{"id":29270,"date":"2015-04-29T21:56:00","date_gmt":"2015-04-29T21:56:00","guid":{"rendered":"https:\/\/obscom.intervozes.org.br\/?p=29270"},"modified":"2015-09-01T23:28:24","modified_gmt":"2015-09-01T23:28:24","slug":"so-com-regulamentacao-politica-vamos-acabar-com-os-monopolios-na-internet","status":"publish","type":"post","link":"https:\/\/obscom.intervozes.org.br\/?p=29270","title":{"rendered":"\u201cS\u00f3 com regulamenta\u00e7\u00e3o pol\u00edtica vamos acabar com os monop\u00f3lios na internet\u201d"},"content":{"rendered":"<p>A CryptoRave reuniu hackers, ativistas e estudiosos da internet em uma maratona de atividades em 24h seguidas, na cidade de S\u00e3o Paulo, nos dias 24 e 25 de abril. Foram 37 espa\u00e7os que debateram seguran\u00e7a, criptografia, vigil\u00e2ncia de ag\u00eancias de seguran\u00e7a &#8211; como a estadunidense NSA -, liberdade de express\u00e3o e privacidade, al\u00e9m dos monop\u00f3lios da internet.<\/p>\n<p>O sueco Peter Sunden, cofundador do The Pirate Bay, um dos maiores sites de busca, download e envio de arquivos \u2013 muitos dos quais \u201cpiratas\u201d, como o nome sugere \u2013 foi um dos participantes da Rave.<\/p>\n<p>O site e seus fundadores s\u00e3o alvos de constante persegui\u00e7\u00e3o. Em 2008, Sunden e mais tr\u00eas fundadores do Pirate Bay foram levados a julgamento pela Justi\u00e7a sueca, acusados de \u201cajudar (outros) a infrigir leis de copyright\u201d. Em 2009, ele foi condenado a um ano de pris\u00e3o.<\/p>\n<p>Em entrevista ao Brasil de Fato, Sunden analisa como a internet se tornou centralizada e cheia de monop\u00f3lios. Ele tamb\u00e9m aponta as consequ\u00eancias da coleta de dados pelas ag\u00eancias de vigil\u00e2ncia e questiona a parceria que o governo brasileiro est\u00e1 fazendo com o Facebook.<\/p>\n<p><strong>Brasil de Fato &#8211; Qual sua opini\u00e3o sobre o funcionamento da internet hoje?<\/strong><\/p>\n<p><strong>Peter Sunden &#8211;<\/strong> A internet vai contra todos os ideais sob os quais ela foi fundada. Basicamente, criamos um sistema descentralizado, mas toda a informa\u00e7\u00e3o foi centralizada por grandes empresas. \u00c9 como dar ao mundo uma geladeira, mas usar um \u00fanico compartimento gigante para armazenar tudo, o que \u00e9 muito est\u00fapido.<\/p>\n<p>Devemos come\u00e7ar a perceber que com essa centraliza\u00e7\u00e3o vamos perder em termos de informa\u00e7\u00e3o, cultura, comunica\u00e7\u00e3o e, tamb\u00e9m, infraestrutura, porque tudo depende mais e mais da internet. Somos ing\u00eanuos, deixamos chegar a este ponto porque utilizamos essa tecnologia por muito tempo sem pensar no que ela significava.<\/p>\n<p><strong>O que voc\u00ea diria para algu\u00e9m que fala que a internet \u00e9 um espa\u00e7o livre e democr\u00e1tico?<\/strong><\/p>\n<p><strong>P.S. &#8211;<\/strong> O capitalismo promete v\u00e1rias coisas, mas nunca te diz o custo. Na internet, voc\u00ea pode ficar no seu canto, criar uma rede social livre, mas os usu\u00e1rios n\u00e3o v\u00e3o vir, porque eles est\u00e3o nesse shopping chamado Facebook. Voc\u00ea pode ter sua lojinha, mas nunca ter\u00e1 clientes. Por isso, do jeito que usamos a internet hoje, a internet n\u00e3o \u00e9 realmente \u201clivre\u201d.<\/p>\n<p>O principal problema \u00e9 que n\u00e3o h\u00e1 regula\u00e7\u00e3o. N\u00e3o criamos leis que protegessem nossa privacidade, nossos direitos, porque a rede \u00e9 vista como um \u201cmercado aberto\u201d, que todos poderiam usar. Mas n\u00e3o devemos tratar a internet como um mercado. Ela \u00e9 uma infraestrutura, e temos que discutir quem a controla e as leis para seu funcionamento.<\/p>\n<p><strong>Como o The Pirate Bay foi criado?<\/strong><\/p>\n<p><strong>P.S. &#8211;\u00a0<\/strong>Eu queria dizer que t\u00ednhamos um grande plano, mas n\u00e3o era o caso. Come\u00e7amos o Pirate Bay porque quer\u00edamos brincar com tecnologia nova.<\/p>\n<p><strong>Como voc\u00ea enxerga a pirataria, tanto no mundo real como no virtual?<\/strong><\/p>\n<p><strong>P.S. &#8211;\u00a0<\/strong>A pirataria no mundo real, se falarmos de informa\u00e7\u00e3o, como filmes que s\u00e3o gravados num cd, tem um custo de produ\u00e7\u00e3o. A pirataria online n\u00e3o tem esse custo, pois n\u00e3o h\u00e1 o objeto f\u00edsico que deve ser produzido. Se voc\u00ea \u00e9 contra as pessoas que lucram com a pirataria, a pirataria online resolve isso, tirando o dinheiro da equa\u00e7\u00e3o.<\/p>\n<p>Fora isso, elas s\u00e3o similares, pois d\u00e3o a pessoas que n\u00e3o teriam condi\u00e7\u00f5es de obter um certo produto ou informa\u00e7\u00e3o a chance de t\u00ea-lo.<\/p>\n<p><strong>Qual o impacto que as leis de copyright causam na cultura?<\/strong><\/p>\n<p><strong>P.S. &#8211;\u00a0<\/strong>Essas leis s\u00e3o uma doen\u00e7a e est\u00e3o se espalhando rapidamente. O Brasil tentou, com [o ex-ministro] Gilberto Gil e outras pessoas vision\u00e1rias, fazer algo sobre isso e trabalhar com Creative Commons e outras alternativas ao copyright.<\/p>\n<p>O copyright n\u00e3o \u00e9 feito para pessoas, \u00e9 feito para companhias, empres\u00e1rios que j\u00e1 dominam o mercado e podem comprar copyright dos artistas para controlar o mercado. E ent\u00e3o os consumidores s\u00e3o obrigados a pagar o pre\u00e7o que essas pessoas querem. Isso que \u00e9 o copyright \u00e9: um monop\u00f3lio para empresas e pessoas ricas.<\/p>\n<p><strong>Como voc\u00ea avalia o trabalho do Wikileaks? H\u00e1 formas de melhorar a plataforma e permitir que mais documentos vazem?<\/strong><\/p>\n<p><strong>P.S. &#8211;\u00a0<\/strong>Com o Wikileaks temos novamente o problema de centralizar a comunica\u00e7\u00e3o na rede. Independente de sua import\u00e2ncia, o Wikileaks n\u00e3o \u00e9 a \u00fanica plataforma de vazamento de arquivos; h\u00e1 outras, mas estas n\u00e3o recebem aten\u00e7\u00e3o. A maior coisa que dev\u00edamos fazer em rela\u00e7\u00e3o \u00e0 internet \u00e9 descentralizar, e isso vale para todas as \u00e1reas.<\/p>\n<p>N\u00e3o dever\u00edamos ter s\u00f3 um sistema de compartihamento de arquivos, devemos ter v\u00e1rios; n\u00e3o devemos ter s\u00f3 uma plataforma para vazar aquivos, precisamos de v\u00e1rias. H\u00e1 outros grupos como o Intercept, do Glenn Greenwald, que tenta fazer o mesmo que o Wikileaks faz, mas com um vi\u00e9s mais jornal\u00edstico.<\/p>\n<p>Quando Edward Snowden entregou os documentos ao Greenwald, eles tiveram uma forma de vazar os arquivos interessante, liberando documentos de pouco em pouco, deixando que eles causassem impacto. \u00c9 uma alternativa melhor ao que o Wikileaks faz, de despejar centenas de milhares de documentos de uma vez sobre um tema, como fizeram com a Guerra do Afeganist\u00e3o.<\/p>\n<p><strong>Como \u00e9 poss\u00edvel descentralizar a internet, dado esse panorama de monop\u00f3lios?<\/strong><\/p>\n<p><strong>P.S. &#8211;\u00a0<\/strong>Infelizmente, com regula\u00e7\u00e3o pol\u00edtica. Passamos da \u00e9poca em que a tecnologia sozinha resolveria o problema. Podemos criar a melhor rede social poss\u00edvel, aberta, mas ela n\u00e3o teria usu\u00e1rios, pois os usu\u00e1rios est\u00e3o no Facebook.<\/p>\n<p>A regula\u00e7\u00e3o deveria funcionar para proteger os usu\u00e1rios e impedir que as companhias utilizem os dados deles \u00e0 vontade. Por exemplo, se o Facebook quer ter usu\u00e1rios brasileiros, ele deveria assinar um acordo no qual os dados s\u00e3o do usu\u00e1rio, n\u00e3o da empresa. Se criarmos regras e padr\u00f5es assim, alguma coisa pode mudar.<\/p>\n<p>Agora, n\u00e3o importa se voc\u00ea tem a tecnologia sem os usu\u00e1rios. E discutir esses assuntos no Facebook \u00e9 dif\u00edcil, porque eles censuram muitas coisas que voc\u00ea escreve e posta, muitas vezes sem que voc\u00ea saiba.<\/p>\n<p>O Facebook \u00e9 a maior ditadura que existe no mundo. Com uma popula\u00e7\u00e3o maior que a da China, e tem um ditador totalit\u00e1rio. \u00c9 um \u201cpa\u00eds\u201d assustador que emerge, e precisamos de regula\u00e7\u00e3o para combater isso.<\/p>\n<p><strong>Qual o objetivo da coleta massiva de informa\u00e7\u00f5es da internet, por ag\u00eancias como a NSA?<\/strong><\/p>\n<p><strong>P.S. &#8211;\u00a0<\/strong>Voc\u00ea pode usar informa\u00e7\u00e3o, mesmo se n\u00e3o souber para o qu\u00ea ainda. Um exemplo cl\u00e1ssico \u00e9 que na Su\u00e9cia o governo come\u00e7ou um programa chamado PKU. A ideia era que cada crian\u00e7a rec\u00e9m-nascida que faria parte do programa doaria uma amostra de sangue. Com tantas amostras, era poss\u00edvel resgatar as \u00e1rvores geneal\u00f3gicas e fazer estudos sobre doen\u00e7as gen\u00e9ticas. \u00c9 um \u00f3timo sistema, que ajudou muitas pessoas e curou doen\u00e7as, al\u00e9m de avan\u00e7ar na pesquisa contra o c\u00e2ncer.<\/p>\n<p>Em 2003, a ministra de assuntos internacionais da Su\u00e9cia, Anna Lindh, foi assassinada, e a pol\u00edcia, que tinha amostras de DNA do assassino, mas n\u00e3o sabia quem era, foi at\u00e9 o laborat\u00f3rio do PKU, que tinha o registro de todo mundo nascido desde 1979, e descobriu quem era o assassino. A partir da\u00ed, o registro ao PKU foi obrigat\u00f3rio e as pessoas n\u00e3o podem sair mais do projeto.<\/p>\n<p>De fato, isso pode ajudar a resolver crimes, mas n\u00f3s concordamos com isso como sociedade? N\u00e3o, nunca discutimos. E isso \u00e9 o que ocorre hoje na internet: a NSA pode n\u00e3o ter necessidade ou saber o uso que essas informa\u00e7\u00f5es ter\u00e3o hoje, mas um uso vai existir no futuro. E ser\u00e1 muito bom para o governo estadunidense ter guardado tudo isso.<\/p>\n<p>E costumamos esquecer a hist\u00f3ria rapidamente. Os nazistas usaram arquivos com os nomes e endere\u00e7os dos judeus para encontr\u00e1-los e realizar assassinatos. Ent\u00e3o, o objetivo das ag\u00eancias de intelig\u00eancia n\u00e3o \u00e9 s\u00f3 guardar uma coisa sem ter motivo; num futuro essas informa\u00e7\u00f5es podem ter uso, e isso vai ser problem\u00e1tico para n\u00f3s.<\/p>\n<p><strong>Como uma pessoa normal pode proteger seus dados na internet?<\/strong><\/p>\n<p><strong>P.S. &#8211;\u00a0<\/strong>Existem ferramentas, mas o problema \u00e9 que essas ferramentas s\u00e3o separadas dos sistemas que as pessoas usam. Mesmo se criarmos um \u00f3timo sistema de chat, as pessoas v\u00e3o continuar conversando pelo Facebook. A criptografia, por mais segura que seja ao impedir que o conte\u00fado da mensagem seja visto, n\u00e3o impede que as ag\u00eancias de vigil\u00e2ncia saibam quem fala com quem.<\/p>\n<p>Voc\u00ea pode se proteger usando encripta\u00e7\u00e3o, e \u00e9 importante, mas isso \u00e9 basicamente uma camisinha. Voc\u00ea est\u00e1 protegendo voc\u00ea e a outra pessoa contra a doen\u00e7a, mas n\u00e3o est\u00e1 protegendo a todos, nem curando a doen\u00e7a. E acho que precisamos fazer ambos. Temos que nos proteger e ensinar mais pessoas a utilizarem essas \u201ccamisinhas da internet\u201d, como criptografia e plataformas alternativas de comunica\u00e7\u00e3o, mas tamb\u00e9m precisamos evitar o avan\u00e7o da doen\u00e7a.<\/p>\n<p>S\u00f3 vamos fazer isso pressionando os pol\u00edticos, os governos e fazendo com que eles entendam os problemas que essa vigil\u00e2ncia causa a um pa\u00eds e criem formas de regulamenta\u00e7\u00e3o. Est\u00e1 na hora de colocar os p\u00e9s no ch\u00e3o e impedir que isso continue, antes que seja tarde demais.<\/p>\n<p><strong>Qual a sua opini\u00e3o sobre a parceria que o governo brasileiro fez com o Facebook para levar internet a regi\u00f5es mais remotas?<\/strong><\/p>\n<p><strong>P.S. &#8211;\u00a0<\/strong>Acho est\u00fapido o governo brasileiro ir a apenas uma companhia para fazer um projeto assim. Deveriam trabalhar com todos. N\u00e3o tenho certeza quais os termos do acordo, mas para o Facebook isso \u00e9 uma manobra de rela\u00e7\u00f5es p\u00fablicas. E n\u00e3o entendo o porqu\u00ea dessa parceria agora.<\/p>\n<p>O Facebook n\u00e3o tem nenhum interesse com a privacidade, eles querem o oposto. E um projeto assim permite que se domine a infraestrutura, o que facilita controlar os usu\u00e1rios e ter certeza que eles n\u00e3o deixem a rede.<\/p>\n<p>O Governo Lula apoiava softwares livres e solu\u00e7\u00f5es mais democr\u00e1ticas para a rede. N\u00e3o sei porque o interesse de come\u00e7ar a trabalhar com algu\u00e9m que \u00e9 o inimigo neste caso. O Facebook n\u00e3o vai ajudar a manter a privacidade das pessoas intacta.<\/p>\n<p><em>Entrevista concedida a Jos\u00e9 Coutinho J\u00fanior, publicada em Brasil de Fato &#8211; www.brasildefato.com.br<\/em><\/p>\n","protected":false},"excerpt":{"rendered":"<p>Um dos fundadores do site The Pirate Bay analisa como a internet se tornou centralizada e cheia de monop\u00f3lios e questiona a parceria que o governo brasileiro est\u00e1 fazendo com o Facebook.<\/p>\n","protected":false},"author":3,"featured_media":0,"comment_status":"open","ping_status":"open","sticky":false,"template":"","format":"standard","meta":{"footnotes":""},"categories":[43],"tags":[542,1839],"_links":{"self":[{"href":"https:\/\/obscom.intervozes.org.br\/index.php?rest_route=\/wp\/v2\/posts\/29270"}],"collection":[{"href":"https:\/\/obscom.intervozes.org.br\/index.php?rest_route=\/wp\/v2\/posts"}],"about":[{"href":"https:\/\/obscom.intervozes.org.br\/index.php?rest_route=\/wp\/v2\/types\/post"}],"author":[{"embeddable":true,"href":"https:\/\/obscom.intervozes.org.br\/index.php?rest_route=\/wp\/v2\/users\/3"}],"replies":[{"embeddable":true,"href":"https:\/\/obscom.intervozes.org.br\/index.php?rest_route=%2Fwp%2Fv2%2Fcomments&post=29270"}],"version-history":[{"count":1,"href":"https:\/\/obscom.intervozes.org.br\/index.php?rest_route=\/wp\/v2\/posts\/29270\/revisions"}],"predecessor-version":[{"id":29271,"href":"https:\/\/obscom.intervozes.org.br\/index.php?rest_route=\/wp\/v2\/posts\/29270\/revisions\/29271"}],"wp:attachment":[{"href":"https:\/\/obscom.intervozes.org.br\/index.php?rest_route=%2Fwp%2Fv2%2Fmedia&parent=29270"}],"wp:term":[{"taxonomy":"category","embeddable":true,"href":"https:\/\/obscom.intervozes.org.br\/index.php?rest_route=%2Fwp%2Fv2%2Fcategories&post=29270"},{"taxonomy":"post_tag","embeddable":true,"href":"https:\/\/obscom.intervozes.org.br\/index.php?rest_route=%2Fwp%2Fv2%2Ftags&post=29270"}],"curies":[{"name":"wp","href":"https:\/\/api.w.org\/{rel}","templated":true}]}}