{"id":29065,"date":"2015-04-22T18:00:53","date_gmt":"2015-04-22T18:00:53","guid":{"rendered":"https:\/\/obscom.intervozes.org.br\/?p=29065"},"modified":"2015-08-30T18:21:31","modified_gmt":"2015-08-30T18:21:31","slug":"intervozes-lanca-pesquisa-sobre-a-cobertura-jornalistica-das-manifestacoes-de-junho-de-2013","status":"publish","type":"post","link":"https:\/\/obscom.intervozes.org.br\/?p=29065","title":{"rendered":"Intervozes lan\u00e7a pesquisa sobre cobertura jornal\u00edstica das manifesta\u00e7\u00f5es de junho"},"content":{"rendered":"<p>Na \u00faltima quinta-feira, 16 de abril, o bloco dos cursos de Jornalismo e Rela\u00e7\u00f5es P\u00fablicas da Universidade Federal de Alagoas (Ufal) recebeu o lan\u00e7amento da pesquisa Vozes Silenciadas M\u00eddia e protestos: a cobertura das manifesta\u00e7\u00f5es de junho de 2013 nos jornais O Estado de S. Paulo, Folha de S. Paulo e O Globo. O idealizador da pesquisa, professor doutor Sivaldo Pereira da Silva, concedeu entrevista para a Assessoria de Comunica\u00e7\u00e3o \u2013 Jornalismo e Rela\u00e7\u00f5es P\u00fablicas detalhando o processo desse estudo que conta com o auxilio de alguns estudantes de Jornalismo e do coletivo Intervozes, organiza\u00e7\u00e3o respons\u00e1vel pela publica\u00e7\u00e3o da pesquisa e que trabalha pela efetiva\u00e7\u00e3o do direito humano \u00e0 comunica\u00e7\u00e3o no Brasil.<\/p>\n<p><strong>Ascom \u2013 Jornalismo e Rela\u00e7\u00f5es P\u00fablicas: Como surgiu a ideia de analisar a cobertura dos protestos ocorridos em 2013 e transforma-las em pesquisa?<\/strong><\/p>\n<p><strong>S.P. &#8211;<\/strong> Eu tenho realizado estudos comparativos h\u00e1 algum tempo e tamb\u00e9m estudos sobre comunica\u00e7\u00e3o e pol\u00edtica. O Intervozes, organiza\u00e7\u00e3o civil que atua no campo da democratiza\u00e7\u00e3o da comunica\u00e7\u00e3o e que publicou o trabalho, tamb\u00e9m tem desenvolvido estudos em parcerias com pesquisadores neste campo. Assim, a ideia de analisarmos protestos surge justamente porque se trata de um evento importante da hist\u00f3ria recente do pa\u00eds e quer\u00edamos compreender como os meios de comunica\u00e7\u00e3o, especialmente o jornalismo, fizeram a cobertura deste evento.<\/p>\n<p><strong>Como se deu a forma\u00e7\u00e3o da equipe de pesquisa e o processo de apura\u00e7\u00e3o?<\/strong><\/p>\n<p><strong>S.P. &#8211;<\/strong> Como se tratava de um grande volume de material, com mais de mil not\u00edcias, onde cada texto era analisado e seus dados colocados em uma planilha eletr\u00f4nica, ent\u00e3o precis\u00e1vamos fazer double checking, isto \u00e9, confirmar o mesmo dado duas vezes, por duas pessoas diferentes. Para viabilizar isso, o Intervozes disponibilizou algumas bolsas para estudantes auxiliarem neste processo e assim pudemos contar com a participa\u00e7\u00e3o de sete estudantes: Ariane Sapucaia, Beatriz Alexandrino, Eduardo Jorge, Filipe Rodrigues, Larissa Vasconcelos, M\u00e1rcio Anast\u00e1cio e Uiliana Lima. A maioria fazia parte do Coscentro, projeto de extens\u00e3o que coordeno ou do GpoliTICs, grupo de pesquisa que tamb\u00e9m coordeno. Alguns bolsistas participaram no in\u00edcio da coleta, outros mais no final. Quanto ao processo de apura\u00e7\u00e3o dos dados, os pesquisadores recebiam informa\u00e7\u00f5es e treinamento b\u00e1sico para entender as categorias da planilha e como operar a planilha eletr\u00f4nica. Faziam aplica\u00e7\u00f5es testes para verificar se estavam aptos para continuar. E a partir da\u00ed, aplicava a planilha em cada mat\u00e9ria respondendo quest\u00f5es qualitativas e quantitativas solicitadas. Ao final do processo de coleta eu reuni as informa\u00e7\u00f5es de todas as mat\u00e9rias e fiz a tabula\u00e7\u00e3o e an\u00e1lise, isto \u00e9, cruzamento de dados, identifica\u00e7\u00e3o de padr\u00f5es, produ\u00e7\u00e3o de gr\u00e1ficos e texto com os resultados finais do estudo. Foi um trabalho que durou cerca de 6 meses sendo bastante \u00e1rduo pelo volume de informa\u00e7\u00f5es que trabalhamos.<\/p>\n<p><strong>A pesquisa possui um olhar objetivo apenas em fun\u00e7\u00e3o da an\u00e1lise ou toma forma critica a respeito do modo como as coberturas jornal\u00edsticas foram feitas na \u00e9poca?<\/strong><\/p>\n<p><strong>S.P. &#8211;\u00a0<\/strong>A metodologia foi desenvolvida para tentar analisar indicadores que pudessem esclarecer elementos importantes nas mat\u00e9rias, principalmente quest\u00f5es de cunho normativo e qualitativo. Por exemplo, como os manifestantes eram qualificados; se as mat\u00e9rias ouviam os dois lados quando traziam acusa\u00e7\u00f5es; quem eram as fontes mais ouvidas; quem as mat\u00e9rias apontavam como causador de atos violentos nos protestos&#8230; Enfim, uma s\u00e9rie de indicadores como esses. Por isso, buscamos fazer uma an\u00e1lise objetiva baseando-nos em n\u00fameros e qualifica\u00e7\u00f5es objetivas. Justamente pelo fato do jornalismo ter um importante papel na constru\u00e7\u00e3o da vida social, esses problemas t\u00eam impacto pol\u00edtico e por isso a pesquisa nos permite tecer algumas cr\u00edticas neste sentido. Portanto, podemos dizer que \u00e9 um estudo cr\u00edtico baseado nos resultados de uma an\u00e1lise objetiva.<\/p>\n<p><strong>Quais foram os resultados obtidos pela pesquisa?<\/strong><\/p>\n<p><strong>S.P. &#8211;<\/strong> Os resultados demonstram uma s\u00e9rie de problemas na cobertura dos jornais que envolvem qualidade da apura\u00e7\u00e3o jornal\u00edstica; n\u00e3o cumprimento de princ\u00edpios normativos e \u00e9ticos. Por exemplo, cerca de 40% das mat\u00e9rias s\u00f3 ouvem uma fonte, sendo as autoridades governamentais e policiamento as \u00fanicas fontes mais ouvidas. Cerca de 77% das mat\u00e9rias trazem acusa\u00e7\u00f5es, mas n\u00e3o ouvem os dois lados da quest\u00e3o, sendo os manifestantes aqueles que mais s\u00e3o acusados sem serem ouvidos. No geral, em 69% do total das mat\u00e9rias, os manifestantes n\u00e3o s\u00e3o ouvidos. Os n\u00fameros apontam que h\u00e1 um padr\u00e3o na cobertura dos tr\u00eas jornais analisados: n\u00e3o se trata de casos isolados. Um cen\u00e1rio que implica n\u00e3o apenas na qualidade do texto noticioso, mas tem repercuss\u00f5es na vida real, pois demonstra que h\u00e1 pouca pluralidade de vozes na cobertura e um vi\u00e9s institucionalista no jornalismo brasileiro. Os resultados completos do estudo foram publicados em formato impresso e tamb\u00e9m em formato digital. Quem tiver interesse, pode baixar gratuitamente em PDF no site do Intervozes.<\/p>\n<p>Link: http:\/\/goo.gl\/ekiMbG<\/p>\n<p><em>Entrevista concedida a Diogo Maia, publicada no portal da\u00a0Universidade Federal de Alagoas &#8211;\u00a0www.ufal.edu.br<\/em><\/p>\n","protected":false},"excerpt":{"rendered":"<p>No lan\u00e7amento da pesquisa Vozes Silenciadas: m\u00eddia e protestos, o professor doutor Sivaldo Pereira detalha o projeto e exp\u00f5e seus resultados. <\/p>\n","protected":false},"author":3,"featured_media":0,"comment_status":"open","ping_status":"open","sticky":false,"template":"","format":"standard","meta":{"footnotes":""},"categories":[43],"tags":[1834],"_links":{"self":[{"href":"https:\/\/obscom.intervozes.org.br\/index.php?rest_route=\/wp\/v2\/posts\/29065"}],"collection":[{"href":"https:\/\/obscom.intervozes.org.br\/index.php?rest_route=\/wp\/v2\/posts"}],"about":[{"href":"https:\/\/obscom.intervozes.org.br\/index.php?rest_route=\/wp\/v2\/types\/post"}],"author":[{"embeddable":true,"href":"https:\/\/obscom.intervozes.org.br\/index.php?rest_route=\/wp\/v2\/users\/3"}],"replies":[{"embeddable":true,"href":"https:\/\/obscom.intervozes.org.br\/index.php?rest_route=%2Fwp%2Fv2%2Fcomments&post=29065"}],"version-history":[{"count":3,"href":"https:\/\/obscom.intervozes.org.br\/index.php?rest_route=\/wp\/v2\/posts\/29065\/revisions"}],"predecessor-version":[{"id":29068,"href":"https:\/\/obscom.intervozes.org.br\/index.php?rest_route=\/wp\/v2\/posts\/29065\/revisions\/29068"}],"wp:attachment":[{"href":"https:\/\/obscom.intervozes.org.br\/index.php?rest_route=%2Fwp%2Fv2%2Fmedia&parent=29065"}],"wp:term":[{"taxonomy":"category","embeddable":true,"href":"https:\/\/obscom.intervozes.org.br\/index.php?rest_route=%2Fwp%2Fv2%2Fcategories&post=29065"},{"taxonomy":"post_tag","embeddable":true,"href":"https:\/\/obscom.intervozes.org.br\/index.php?rest_route=%2Fwp%2Fv2%2Ftags&post=29065"}],"curies":[{"name":"wp","href":"https:\/\/api.w.org\/{rel}","templated":true}]}}