{"id":29062,"date":"2015-01-19T17:40:12","date_gmt":"2015-01-19T17:40:12","guid":{"rendered":"https:\/\/obscom.intervozes.org.br\/?p=29062"},"modified":"2015-08-30T17:41:51","modified_gmt":"2015-08-30T17:41:51","slug":"dilma-reafirma-defesa-da-regulacao-da-midia","status":"publish","type":"post","link":"https:\/\/obscom.intervozes.org.br\/?p=29062","title":{"rendered":"Dilma reafirma defesa da regula\u00e7\u00e3o da m\u00eddia"},"content":{"rendered":"<p>Em um v\u00eddeo publicado no domingo (18) no <a href=\"https:\/\/www.facebook.com\/SiteDilmaRousseff?fref=nf\" target=\"_blank\">perfil de Dilma Rousseff <\/a>no Facebook, a presidenta volta a defender a regula\u00e7\u00e3o da m\u00eddia. A p\u00e1gina, que \u00e9 administrada pelo PT, fez quest\u00e3o de afastar as pol\u00eamicas que tentam associar a medida a algum tipo de censura. \u201cA regula\u00e7\u00e3o econ\u00f4mica da m\u00eddia n\u00e3o tem nada a ver com controle do conte\u00fado ou censura. Na verdade, vai evitar monop\u00f3lios e oligop\u00f3lios e garantir a pluralidade de opini\u00f5es e manifesta\u00e7\u00f5es culturais, tudo j\u00e1 previsto na nossa Constitui\u00e7\u00e3o, mas sem ter sido regulamentado\u201d, afirma a mensagem.<\/p>\n<p>A presidenta, por sua vez, ressaltou os riscos da concentra\u00e7\u00e3o de poder nas m\u00e3os de poucos grupos midi\u00e1ticos. \u201cRegular qualquer segmento tem uma base, que \u00e9 a base econ\u00f4mica. A concentra\u00e7\u00e3o de poder econ\u00f4mico dificilmente leva a rela\u00e7\u00f5es democr\u00e1ticas e leva a rela\u00e7\u00f5es assim\u00e9tricas\u201d, destacou. Al\u00e9m de Dilma, o v\u00eddeo traz uma r\u00e1pida declara\u00e7\u00e3o do ministro das Comunica\u00e7\u00f5es, Ricardo Berzoini, defendendo a liberdade de express\u00e3o como um anseio da popula\u00e7\u00e3o brasileira.<\/p>\n<p>Para saber mais sobre o projeto de regula\u00e7\u00e3o da m\u00eddia no Brasil, clique <a href=\"http:\/\/revistaforum.com.br\/digital\/179\/entenda-regulamentacao-economica-dos-meios-de-comunicacao\/\" target=\"_blank\">aqui <\/a>e <a href=\"http:\/\/revistaforum.com.br\/digital\/179\/coronelismo-eletronico-partidos-contra-regulacao-da-midia-sao-os-campeoes-de-concessao-em-radio-e-tv\/\" target=\"_blank\">aqui<\/a>.<\/p>\n<p><em>Fonte: Revista F\u00f3rum<\/em><\/p>\n","protected":false},"excerpt":{"rendered":"<p>&#8216;A concentra\u00e7\u00e3o de poder econ\u00f4mico dificilmente leva a rela\u00e7\u00f5es democr\u00e1ticas&#8217;, afirmou a presidenta em v\u00eddeo publicado no \u00faltimo domingo (18) em sua p\u00e1gina no Facebook.<\/p>\n","protected":false},"author":4,"featured_media":0,"comment_status":"open","ping_status":"open","sticky":false,"template":"","format":"standard","meta":{"footnotes":""},"categories":[40],"tags":[366],"_links":{"self":[{"href":"https:\/\/obscom.intervozes.org.br\/index.php?rest_route=\/wp\/v2\/posts\/29062"}],"collection":[{"href":"https:\/\/obscom.intervozes.org.br\/index.php?rest_route=\/wp\/v2\/posts"}],"about":[{"href":"https:\/\/obscom.intervozes.org.br\/index.php?rest_route=\/wp\/v2\/types\/post"}],"author":[{"embeddable":true,"href":"https:\/\/obscom.intervozes.org.br\/index.php?rest_route=\/wp\/v2\/users\/4"}],"replies":[{"embeddable":true,"href":"https:\/\/obscom.intervozes.org.br\/index.php?rest_route=%2Fwp%2Fv2%2Fcomments&post=29062"}],"version-history":[{"count":1,"href":"https:\/\/obscom.intervozes.org.br\/index.php?rest_route=\/wp\/v2\/posts\/29062\/revisions"}],"predecessor-version":[{"id":29063,"href":"https:\/\/obscom.intervozes.org.br\/index.php?rest_route=\/wp\/v2\/posts\/29062\/revisions\/29063"}],"wp:attachment":[{"href":"https:\/\/obscom.intervozes.org.br\/index.php?rest_route=%2Fwp%2Fv2%2Fmedia&parent=29062"}],"wp:term":[{"taxonomy":"category","embeddable":true,"href":"https:\/\/obscom.intervozes.org.br\/index.php?rest_route=%2Fwp%2Fv2%2Fcategories&post=29062"},{"taxonomy":"post_tag","embeddable":true,"href":"https:\/\/obscom.intervozes.org.br\/index.php?rest_route=%2Fwp%2Fv2%2Ftags&post=29062"}],"curies":[{"name":"wp","href":"https:\/\/api.w.org\/{rel}","templated":true}]}}