{"id":29053,"date":"2015-03-04T17:11:53","date_gmt":"2015-03-04T17:11:53","guid":{"rendered":"https:\/\/obscom.intervozes.org.br\/?p=29053"},"modified":"2015-08-30T17:13:17","modified_gmt":"2015-08-30T17:13:17","slug":"mpf-discutira-programas-policialescos-no-df","status":"publish","type":"post","link":"https:\/\/obscom.intervozes.org.br\/?p=29053","title":{"rendered":"MPF discutir\u00e1 programas policialescos no DF"},"content":{"rendered":"<div>A Procuradoria da Rep\u00fablica no Distrito Federal realizar\u00e1, no pr\u00f3ximo dia 16 (uma segunda-feira), audi\u00eancia p\u00fablica para discutir medidas de coibi\u00e7\u00e3o \u00e0 viola\u00e7\u00e3o de direitos humanos promovida por programas policialescos no Distrito Federal. A iniciativa \u00e9 da procuradora da Rep\u00fablica Ana Carolina Alves Ara\u00fajo Roman, que est\u00e1 \u00e0 frente de inqu\u00e9rito civil instaurado para apurar suspeitas de abusos cometidos por duas emissoras de TV que mant\u00e9m programa\u00e7\u00e3o local no Distrito Federal. O evento e dever\u00e1 reunir representantes dos minist\u00e9rios da Justi\u00e7a e das Comunica\u00e7\u00f5es, representantes das emissoras de televis\u00e3o e de entidades da sociedade civil.\n<\/div>\n<div>Para participar da audi\u00eancia p\u00fablica, os interessados devem fazer inscri\u00e7\u00e3o pr\u00e9via pelo e-mail PRDF-GabAA@mpf.mp.br ou via telefone (61) 3313-5494. No ato da inscri\u00e7\u00e3o, \u00e9 preciso fornecer nome completo, a entidade ou \u00f3rg\u00e3o p\u00fablico \u2013 caso seja vinculado a algum \u2013 e ainda se deseja manifestar-se durante o debate. A quantidade total de inscritos depender\u00e1 da capacidade do Audit\u00f3rio Pedro Jorge, onde o evento ser\u00e1 realizado.<\/div>\n<div>\nDe acordo com as regras previstas no edital, a audi\u00eancia ser\u00e1 iniciada pelo Minist\u00e9rio P\u00fablico Federal (MPF) que, em 30 minutos, far\u00e1 uma exposi\u00e7\u00e3o dos motivos para a realiza\u00e7\u00e3o do evento, bem como os aspectos f\u00e1ticos e jur\u00eddicos que envolvem a quest\u00e3o. Em seguida, dever\u00e3o falar os representantes dos dois minist\u00e9rios convidados e das emissoras de TV, sendo que cada um poder\u00e1 usar a palavra por 15 minutos. A programa\u00e7\u00e3o prev\u00ea, na sequ\u00eancia, manifesta\u00e7\u00f5es da sociedade \u2013 pessoas que fizeram a inscri\u00e7\u00e3o pr\u00e9via (o prazo de cada interfer\u00eancia \u00e9 de 10 minutos). A \u00faltima etapa ser\u00e1 o fechamento do evento, com conclus\u00f5es e eventuais encaminhamentos.\n<\/div>\n<div><strong>Inqu\u00e9rito<\/strong><\/div>\n<div><\/div>\n<div>De acordo com a procuradora, o \u00f3rg\u00e3o acompanhou os programas DF Alerta (TV Bras\u00edlia), Balan\u00e7o Geral DF, DF no Ar e DF Record (TV Record) durante 30 dias. \u201cFoi constatado que tais programas transmitem imagens de suspeitos presos em a\u00e7\u00f5es da Pol\u00edcia Civil do Distrito Federal, com a coniv\u00eancia de autoridades policiais e sem autoriza\u00e7\u00e3o dos suspeitos, desrespeitando, assim, os direitos humanos e a dignidade da pessoa humana\u201d, explica a procuradora.\n<\/div>\n<div>No edital de convoca\u00e7\u00e3o da audi\u00eancia, a procuradora lembra que embora a Constitui\u00e7\u00e3o Federal (CF) proteja a liberdade de informa\u00e7\u00e3o jornal\u00edstica, os programas investigados abusam da liberdade jornal\u00edstica, ferindo o direito \u00e0 imagem, \u00e0 honra e \u00e0 dignidade de \u201ccentenas de pessoas meramente suspeitas ou acusadas pela pr\u00e1tica de um il\u00edcito penal\u201d. Ela lembra, ainda, que um dos princ\u00edpios da radiodifus\u00e3o estabelecidos na CF (Art. 221) \u00e9 a \u201cprefer\u00eancia a finalidades educativas, art\u00edsticas, culturais e informativas\u201d e o \u201crespeito aos valores \u00e9ticos e sociais da pessoa e da fam\u00edlia\u201d.<\/div>\n<div><\/div>\n<div>A procuradora tamb\u00e9m lembra que o Decreto 52.795\/1963, prev\u00ea que as concession\u00e1rias e permission\u00e1rias de servi\u00e7os de radiodifus\u00e3o n\u00e3o devem transmitir programas que atentem contra o sentimento p\u00fablico, expondo pessoas a situa\u00e7\u00f5es que, de alguma forma, redundem em constrangimento, ainda que seu objetivo seja jornal\u00edstico (artigo 28, incisos 11 e 12).<\/div>\n","protected":false},"excerpt":{"rendered":"<p>Procuradoria da Rep\u00fablica no Distrito Federal realizar\u00e1, no dia 16\/3, audi\u00eancia p\u00fablica sobre o assunto. Interessados em participar devem solicitar inscri\u00e7\u00e3o.<\/p>\n","protected":false},"author":4,"featured_media":0,"comment_status":"open","ping_status":"open","sticky":false,"template":"","format":"standard","meta":{"footnotes":""},"categories":[40],"tags":[1694],"_links":{"self":[{"href":"https:\/\/obscom.intervozes.org.br\/index.php?rest_route=\/wp\/v2\/posts\/29053"}],"collection":[{"href":"https:\/\/obscom.intervozes.org.br\/index.php?rest_route=\/wp\/v2\/posts"}],"about":[{"href":"https:\/\/obscom.intervozes.org.br\/index.php?rest_route=\/wp\/v2\/types\/post"}],"author":[{"embeddable":true,"href":"https:\/\/obscom.intervozes.org.br\/index.php?rest_route=\/wp\/v2\/users\/4"}],"replies":[{"embeddable":true,"href":"https:\/\/obscom.intervozes.org.br\/index.php?rest_route=%2Fwp%2Fv2%2Fcomments&post=29053"}],"version-history":[{"count":1,"href":"https:\/\/obscom.intervozes.org.br\/index.php?rest_route=\/wp\/v2\/posts\/29053\/revisions"}],"predecessor-version":[{"id":29054,"href":"https:\/\/obscom.intervozes.org.br\/index.php?rest_route=\/wp\/v2\/posts\/29053\/revisions\/29054"}],"wp:attachment":[{"href":"https:\/\/obscom.intervozes.org.br\/index.php?rest_route=%2Fwp%2Fv2%2Fmedia&parent=29053"}],"wp:term":[{"taxonomy":"category","embeddable":true,"href":"https:\/\/obscom.intervozes.org.br\/index.php?rest_route=%2Fwp%2Fv2%2Fcategories&post=29053"},{"taxonomy":"post_tag","embeddable":true,"href":"https:\/\/obscom.intervozes.org.br\/index.php?rest_route=%2Fwp%2Fv2%2Ftags&post=29053"}],"curies":[{"name":"wp","href":"https:\/\/api.w.org\/{rel}","templated":true}]}}