{"id":29051,"date":"2015-04-07T17:06:51","date_gmt":"2015-04-07T17:06:51","guid":{"rendered":"https:\/\/obscom.intervozes.org.br\/?p=29051"},"modified":"2015-08-30T17:08:33","modified_gmt":"2015-08-30T17:08:33","slug":"2o-endc-comeca-nesta-sexta-104","status":"publish","type":"post","link":"https:\/\/obscom.intervozes.org.br\/?p=29051","title":{"rendered":"2\u00ba ENDC come\u00e7a nesta sexta (10\/4)"},"content":{"rendered":"<div>Come\u00e7a nesta sexta-feira, (10\/4) em Belo Horizonte-MG, o 2\u00ba Encontro Nacional pelo Direito \u00e0 Comunica\u00e7\u00e3o (ENDC), organizado pelo F\u00f3rum Nacional pela Democratiza\u00e7\u00e3o da Comunica\u00e7\u00e3o (FNDC) com o apoio de diversas entidades e movimentos. O evento reunir\u00e1 militantes de movimentos sociais, sindicais, estudantes, acad\u00eamicos e ativistas e ter\u00e1 como eixo central a reivindica\u00e7\u00e3o de um novo marco regulat\u00f3rio para as comunica\u00e7\u00f5es no Brasil. Num momento em que o Minist\u00e9rio das Comunica\u00e7\u00f5es anuncia a abertura de um debate p\u00fablico sobre a regula\u00e7\u00e3o da m\u00eddia no pa\u00eds, o encontro buscar\u00e1 ampliar a mobiliza\u00e7\u00e3o da sociedade civil em torno da amplia\u00e7\u00e3o da pluralidade e diversidade nos meios brasileiros e da garantia do direito \u00e0 comunica\u00e7\u00e3o para todos e todas.<\/div>\n<div><\/div>\n<div>Al\u00e9m do Ministro Ricardo Berzoini, que j\u00e1 confirmou presen\u00e7a, o Encontro contar\u00e1 com a participa\u00e7\u00e3o de diversos especialistas internacionais do campo das comunica\u00e7\u00f5es. O objetivo \u00e9 estimular a reflex\u00e3o sobre experi\u00eancias de pa\u00edses que avan\u00e7aram na revis\u00e3o e atualiza\u00e7\u00e3o de seus marcos legais para o setor, como o Uruguai e a Argentina, e debater o Projeto de Lei de Iniciativa Popular da M\u00eddia Democr\u00e1tica, elaborado pelos movimentos sociais brasileiros.<\/div>\n<div><\/div>\n<div>Jornalista, pesquisador e professor da Universidade de Buenos Aires e da Universidade Nacional de Quilmes, Mart\u00edn Becerra \u00e9 um dos mais proeminentes especialistas em sistemas de m\u00eddia na Am\u00e9rica Latina, incluindo processos de concentra\u00e7\u00e3o econ\u00f4mica nas comunica\u00e7\u00f5es. Autor de livros refer\u00eancia na \u00e1rea, como \u201cPeriodistas e Magnatas: estrutura e concentra\u00e7\u00e3o das ind\u00fastrias culturais\u201d e \u201cOs donos da palavra: acesso, estrutura e concentra\u00e7\u00e3o dos meios na Am\u00e9rica Latina do s\u00e9culo XXI\u201d, Becerra participar\u00e1 do encontro ao lado de outro colega argentino, tamb\u00e9m especialista no tema, Guillermo Mastrini, que participou da elabora\u00e7\u00e3o da Ley de Medios naquele pa\u00eds.<\/div>\n<div><\/div>\n<div>Do Uruguai, vir\u00e1 o assessor de comunica\u00e7\u00e3o do ex-presidente Jos\u00e9 Pepe Mujica, Gustavo G\u00f3mez, um dos formuladores da rec\u00e9m sancionada Lei de Servi\u00e7os de Comunica\u00e7\u00e3o Audiovisual no Uruguai. G\u00f3mez vai narrar essa experi\u00eancia e discutir como os movimentos sociais enfrentaram o discurso conservador da grande imprensa contra a iniciativa de democratiza\u00e7\u00e3o do setor.<\/div>\n<div><\/div>\n<div>Do Canad\u00e1 vir\u00e1 o advogado Toby Mendel, pesquisador em comunica\u00e7\u00e3o e consultor internacional da Organiza\u00e7\u00e3o das Na\u00e7\u00f5es Unidas para a Educa\u00e7\u00e3o, a Ci\u00eancia e a Cultura (Unesco). \u00c9 diretor-<\/div>\n<div>executivo do Centro de Direito e Democracia, organiza\u00e7\u00e3o internacional de direitos humanos com foco no fornecimento de conhecimento legal sobre direitos fundamentais para a democracia, incluindo o direito \u00e0 informa\u00e7\u00e3o, \u00e0 liberdade de express\u00e3o, de participa\u00e7\u00e3o e associa\u00e7\u00e3o. Mendel elaborou diversos projetos legislativos sobre regula\u00e7\u00e3o da m\u00eddia e publicou obras sobre o tema.<\/div>\n<div><\/div>\n<div>O Encontro Nacional pelo Direito \u00e0 Comunica\u00e7\u00e3o contar\u00e1 ainda com a presen\u00e7a de representantes do Comit\u00ea Gestor da Internet no Brasil (CGI.br), do Minist\u00e9rio P\u00fablico Federal e da Secretaria de Telecomunica\u00e7\u00f5es do Minist\u00e9rio das Comunica\u00e7\u00f5es. Temas como o Plano Nacional de Banda Larga e regulamenta\u00e7\u00e3o do Marco Civil da Internet tamb\u00e9m est\u00e3o entre os debates do encontro. Cerca de 40 atividades autogestionadas, propostas por organiza\u00e7\u00f5es de todo o pa\u00eds, integram a programa\u00e7\u00e3o, que come\u00e7a na sexta-feira com um grande ato cultural na Pra\u00e7a da Liberdade (veja \u00edntegra abaixo).<\/div>\n<div><\/div>\n<div>&#8211;\u00a0<strong><a href=\"https:\/\/www.doity.com.br\/2endc\" target=\"_blank\">Mais informa\u00e7\u00f5es e inscri\u00e7\u00f5es<\/a><\/strong> (https:\/\/www.doity.com.br\/2endc)<\/div>\n<div>&#8211;\u00a0<strong><a href=\"https:\/\/www.facebook.com\/events\/801657623221059\/\" target=\"_blank\">Facebook<\/a><\/strong> (https:\/\/www.facebook.com\/events\/801657623221059\/)<\/div>\n<div><\/div>\n<div><strong>Local:\u00a0<\/strong>Instituto Metodista Izabela Hendrix (Campus Pra\u00e7a da Liberdade) \u2013 Rua da Bahia, 2020 \u2013 Lourdes, Belo Horizonte\/MG<\/div>\n<div><\/div>\n<div><strong>Programa\u00e7\u00e3o<\/strong><\/div>\n<div><\/div>\n<div><strong>Sexta-feira, 10 de abril<\/strong><\/div>\n<div><\/div>\n<div>16h \u00e0s 22h \u2013 Ato cultural pelo Direito \u00e0 Comunica\u00e7\u00e3o<br \/>\n<strong>Local: <\/strong>Pra\u00e7a da Liberdade (centro de Belo Horizonte)<\/div>\n<div><\/div>\n<div><strong>S\u00e1bado, 11 de abril<\/strong><br \/>\n9h \u2013 Cerim\u00f4nia de abertura<\/div>\n<div>\n<strong>10h \u2013 O cen\u00e1rio internacional e os desafios do Brasil para enfrentar a regula\u00e7\u00e3o democr\u00e1tica da m\u00eddia e garantir o direito \u00e0 comunica\u00e7\u00e3o<\/strong><\/div>\n<div><\/div>\n<div><strong>\u2022 Ricardo Berzoini<\/strong> \u2013 Ministro de Estado das Comunica\u00e7\u00f5es<br \/>\n<strong>\u2022 Toby Mendel <\/strong>(Canad\u00e1) \u2013 consultor da Unesco e diretor-executivo do Centro de Direitos e Democracia<br \/>\n<strong>\u2022 Mart\u00edn Becerra<\/strong> (Argentina) \u2013 professor e pesquisador da Universidade de Buenos Aires e Universidade Nacional de Quilmes<br \/>\n<strong>\u2022\u00a0<\/strong><strong>Jo\u00e3o Bosco Araujo Fontes Junior<\/strong> \u2013 procurador regional da Rep\u00fablica e membro do grupo de trabalho Comunica\u00e7\u00e3o Social da Procuradoria Federal.<\/div>\n<div><strong>\u2022 Rosane Bertotti<\/strong> \u2013 coordenadora-geral do FNDC<\/div>\n<div><\/div>\n<div>13h\/14h \u2013 Almo\u00e7o<\/div>\n<div><\/div>\n<div><strong>14h \u2013 A luta por uma comunica\u00e7\u00e3o mais democr\u00e1tica na Am\u00e9rica Latina<\/strong><\/div>\n<div><\/div>\n<div><strong>\u2022 Gustavo G\u00f3mez <\/strong>(Uruguai) \u2013 professor e ex-secret\u00e1rio nacional de Telecomunica\u00e7\u00f5es do Uruguai, um dos formuladores da Lei de Servi\u00e7os de Comunica\u00e7\u00e3o Audiovisual (2014)<br \/>\n<strong>\u2022 Guillermo Mastrini<\/strong> (Argentina) \u2013 professor e pesquisador, coordena o Programa de P\u00f3s-<\/div>\n<div>Gradua\u00e7\u00e3o em Ind\u00fastrias Culturais da Universidade Nacional de Quilmes<\/div>\n<div><\/div>\n<div>16h\/16h30 \u2013 coffee-break<\/div>\n<div><\/div>\n<div><strong>16h30 \u2013 Atividades autogestionadas<\/strong><\/div>\n<div><\/div>\n<div>18h30\/19h30 \u2013 Jantar<\/div>\n<div><\/div>\n<div><strong>19h30 \u2013 Internet, um direito fundamental<br \/>\n\u2022 Fl\u00e1via Lef\u00e8vre<\/strong> \u2013 representante da campanha \u201cBanda Larga \u00e9 um Direito Seu!\u201d<br \/>\n\u2022 <strong>Carlos Alberto Afonso<\/strong> \u2013 representante do Comit\u00ea Gestor da Internet no Brasil (CGI.br)<br \/>\n\u2022 <strong>Maximiliano Martinh\u00e3o<\/strong> \u2013 secret\u00e1rio nacional de Telecomunica\u00e7\u00f5es, respons\u00e1vel por executar o Plano Nacional de Banda Larga (PNBL)<\/div>\n<div><\/div>\n<div><strong>Domingo, 12 de abril<\/strong><\/div>\n<div><\/div>\n<div><strong>9h \u2013 Atividades autogestionadas<\/strong><\/div>\n<div><\/div>\n<div><strong>11h\/13h30 \u2013 Projeto de Lei da M\u00eddia Democr\u00e1tica e estrat\u00e9gias de lutas<\/strong><\/div>\n<div><\/div>\n<div>13h30 \/14h30 \u2013 Almo\u00e7o<\/div>\n<div><\/div>\n<div><strong>14h30 \u2013 Ato de encerramento<br \/>\n<\/strong><br \/>\n<em>Fonte: FNDC<\/em><\/div>\n","protected":false},"excerpt":{"rendered":"<p>Evento tem como eixo central a defesa de um novo marco regulat\u00f3rio para as comunica\u00e7\u00f5es e contar\u00e1 com a presen\u00e7a do Ministro Ricardo Berzoini e de diversos especialistas e ativistas internacionais.<\/p>\n","protected":false},"author":4,"featured_media":0,"comment_status":"open","ping_status":"open","sticky":false,"template":"","format":"standard","meta":{"footnotes":""},"categories":[40],"tags":[327],"_links":{"self":[{"href":"https:\/\/obscom.intervozes.org.br\/index.php?rest_route=\/wp\/v2\/posts\/29051"}],"collection":[{"href":"https:\/\/obscom.intervozes.org.br\/index.php?rest_route=\/wp\/v2\/posts"}],"about":[{"href":"https:\/\/obscom.intervozes.org.br\/index.php?rest_route=\/wp\/v2\/types\/post"}],"author":[{"embeddable":true,"href":"https:\/\/obscom.intervozes.org.br\/index.php?rest_route=\/wp\/v2\/users\/4"}],"replies":[{"embeddable":true,"href":"https:\/\/obscom.intervozes.org.br\/index.php?rest_route=%2Fwp%2Fv2%2Fcomments&post=29051"}],"version-history":[{"count":1,"href":"https:\/\/obscom.intervozes.org.br\/index.php?rest_route=\/wp\/v2\/posts\/29051\/revisions"}],"predecessor-version":[{"id":29052,"href":"https:\/\/obscom.intervozes.org.br\/index.php?rest_route=\/wp\/v2\/posts\/29051\/revisions\/29052"}],"wp:attachment":[{"href":"https:\/\/obscom.intervozes.org.br\/index.php?rest_route=%2Fwp%2Fv2%2Fmedia&parent=29051"}],"wp:term":[{"taxonomy":"category","embeddable":true,"href":"https:\/\/obscom.intervozes.org.br\/index.php?rest_route=%2Fwp%2Fv2%2Fcategories&post=29051"},{"taxonomy":"post_tag","embeddable":true,"href":"https:\/\/obscom.intervozes.org.br\/index.php?rest_route=%2Fwp%2Fv2%2Ftags&post=29051"}],"curies":[{"name":"wp","href":"https:\/\/api.w.org\/{rel}","templated":true}]}}