{"id":29047,"date":"2015-03-30T16:20:36","date_gmt":"2015-03-30T16:20:36","guid":{"rendered":"https:\/\/obscom.intervozes.org.br\/?p=29047"},"modified":"2015-08-30T16:22:50","modified_gmt":"2015-08-30T16:22:50","slug":"carta-mundial-da-midia-livre-e-lancada-no-forum-social-na-tunisia","status":"publish","type":"post","link":"https:\/\/obscom.intervozes.org.br\/?p=29047","title":{"rendered":"Carta Mundial da M\u00eddia Livre \u00e9 lan\u00e7ada no F\u00f3rum Social na Tun\u00edsia"},"content":{"rendered":"<p>A Carta Mundial da M\u00eddia Livre, com princ\u00edpios e a\u00e7\u00f5es estrat\u00e9gicas para promover uma comunica\u00e7\u00e3o democr\u00e1tica em todo mundo, foi lan\u00e7ada hoje (28) na Assembleia de Converg\u00eancia pelo Direito \u00e0 Comunica\u00e7\u00e3o, no \u00faltimo dia do F\u00f3rum Social Mundial, na Universidade El Manar, em T\u00fanis, capital da Tun\u00edsia.<\/p>\n<p>Entre as prioridades estabelecidas no documento est\u00e3o o desenvolvimento de marcos democr\u00e1ticos de regula\u00e7\u00e3o da comunica\u00e7\u00e3o, por meio de \u00f3rg\u00e3os independentes, o apoio aos meios de comunica\u00e7\u00e3o comunit\u00e1rios e a independ\u00eancia da m\u00eddia p\u00fablica em rela\u00e7\u00e3o ao governo e ao mercado.<\/p>\n<p>A carta tamb\u00e9m defende a governan\u00e7a democr\u00e1tica da internet, incluindo a garantia de neutralidade da rede, o direito \u00e0 vida privada e \u00e0 liberdade de express\u00e3o, al\u00e9m da universaliza\u00e7\u00e3o do acesso aos meios de comunica\u00e7\u00e3o e \u00e0 internet banda larga.<\/p>\n<p>Ap\u00f3s o lan\u00e7amento da carta, os ativistas da comunica\u00e7\u00e3o pretendem construir parcerias com outros setores para a promo\u00e7\u00e3o dos princ\u00edpios do documento e divulgar o documento em debates e f\u00f3runs de discuss\u00e3o sobre as m\u00eddias e a internet livres, entre outras iniciativas.<\/p>\n<p>Comunicadores, blogueiros e representantes de movimentos sociais de diversos pa\u00edses debateram, desde o dia 22 de mar\u00e7o, a liberdade de express\u00e3o e o direito \u00e0 comunica\u00e7\u00e3o na quarta edi\u00e7\u00e3o do F\u00f3rum Mundial de M\u00eddia Livre (FMML) na Universidade El Manar. O FMML \u00e9 um evento paralelo ao F\u00f3rum Social Mundial.<\/p>\n<p><em>Escrito por Ana Cristina Campos<\/em><br \/>\n<em>para a Ag\u00eancia Brasil<\/em><\/p>\n","protected":false},"excerpt":{"rendered":"<p>Entre as prioridades estabelecidas no documento est\u00e3o o desenvolvimento de marcos democr\u00e1ticos de regula\u00e7\u00e3o da comunica\u00e7\u00e3o, por meio de \u00f3rg\u00e3os independentes.<\/p>\n","protected":false},"author":4,"featured_media":0,"comment_status":"open","ping_status":"open","sticky":false,"template":"","format":"standard","meta":{"footnotes":""},"categories":[40],"tags":[1168],"_links":{"self":[{"href":"https:\/\/obscom.intervozes.org.br\/index.php?rest_route=\/wp\/v2\/posts\/29047"}],"collection":[{"href":"https:\/\/obscom.intervozes.org.br\/index.php?rest_route=\/wp\/v2\/posts"}],"about":[{"href":"https:\/\/obscom.intervozes.org.br\/index.php?rest_route=\/wp\/v2\/types\/post"}],"author":[{"embeddable":true,"href":"https:\/\/obscom.intervozes.org.br\/index.php?rest_route=\/wp\/v2\/users\/4"}],"replies":[{"embeddable":true,"href":"https:\/\/obscom.intervozes.org.br\/index.php?rest_route=%2Fwp%2Fv2%2Fcomments&post=29047"}],"version-history":[{"count":1,"href":"https:\/\/obscom.intervozes.org.br\/index.php?rest_route=\/wp\/v2\/posts\/29047\/revisions"}],"predecessor-version":[{"id":29048,"href":"https:\/\/obscom.intervozes.org.br\/index.php?rest_route=\/wp\/v2\/posts\/29047\/revisions\/29048"}],"wp:attachment":[{"href":"https:\/\/obscom.intervozes.org.br\/index.php?rest_route=%2Fwp%2Fv2%2Fmedia&parent=29047"}],"wp:term":[{"taxonomy":"category","embeddable":true,"href":"https:\/\/obscom.intervozes.org.br\/index.php?rest_route=%2Fwp%2Fv2%2Fcategories&post=29047"},{"taxonomy":"post_tag","embeddable":true,"href":"https:\/\/obscom.intervozes.org.br\/index.php?rest_route=%2Fwp%2Fv2%2Ftags&post=29047"}],"curies":[{"name":"wp","href":"https:\/\/api.w.org\/{rel}","templated":true}]}}