{"id":28946,"date":"2015-05-18T21:21:06","date_gmt":"2015-05-18T21:21:06","guid":{"rendered":"https:\/\/obscom.intervozes.org.br\/?p=28946"},"modified":"2015-08-27T21:25:19","modified_gmt":"2015-08-27T21:25:19","slug":"anatel-define-modelo-de-conversor-digital-para-audiencia-de-baixa-renda","status":"publish","type":"post","link":"https:\/\/obscom.intervozes.org.br\/?p=28946","title":{"rendered":"Anatel define modelo de conversor digital para audi\u00eancia de baixa renda"},"content":{"rendered":"<p>A press\u00e3o das entidades envolvidas na campanha #InteratividadeSim sobre a Ag\u00eancia Nacional de Telecomunica\u00e7\u00f5es (Anatel) para garantir interatividade nos conversores que a Anatel distribuir\u00e1 aos benefici\u00e1rios do Bolsa Fam\u00edlia surtiu efeito. O Grupo de Implanta\u00e7\u00e3o do Processo de Redistribui\u00e7\u00e3o e Digitaliza\u00e7\u00e3o de Canais de TV e RTV (Gired), respons\u00e1vel pelo processo de transi\u00e7\u00e3o do sistema anal\u00f3gico para o digital, decidiu, na \u00faltima sexta-feira (15\/5), pelo modelo de conversor de TV digital com padr\u00e3o Ginga C, 512 kilobytes (Kb) de mem\u00f3ria e 2 Gigabytes (Gb) de mem\u00f3ria flash.<\/p>\n<p>O aparelho \u00e9 capaz de garantir que o espectador use a televis\u00e3o para fazer consultas sobre vagas de emprego, capacita\u00e7\u00e3o profissional e uma s\u00e9rie de servi\u00e7os p\u00fablicos, por exemplo. Uma licita\u00e7\u00e3o ser\u00e1 feita para a aquisi\u00e7\u00e3o das \u201ccaixinhas\u201d, cujo valor ainda n\u00e3o est\u00e1 claro. De acordo com Andr\u00e9 Barbosa Filho, superintendente Executivo de Relacionamento da Empresa Brasil de Comunica\u00e7\u00e3o (EBC), respons\u00e1vel pelo Brasil 4D, alguns detalhes no equipamento poderiam ser melhorados, como uma capacidademaior de mem\u00f3ria, no entanto, segundo ele, o modelo escolhido atender\u00e1 \u00e0s necessidades iniciais de cada fam\u00edlia.<\/p>\n<p>Barbosa Filho destacou que o Brasil implementar\u00e1 um projeto novo no mundo e espera que ele possa ser levado a outras regi\u00f5es que tamb\u00e9m tenham resid\u00eancias sem internet, como outros pa\u00edses da Am\u00e9rica Latina e da \u00c1frica.<\/p>\n<p><strong>Desligamento do Sistema Anal\u00f3gico<\/strong><\/p>\n<p>O desligamento do sistema anal\u00f3gico est\u00e1 definido na Portaria N\u00ba 477\/2014. De acordo com o documento, o sistema come\u00e7a a ser desligado em 29 de novembro deste ano. O munic\u00edpio de Rio Verde-GO ser\u00e1 o piloto. A primeira capital a deixar de receber o sinal anal\u00f3gico ser\u00e1 Bras\u00edlia, em abril de 2016, seguida por S\u00e3o Paulo (maio\/16), Belo Horizonte (junho\/16) e Goi\u00e2nia (agosto\/16). Todas as cidades ter\u00e3o o sinal desativado em novembro de 2018.<\/p>\n<p><em>Fonte: FNDC<\/em><\/p>\n","protected":false},"excerpt":{"rendered":"<p>Em reuni\u00e3o realizada na \u00faltima sexta, o grupo respons\u00e1vel pelo processo de digitaliza\u00e7\u00e3o da TV escolheu o conversor padr\u00e3o Ginga C para os benefici\u00e1rios do Bolsa Fam\u00edlia.<\/p>\n","protected":false},"author":4,"featured_media":0,"comment_status":"open","ping_status":"open","sticky":false,"template":"","format":"standard","meta":{"footnotes":""},"categories":[40],"tags":[79],"_links":{"self":[{"href":"https:\/\/obscom.intervozes.org.br\/index.php?rest_route=\/wp\/v2\/posts\/28946"}],"collection":[{"href":"https:\/\/obscom.intervozes.org.br\/index.php?rest_route=\/wp\/v2\/posts"}],"about":[{"href":"https:\/\/obscom.intervozes.org.br\/index.php?rest_route=\/wp\/v2\/types\/post"}],"author":[{"embeddable":true,"href":"https:\/\/obscom.intervozes.org.br\/index.php?rest_route=\/wp\/v2\/users\/4"}],"replies":[{"embeddable":true,"href":"https:\/\/obscom.intervozes.org.br\/index.php?rest_route=%2Fwp%2Fv2%2Fcomments&post=28946"}],"version-history":[{"count":2,"href":"https:\/\/obscom.intervozes.org.br\/index.php?rest_route=\/wp\/v2\/posts\/28946\/revisions"}],"predecessor-version":[{"id":28948,"href":"https:\/\/obscom.intervozes.org.br\/index.php?rest_route=\/wp\/v2\/posts\/28946\/revisions\/28948"}],"wp:attachment":[{"href":"https:\/\/obscom.intervozes.org.br\/index.php?rest_route=%2Fwp%2Fv2%2Fmedia&parent=28946"}],"wp:term":[{"taxonomy":"category","embeddable":true,"href":"https:\/\/obscom.intervozes.org.br\/index.php?rest_route=%2Fwp%2Fv2%2Fcategories&post=28946"},{"taxonomy":"post_tag","embeddable":true,"href":"https:\/\/obscom.intervozes.org.br\/index.php?rest_route=%2Fwp%2Fv2%2Ftags&post=28946"}],"curies":[{"name":"wp","href":"https:\/\/api.w.org\/{rel}","templated":true}]}}