{"id":28927,"date":"2015-08-14T01:39:12","date_gmt":"2015-08-14T01:39:12","guid":{"rendered":"https:\/\/obscom.intervozes.org.br\/?p=28927"},"modified":"2015-08-27T01:41:34","modified_gmt":"2015-08-27T01:41:34","slug":"movimentos-sociais-cobram-democratizacao-da-comunicacao-a-dilma","status":"publish","type":"post","link":"https:\/\/obscom.intervozes.org.br\/?p=28927","title":{"rendered":"Movimentos sociais cobram democratiza\u00e7\u00e3o da comunica\u00e7\u00e3o a Dilma"},"content":{"rendered":"<p>A democratiza\u00e7\u00e3o da comunica\u00e7\u00e3o foi uma das principais reivindica\u00e7\u00f5es que as lideran\u00e7as sociais presentes no encontro com a presidenta Dilma Rousseff levaram ao governo nesta quinta-feira (13\/8), junto com as reformas agr\u00e1ria e pol\u00edtica, al\u00e9m do apelo pelo fim do ajuste fiscal e contra a redu\u00e7\u00e3o da maioridade penal. A urg\u00eancia de um novo marco regulat\u00f3rio para o setor de comunica\u00e7\u00e3o esteve presente em todas as falas. A presidenta, no entanto, n\u00e3o tocou no assunto ao encerrar o evento Di\u00e1logo com os Movimentos Sociais, realizado no Pal\u00e1cio do Planalto.<\/p>\n<p>Mais de 1.200 lideran\u00e7as de cerca de 50 movimentos sociais do campo e da cidade participaram do Di\u00e1logo, entre as quais representantes do F\u00f3rum Nacional pela Democratiza\u00e7\u00e3o da Comunica\u00e7\u00e3o (FNDC), como Rosane Bertotti, que comp\u00f4s o palco onde a presidenta da Rep\u00fablica recebeu os presentes. Para Rosane, a aus\u00eancia do tema no discurso de Dilma deixa claro que o governo ainda n\u00e3o tem decis\u00e3o pol\u00edtica sobre o tema, embora membros do pr\u00f3prio governo tenham reconhecido a import\u00e2ncia de fomentar essa discuss\u00e3o publicamente, como os ministros Ricardo Berzoini (Comunica\u00e7\u00f5es), Juca Ferreira (Cultura) e Edinho Silva (Secom).<\/p>\n<p>&#8211; A juventude quer mais educa\u00e7\u00e3o, quer a democratiza\u00e7\u00e3o dos meios de comunica\u00e7\u00e3o, criminaliza\u00e7\u00e3o da homofobia e tamb\u00e9m queremos a derrota da redu\u00e7\u00e3o da maioridade penal, aprovada na C\u00e2mara dos Deputados, destacou Carina Vitral, presidenta da Uni\u00e3o Nacional dos Estudantes (UNE), durante seu discurso no Planalto.\u00a0 O l\u00edder do Movimento dos Trabalhadores Sem Teto (MTST) Guilherme Boulos, afirmou que \u201ca agenda [p\u00fablica] tem que ser reforma urbana, reforma agr\u00e1ria, reforma pol\u00edtica e da comunica\u00e7\u00e3o&#8221;.<\/p>\n<p>Alexandre Concei\u00e7\u00e3o, da coordena\u00e7\u00e3o nacional do MST, citou nominalmente os ministros Berzoini e Edinho Silva ao falar sobre a responsabilidade do governo em chamar o tema da regula\u00e7\u00e3o do setor de comunica\u00e7\u00e3o para o debate p\u00fablico. Durante sua fala, o p\u00fablico presente entoou \u201co povo n\u00e3o \u00e9 bobo, abaixo a Rede Globo\u201d. Eleonice Sacramento, da Articula\u00e7\u00e3o Nacional das Mulheres Pescadoras, tamb\u00e9m incluiu a democratiza\u00e7\u00e3o da m\u00eddia entre as reivindica\u00e7\u00f5es apresentadas \u00e0 presidenta.<\/p>\n<p>\u00c0 reportagem, Rosane Bertotti lembrou que enquanto o governo n\u00e3o assume uma posi\u00e7\u00e3o clara, o tema se faz cada vez mais urgente na agenda da sociedade organizada. \u201cTemos praticamente um evento por semana acontecendo no pa\u00eds nesses \u00faltimos meses, o que demonstra que os movimentos sociais n\u00e3o s\u00f3 entendem esse tema como necess\u00e1rio, como tamb\u00e9m j\u00e1 t\u00eam ac\u00famulo suficiente para discuti-lo com os demais atores do setor. Falta t\u00e3o somente vontade pol\u00edtica para incluir a discuss\u00e3o sobre um novo marco regulat\u00f3rio das comunica\u00e7\u00f5es na agenda p\u00fablica\u201d, afirmou.<\/p>\n<p><em>Fonte: FNDC<\/em><\/p>\n","protected":false},"excerpt":{"rendered":"<p>V\u00e1rias lideran\u00e7as presentes no encontro com a presidenta da rep\u00fablica cobraram, entre outras reivindica\u00e7\u00f5es, que o governo abra o di\u00e1logo p\u00fablico sobre a necessidade de um novo marco regulat\u00f3rio para o setor.<\/p>\n","protected":false},"author":4,"featured_media":0,"comment_status":"open","ping_status":"open","sticky":false,"template":"","format":"standard","meta":{"footnotes":""},"categories":[40],"tags":[1597],"_links":{"self":[{"href":"https:\/\/obscom.intervozes.org.br\/index.php?rest_route=\/wp\/v2\/posts\/28927"}],"collection":[{"href":"https:\/\/obscom.intervozes.org.br\/index.php?rest_route=\/wp\/v2\/posts"}],"about":[{"href":"https:\/\/obscom.intervozes.org.br\/index.php?rest_route=\/wp\/v2\/types\/post"}],"author":[{"embeddable":true,"href":"https:\/\/obscom.intervozes.org.br\/index.php?rest_route=\/wp\/v2\/users\/4"}],"replies":[{"embeddable":true,"href":"https:\/\/obscom.intervozes.org.br\/index.php?rest_route=%2Fwp%2Fv2%2Fcomments&post=28927"}],"version-history":[{"count":1,"href":"https:\/\/obscom.intervozes.org.br\/index.php?rest_route=\/wp\/v2\/posts\/28927\/revisions"}],"predecessor-version":[{"id":28928,"href":"https:\/\/obscom.intervozes.org.br\/index.php?rest_route=\/wp\/v2\/posts\/28927\/revisions\/28928"}],"wp:attachment":[{"href":"https:\/\/obscom.intervozes.org.br\/index.php?rest_route=%2Fwp%2Fv2%2Fmedia&parent=28927"}],"wp:term":[{"taxonomy":"category","embeddable":true,"href":"https:\/\/obscom.intervozes.org.br\/index.php?rest_route=%2Fwp%2Fv2%2Fcategories&post=28927"},{"taxonomy":"post_tag","embeddable":true,"href":"https:\/\/obscom.intervozes.org.br\/index.php?rest_route=%2Fwp%2Fv2%2Ftags&post=28927"}],"curies":[{"name":"wp","href":"https:\/\/api.w.org\/{rel}","templated":true}]}}