{"id":28909,"date":"2015-08-13T20:36:40","date_gmt":"2015-08-13T20:36:40","guid":{"rendered":"https:\/\/obscom.intervozes.org.br\/?p=28909"},"modified":"2015-08-31T02:14:20","modified_gmt":"2015-08-31T02:14:20","slug":"o-caso-frota-a-cultura-do-estupro-e-os-limites-a-liberdade-de-expressao","status":"publish","type":"post","link":"https:\/\/obscom.intervozes.org.br\/?p=28909","title":{"rendered":"O caso Frota, a cultura do estupro e os limites \u00e0 liberdade de express\u00e3o"},"content":{"rendered":"<div>\n<p><strong>Por S\u00e2mia Bomfim*<\/strong><\/p>\n<p>Quando recebi a notifica\u00e7\u00e3o para depor no 2\u00ba DP de Cotia, custei a acreditar que fosse verdade. Mas era isso mesmo: Alexandre Frota havia entrado com uma den\u00fancia contra mim por cal\u00fania e difama\u00e7\u00e3o. Em maio, criei um evento no Facebook para reunir as pessoas que estavam indignadas com a declara\u00e7\u00e3o que ele havia dado no programa <em>Agora \u00e9 Tarde,<\/em> da Band, quando afirmou que <a class=\"external-link\" title=\"\" href=\"http:\/\/cartacapital.com.br\/blogs\/intervozes\/quando-o-ministerio-das-comunicacoes-vai-funir-de-verdade-a-band-7862.html\" target=\"_blank\">fez sexo sem consentimento com uma m\u00e3e de santo<\/a>. Segundo Frota, eu inventei que ele estuprou uma mulher e isso gerou uma s\u00e9rie de problemas pessoais e profissionais para ele. Na \u00e9poca, ele me procurou no Facebook para me intimidar, mas jamais pensei que ele iria tentar me incriminar diante desta situa\u00e7\u00e3o.<\/p>\n<p>O v\u00eddeo pode ser visto <a class=\"external-link\" title=\"\" href=\"https:\/\/www.youtube.com\/watch?v=peQg34md27w\" target=\"_blank\">aqui<\/a>. Qualquer um pode ter acesso a seu conte\u00fado e tirar suas pr\u00f3prias conclus\u00f5es. N\u00e3o fui a \u00fanica, tampouco a primeira, a se indignar e pedir algum tipo de puni\u00e7\u00e3o para Frota na \u00e9poca. Uma s\u00e9rie de p\u00e1ginas, ativistas, coletivos, personalidades, parlamentares e ve\u00edculos de comunica\u00e7\u00e3o se manifestaram tamb\u00e9m.<\/p>\n<p>Essa situa\u00e7\u00e3o \u00e9 muito absurda. Ele quer sair do papel de culpado para o papel de v\u00edtima. Quer criminalizar quem se indignou com seu relato em rede nacional. Estupro \u00e9 crime, denunciar \u00e9 um direito.<\/p>\n<p>Na \u00e9poca, v\u00e1rias entidades entraram com um pedido de investiga\u00e7\u00e3o no Minist\u00e9rio P\u00fablico. Tivemos uma primeira conquista. Nesta quinta-feira 13 acontece sua audi\u00eancia no Minist\u00e9rio P\u00fablico de S\u00e3o Paulo. Frota ter\u00e1 de responder por incita\u00e7\u00e3o ao crime e viol\u00eancia de g\u00eanero. Feministas organizam um ato para pedir sua puni\u00e7\u00e3o e em rep\u00fadio ao processo que ele est\u00e1 movendo contra mim.<\/p>\n<p>No Brasil, uma mulher \u00e9 v\u00edtima de viol\u00eancia sexual a cada 12 segundos. A m\u00eddia em geral cumpre com um papel muito negativo de naturaliza\u00e7\u00e3o da viol\u00eancia contra a mulher. \u00c9 h\u00e1bito no Pa\u00eds a exibi\u00e7\u00e3o de cenas em novelas e programas de TV com mulheres sendo assediadas e agredidas. N\u00e3o s\u00e3o raros apresentadores e \u201ccomediantes\u201d que fazem supostas piadas com conte\u00fado opressor. O pr\u00f3prio apresentador do programa <em>Agora \u00e9 Tarde<\/em>, Rafinha Bastos, \u00e9 um exemplo desta pr\u00e1tica.<\/p>\n<p>O caso de Alexandre Frota \u00e9 emblem\u00e1tico do absurdo da cultura do estupro no Brasil e do debate que precisa ser feito no Pa\u00eds sobre limites \u00e0 liberdade de express\u00e3o. Frota recebe palco, aplausos e exibi\u00e7\u00e3o em hor\u00e1rio nobre nos meios de comunica\u00e7\u00e3o de massa para relatar um estupro e ainda de sente no direito de abrir processo criminal contra pessoas que se indignam com seu relato. \u00c9 uma completa invers\u00e3o de papeis.<\/p>\n<p>O processo \u00e9 individual, contra mim, mas considero uma tentativa de ataque coletivo \u00e0s feministas. No \u00faltimo per\u00edodo, o feminismo se ampliou e se fortaleceu. Muitas mulheres em todo o mundo t\u00eam usado as redes para promover campanhas e debater pol\u00edtica, e t\u00eam sa\u00eddo \u00e0s ruas para denunciar o machismo e lutar por mais direitos. Os machistas, dentre eles artistas e pol\u00edticos, que est\u00e3o sendo denunciados e percebendo que h\u00e1 um forte movimento que n\u00e3o aceita mais tanta viol\u00eancia, querem que as mulheres sintam medo e parem de reivindicar seus direitos, mas n\u00e3o v\u00e3o conseguir.<\/p>\n<p>Espero que o caso recebe a devida puni\u00e7\u00e3o do Estado, que eu n\u00e3o tenha que responder por um crime que eu n\u00e3o cometi e que toda essa hist\u00f3ria sirva de exemplo para as emissoras e artistas que tratam estupro como piada.<\/p>\n<p><em>* S\u00e2mia Bonfim \u00e9 servidora da USP, integrante do coletivo Juntas! e da Secretaria de Mulheres do Sintusp (Sindicato dos Trabalhadores da USP).<\/em><\/p>\n<p><strong>Em tempo:<\/strong> <a class=\"external-link\" title=\"\" href=\"http:\/\/cartacapital.com.br\/blogs\/intervozes\/quando-o-ministerio-das-comunicacoes-vai-funir-de-verdade-a-band-7862.html\" target=\"_blank\">o Intervozes tamb\u00e9m denunciou o caso ao Minist\u00e9rio P\u00fablico Federal e ao Minist\u00e9rio das Comunica\u00e7\u00f5es<\/a>, pedindo a responsabiliza\u00e7\u00e3o da Rede Bandeirantes pelo epis\u00f3dio. Esperamos o posicionamento dos \u00f3rg\u00e3os sobre o ocorrido.<\/p>\n<p><em>Texto originalmente publicado no Blog do Intervozes na Carta Capital.<\/em><\/p>\n<\/div>\n","protected":false},"excerpt":{"rendered":"<p>Ator ser\u00e1 ouvido nesta quinta pelo MP depois das declara\u00e7\u00f5es dadas ao programa &#8220;Agora \u00e9 Tarde&#8221;, da TV Bandeirantes. Ele nega o crime e abriu processos contra quem pediu sua responsabiliza\u00e7\u00e3o.<\/p>\n","protected":false},"author":4,"featured_media":0,"comment_status":"open","ping_status":"open","sticky":false,"template":"","format":"standard","meta":{"footnotes":""},"categories":[42],"tags":[1834],"_links":{"self":[{"href":"https:\/\/obscom.intervozes.org.br\/index.php?rest_route=\/wp\/v2\/posts\/28909"}],"collection":[{"href":"https:\/\/obscom.intervozes.org.br\/index.php?rest_route=\/wp\/v2\/posts"}],"about":[{"href":"https:\/\/obscom.intervozes.org.br\/index.php?rest_route=\/wp\/v2\/types\/post"}],"author":[{"embeddable":true,"href":"https:\/\/obscom.intervozes.org.br\/index.php?rest_route=\/wp\/v2\/users\/4"}],"replies":[{"embeddable":true,"href":"https:\/\/obscom.intervozes.org.br\/index.php?rest_route=%2Fwp%2Fv2%2Fcomments&post=28909"}],"version-history":[{"count":2,"href":"https:\/\/obscom.intervozes.org.br\/index.php?rest_route=\/wp\/v2\/posts\/28909\/revisions"}],"predecessor-version":[{"id":29080,"href":"https:\/\/obscom.intervozes.org.br\/index.php?rest_route=\/wp\/v2\/posts\/28909\/revisions\/29080"}],"wp:attachment":[{"href":"https:\/\/obscom.intervozes.org.br\/index.php?rest_route=%2Fwp%2Fv2%2Fmedia&parent=28909"}],"wp:term":[{"taxonomy":"category","embeddable":true,"href":"https:\/\/obscom.intervozes.org.br\/index.php?rest_route=%2Fwp%2Fv2%2Fcategories&post=28909"},{"taxonomy":"post_tag","embeddable":true,"href":"https:\/\/obscom.intervozes.org.br\/index.php?rest_route=%2Fwp%2Fv2%2Ftags&post=28909"}],"curies":[{"name":"wp","href":"https:\/\/api.w.org\/{rel}","templated":true}]}}