{"id":28907,"date":"2015-08-07T20:34:58","date_gmt":"2015-08-07T20:34:58","guid":{"rendered":"https:\/\/obscom.intervozes.org.br\/?p=28907"},"modified":"2015-08-30T20:28:04","modified_gmt":"2015-08-30T20:28:04","slug":"e-hora-de-salvar-as-radios-e-tv-cultura","status":"publish","type":"post","link":"https:\/\/obscom.intervozes.org.br\/?p=28907","title":{"rendered":"\u00c9 hora de salvar as r\u00e1dios e TV Cultura"},"content":{"rendered":"<div id=\"textstructured\">\n<p>Nos \u00faltimos anos, mais de 2 mil funcion\u00e1rios foram demitidos da Funda\u00e7\u00e3o Padre Anchieta, respons\u00e1vel pelas r\u00e1dios e TV Cultura de S\u00e3o Paulo. Para se economizar 350 mil reais com o sinal da TV parab\u00f3lica, 30 milh\u00f5es de telespectadores foram privados do sinal da emissora. Produ\u00e7\u00f5es originais foram cortadas ou transformadas em espa\u00e7o para veicula\u00e7\u00e3o de programa\u00e7\u00e3o terceirizada. Tal retrato difere, em muito, do que v\u00eam \u00e0 mem\u00f3ria quando pensamos na Cultura dos anos 90.<\/p>\n<p>Com programa\u00e7\u00e3o de qualidade nas r\u00e1dios e refer\u00eancia na produ\u00e7\u00e3o de conte\u00fado infantil, jornal\u00edstico e cultural na televis\u00e3o, a Cultura marcou \u00e9poca com produ\u00e7\u00f5es como o Castelo R\u00e1-tim-bum, Confiss\u00f5es de Adolescente, Roda Viva, Ensaio, Vitrine e tantos outros. V\u00e1rios programas de refer\u00eancia, entretanto, foram extintos, como Zoom, Grandes Momentos do Esporte, Vitrine, Cocoric\u00f3 e Bem Brasil. Agora, programas como Viola Minha Viola e Provoca\u00e7\u00f5es tamb\u00e9m correm o risco de acabar. Outros, como o infantil Quintal da Cultura, podem virar mera plataforma para a exibi\u00e7\u00e3o de desenhos animados tercerizados.<\/p>\n<p>Esse processo vem acompanhado de demiss\u00f5es em massa e de precariza\u00e7\u00e3o das rela\u00e7\u00f5es de trabalho, tanto na TV quanto nas r\u00e1dios, com estrangulamento da equipe de jornalismo e radialismo; enfraquecimento da produ\u00e7\u00e3o pr\u00f3pria de conte\u00fado, inclusive dos infantis; entrega, sem crit\u00e9rios p\u00fablicos, de hor\u00e1rios na programa\u00e7\u00e3o para meios de comunica\u00e7\u00e3o privados, como a Folha de S.Paulo; sucateamento da cenografia, da marcenaria, de maquinaria e efeitos, al\u00e9m do setor de transportes.<\/p>\n<p>A \u00faltima fase de desmonte daquela que, durante muito tempo, se colocou como uma alternativa aos meios de comunica\u00e7\u00e3o comerciais, cumprindo as finalidades art\u00edsticas, culturais e informativas previstas na Constitui\u00e7\u00e3o Federal para toda a radiodifus\u00e3o e consolidando um exemplo de comunica\u00e7\u00e3o p\u00fablica reconhecido pela popula\u00e7\u00e3o, pode estar pr\u00f3xima. O governo do Estado de S\u00e3o Paulo reduziu recentemente em 20% o or\u00e7amento da Funda\u00e7\u00e3o Padre Anchieta, e pretende fazer cortes ainda maiores nos canais.<\/p>\n<p>Em rea\u00e7\u00e3o a esse movimento, trabalhadores, artistas, comunicadores e organiza\u00e7\u00f5es da sociedade civil lan\u00e7am uma nova mobiliza\u00e7\u00e3o em defesa das r\u00e1dios e da televis\u00e3o Cultura. Na pr\u00f3xima segunda-feira, dia 10, \u00e0s 9h, <a class=\"external-link\" title=\"\" href=\"https:\/\/www.facebook.com\/events\/876782275704750\/\" target=\"_blank\">um ato de protesto ocorrer\u00e1 diante dos est\u00fadios da emissora<\/a>. Neste momento, o Conselho Curador da Funda\u00e7\u00e3o estar\u00e1 reunido, e a expectativa \u00e9 mostrar a indigna\u00e7\u00e3o da popula\u00e7\u00e3o contra o desmonte de uma das principais emissoras p\u00fablicas de comunica\u00e7\u00e3o do pa\u00eds.<\/p>\n<p>Um manifesto em defesa da Cultura Viva tamb\u00e9m est\u00e1 no ar. O texto lembra a excel\u00eancia do trabalho produzido durante d\u00e9cadas por jornalistas, radialistas, artistas e t\u00e9cnicos, que renderam in\u00fameros pr\u00eamios nacionais e internacionais aos canais. A valoriza\u00e7\u00e3o da cultura nacional, da m\u00fasica cl\u00e1ssica, da m\u00fasica popular brasileira e da programa\u00e7\u00e3o infantil tamb\u00e9m s\u00e3o destacadas como um legado hist\u00f3rico da Cultura, que, desde os anos 2000, vem sofrendo brutais transforma\u00e7\u00f5es.<\/p>\n<p>\u201cAcompanhamos esse processo estarrecidos, mas n\u00e3o passivamente. Vamos lutar para impedir o desmanche da Cultura. Queremos a Cultura Viva, refletindo a diversidade e a pluralidade do povo paulista e brasileiro. Queremos a Cultura Viva, mas queremos que ela seja ainda mais p\u00fablica, que ou\u00e7a a sociedade, que espelhe de forma criativa a complexidade e a efervesc\u00eancia cultural do nosso estado e do Brasil\u201d, afirma o documento, que est\u00e1 <a class=\"external-link\" title=\"\" href=\"https:\/\/secure.avaaz.org\/po\/petition\/Governador_Geraldo_Alckmin_Marcos_Mendonca_e_Conselho_Curador_da_Cultura_EU_QUERO_A_RTV_CULTURA_VIVA_1\/?nVORFjb\" target=\"_blank\">dispon\u00edvel aqui<\/a>\u00a0para ades\u00f5es.<\/p>\n<p><em>Texto originalmente publicado no Blog do Intervozes na Carta Capital.<\/em><\/p>\n<\/div>\n","protected":false},"excerpt":{"rendered":"<p>Governo de SP faz desmonte gradual de uma das principais emissoras p\u00fablicas de comunica\u00e7\u00e3o do pa\u00eds. Quadro \u00e9 de demiss\u00f5es em massa, sucateamento da infraestrutura e cortes na produ\u00e7\u00e3o de conte\u00fado.<\/p>\n","protected":false},"author":4,"featured_media":0,"comment_status":"open","ping_status":"open","sticky":false,"template":"","format":"standard","meta":{"footnotes":""},"categories":[42],"tags":[703],"_links":{"self":[{"href":"https:\/\/obscom.intervozes.org.br\/index.php?rest_route=\/wp\/v2\/posts\/28907"}],"collection":[{"href":"https:\/\/obscom.intervozes.org.br\/index.php?rest_route=\/wp\/v2\/posts"}],"about":[{"href":"https:\/\/obscom.intervozes.org.br\/index.php?rest_route=\/wp\/v2\/types\/post"}],"author":[{"embeddable":true,"href":"https:\/\/obscom.intervozes.org.br\/index.php?rest_route=\/wp\/v2\/users\/4"}],"replies":[{"embeddable":true,"href":"https:\/\/obscom.intervozes.org.br\/index.php?rest_route=%2Fwp%2Fv2%2Fcomments&post=28907"}],"version-history":[{"count":2,"href":"https:\/\/obscom.intervozes.org.br\/index.php?rest_route=\/wp\/v2\/posts\/28907\/revisions"}],"predecessor-version":[{"id":29081,"href":"https:\/\/obscom.intervozes.org.br\/index.php?rest_route=\/wp\/v2\/posts\/28907\/revisions\/29081"}],"wp:attachment":[{"href":"https:\/\/obscom.intervozes.org.br\/index.php?rest_route=%2Fwp%2Fv2%2Fmedia&parent=28907"}],"wp:term":[{"taxonomy":"category","embeddable":true,"href":"https:\/\/obscom.intervozes.org.br\/index.php?rest_route=%2Fwp%2Fv2%2Fcategories&post=28907"},{"taxonomy":"post_tag","embeddable":true,"href":"https:\/\/obscom.intervozes.org.br\/index.php?rest_route=%2Fwp%2Fv2%2Ftags&post=28907"}],"curies":[{"name":"wp","href":"https:\/\/api.w.org\/{rel}","templated":true}]}}