{"id":28873,"date":"2015-04-27T03:44:30","date_gmt":"2015-04-27T03:44:30","guid":{"rendered":"https:\/\/obscom.intervozes.org.br\/?p=28873"},"modified":"2015-08-31T02:09:58","modified_gmt":"2015-08-31T02:09:58","slug":"protestos-no-dia-do-aniversario-da-globo-dizem-nao-ao-monopolio-e-a-manipulacao","status":"publish","type":"post","link":"https:\/\/obscom.intervozes.org.br\/?p=28873","title":{"rendered":"Protestos no dia do anivers\u00e1rio da Globo dizem n\u00e3o ao monop\u00f3lio e \u00e0 manipula\u00e7\u00e3o"},"content":{"rendered":"<p><em>Por Bia Barbosa*<\/em><\/p>\n<p>Depois de uma semana de programa\u00e7\u00e3o televisiva exaltando seus pr\u00f3prios feitos em celebra\u00e7\u00e3o ao anivers\u00e1rio de 50 anos, a Rede Globo recebeu visitantes n\u00e3o-convidados para a festa na porta de diversas de suas emissoras pelo pa\u00eds. Em capitais como S\u00e3o Paulo, Bras\u00edlia, Belo Horizonte e Porto Alegre, movimentos sociais e ativistas se reuniram diante das sedes da Globo para dizer n\u00e3o ao monop\u00f3lio e \u00e0 concentra\u00e7\u00e3o da m\u00eddia no Brasil, e sim \u00e0 diversidade e \u00e0 pluralidade nos meios de comunica\u00e7\u00e3o de massa. A Globopar, holding que n\u00e3o inclui os jornais e r\u00e1dios do grupo, j\u00e1 \u00e9 hoje a 5<sup>a<\/sup> maior empresa brasileira em lucro l\u00edquido, e sua receita representa mais de 60% do capital do setor no pa\u00eds.<\/p>\n<p>Em S\u00e3o Paulo, a prepara\u00e7\u00e3o para o ato come\u00e7ou \u00e0s 15h na Pra\u00e7a Gentil Falc\u00e3o, na zona Oeste. De l\u00e1, mais de 500 pessoas, integrantes de organiza\u00e7\u00f5es como o F\u00f3rum Nacional pela Democratiza\u00e7\u00e3o da Comunica\u00e7\u00e3o (FNDC), Intervozes, CUT, Levante Popular da Juventude, MST, MTST, Bar\u00e3o de Itarar\u00e9, UJS, entre outras, caminharam ao som de uma batucada at\u00e9 a porta da Globo. Com faixas denunciando a rela\u00e7\u00e3o \u00edntima entre a V\u00eanus Platinada e a ditadura militar e o hist\u00f3rico de manipula\u00e7\u00f5es e de criminaliza\u00e7\u00e3o e invisibiliza\u00e7\u00e3o dos movimentos sociais na programa\u00e7\u00e3o da emissora, protestaram durante todo o percurso de ida e volta pela Avenida Lu\u00eds Carlos Berrini e Avenida Roberto Marinho. Nos port\u00f5es da Globo, deixaram seu recado com frases como \u201cGlobo mente\u201d e marcaram as paredes de tinta vermelha. O<a class=\"external-link\" title=\"\" href=\"http:\/\/www.cartacapital.com.br\/organizacoes-e-movimentos-sociais-irao-2018descomemorar2019-aniversario-da-globo-5919.html\" target=\"_self\"> Manifesto de Descomemora\u00e7\u00e3o dos 50 anos<\/a>, lan\u00e7ado por centenas de organiza\u00e7\u00f5es na \u00faltima semana, foi lido em coro pelos presentes.<\/p>\n<p>Em Bras\u00edlia, cerca de 250 pessoas se reuniram em frente \u00e0 sede do canal, no Plano Piloto, no ato batizado de \u201cDoming\u00e3o do Pov\u00e3o\u201d, de car\u00e1ter pol\u00edtico e cultural. Representantes de entidades, sindicatos e in\u00fameros cidad\u00e3os e cidad\u00e3s de Bras\u00edlia e do entorno, incluindo os acampamentos do MST \u201cRoseli Nunes\u201d e \u201c8 de Mar\u00e7o\u201d, de Planaltina, ocuparam o microfone em cr\u00edtica \u00e0 atua\u00e7\u00e3o da emissora. Foram lembrados diversos epis\u00f3dios negativos da Globo, como sua origem num acordo ilegal com a gigante americana Time-Life; a manipula\u00e7\u00e3o do debate eleitoral de 1989, entre Collor e Lula; o preconceito propagado em seus programas humor\u00edsticos e a aus\u00eancia da diversidade cultural do pa\u00eds na grade da emissora. Os manifestantes tamb\u00e9m criticaram o discurso massivo da Globo contra qualquer medida de democratiza\u00e7\u00e3o das comunica\u00e7\u00f5es no pa\u00eds e coletaram assinaturas para o <a class=\"external-link\" title=\"\" href=\"http:\/\/www.paraexpressaraliberdade.org.br\" target=\"_blank\">Projeto de Lei de Iniciativa Popular da M\u00eddia Democr\u00e1tica<\/a>.<\/p>\n<p>Uma roda de samba e uma bateria de ativistas de Sobradinho, cidade sat\u00e9lite do Distrito Federal, lembraram m\u00fasicas do per\u00edodo militar, t\u00e3o apoiado pela Globo. A j\u00e1 conhecida frase &#8220;a verdade \u00e9 dura, a Rede Globo apoiou a ditadura&#8221; foi entoada diversas vezes pelos presentes. Ao final, participantes jogaram tinta vermelha no painel em frente \u00e0 entrada da emissora, para lembrar aqueles que morreram em defesa da democracia e da liberdade de express\u00e3o.<\/p>\n<p>No Recife, 150 pessoas, animadas pela batucada do Levante Popular da Juventude marcharam pelas ruas da cidade e criticaram a sonega\u00e7\u00e3o de impostos por parte da emissora, j\u00e1 investigada pela Pol\u00edcia Federal. Segundo o servi\u00e7o de intelig\u00eancia da Pol\u00edcia Federal, em 2006 a empresa deixou de recolher impostos que, \u00e0 \u00e9poca, com multa e corre\u00e7\u00e3o, chegavam a R$ 615 milh\u00f5es. Hoje, a d\u00edvida com o Tesouro ultrapassaria R$ 1 bilh\u00e3o. De acordo com Ivan Moraes Filho, do F\u00f3rum Pernambucano de Comunica\u00e7\u00e3o, um dos organizadores do protesto, a Globo \u00e9 um s\u00edmbolo da luta contra a concentra\u00e7\u00e3o da propriedade dos meios de comunica\u00e7\u00e3o no Brasil e contra o monop\u00f3lio da m\u00eddia, que \u00e9 proibido pela Constitui\u00e7\u00e3o federal, que segue sendo desrespeitada. E a descomemora\u00e7\u00e3o de seus 50 anos \u00e9 sintoma desta brutal concentra\u00e7\u00e3o que temos em nosso pa\u00eds.<\/p>\n<p>\u201cVale lembrar que em todos os pa\u00edses mais ou menos democr\u00e1ticos do mundo h\u00e1 normas estruturais claras e objetivas que ordenam a distribui\u00e7\u00e3o e o uso dos canais que s\u00e3o escassos e p\u00fablicos. Um exemplo que sempre uso \u00e9 o dos EUA, o pa\u00eds mais liberal do mundo. L\u00e1 a propriedade cruzada tem diversas restri\u00e7\u00f5es e nenhuma rede de televis\u00e3o aberta pode ter audi\u00eancia m\u00e9dia superior a 39%. Assim, cinco redes competem pelo p\u00fablico, com discursos mais ou menos diversos (ainda que sofrendo do mesmo hipercomercialismo que sofremos). Na Europa, \u00e9 dada prioridade \u00e0 m\u00eddia p\u00fablica (n\u00e3o estatal)\u201d, lembra.<\/p>\n<p>\u201cDizer que a Globo \u00e9 a emissora que produz melhor, que \u00e9 a tamporosa e por isso est\u00e1 sendo injusti\u00e7ada, n\u00e3o cola. Em qualquer mercado oligopolizado, de qualquer setor, funciona da mesma forma. Quem domina a \u00e1rea, tem mais dinheiro, mais margem para arriscar, e acaba \u2013 mesmo \u2013 lan\u00e7ando os melhores produtos. E alguns dos piores tamb\u00e9m\u201d, acrescenta Ivan Moraes.<\/p>\n<p>Em Belo Horizonte, diante da Globo Minas, os manifestantes abriram uma enorme faixa dizendo: \u201cO povo n\u00e3o \u00e9 bobo! Abaixo \u00e0 Rede Globo!\u201d.<\/p>\n<p>No Rio Grande do Sul, as emissoras da RBS nos munic\u00edpios de Bag\u00e9, Caxias do Sul, Erechim, Pelotas, Passo Fundo, Santa Maria, Santa Cruz e Santa Rosa foram palco de escrachos p\u00fablicos pela juventude do MST. Afiliada da Globo na regi\u00e3o, a RBS det\u00e9m o monop\u00f3lio das comunica\u00e7\u00f5es no Rio Grande do Sul e Santa Catarina. Em seu site institucional, a empresa n\u00e3o tem qualquer pudor em se apresentar como \u201ca maior rede regional de TV do pa\u00eds, com 18 emissoras distribu\u00eddas no RS e em SC, com 85% da programa\u00e7\u00e3o da Rede Globo\u201d. A RBS concentra ainda 25 emissoras de r\u00e1dio, 8 jornais di\u00e1rios, 4 portais na internet, uma editora, uma gr\u00e1fica, uma gravadora e uma empresa de log\u00edstica, entre outros empreendimentos.<\/p>\n<p>No Paran\u00e1, os protestos continuam ao longo desta semana, com muito humor e criatividade. Nesta segunda-feira, foi divulgada uma \u201cnota de falecimento\u201d da Dona Concentra\u00e7\u00e3o, \u201ct\u00e3o amada pela Rede Globo\u201d, cujo vel\u00f3rio acontecer\u00e1 \u00e0s 18h no dia 29\/04, na Pra\u00e7a Santos Andrade, seguido de um cortejo f\u00fanebre at\u00e9 a Boca Maldita, no centro de Curitiba. Ali, \u00e0s 19h, acontecer\u00e1 mais uma aula p\u00fablica de descomemora\u00e7\u00e3o dos 50 anos da Globo, organizada pela Frente Paranaense pelo Direito \u00e0 Comunica\u00e7\u00e3o e \u00e0 Liberdade de Express\u00e3o.<\/p>\n<p><em>* Bia Barbosa \u00e9 jornalista e integrante da Coordena\u00e7\u00e3o Executiva do Intervozes. Colaboraram Veridiana Alimonti (SP), Jonas Valente (DF) e Eduardo Amorim (PE), tamb\u00e9m do Intervozes. Com informa\u00e7\u00f5es do MST-RS.<\/em><\/p>\n<p><em>Texto originalmente publicado no Blog do Intervozes na Carta Capital.<\/em><\/p>\n","protected":false},"excerpt":{"rendered":"<p>Manifesta\u00e7\u00f5es ocorreram em todas as regi\u00f5es do pa\u00eds e pediram mais diversidade e pluralidade na m\u00eddia. Ativistas tamb\u00e9m criticaram apoio da emissora \u00e0 ditadura e criminaliza\u00e7\u00e3o dos movimentos.<\/p>\n","protected":false},"author":4,"featured_media":0,"comment_status":"open","ping_status":"open","sticky":false,"template":"","format":"standard","meta":{"footnotes":""},"categories":[42],"tags":[1597],"_links":{"self":[{"href":"https:\/\/obscom.intervozes.org.br\/index.php?rest_route=\/wp\/v2\/posts\/28873"}],"collection":[{"href":"https:\/\/obscom.intervozes.org.br\/index.php?rest_route=\/wp\/v2\/posts"}],"about":[{"href":"https:\/\/obscom.intervozes.org.br\/index.php?rest_route=\/wp\/v2\/types\/post"}],"author":[{"embeddable":true,"href":"https:\/\/obscom.intervozes.org.br\/index.php?rest_route=\/wp\/v2\/users\/4"}],"replies":[{"embeddable":true,"href":"https:\/\/obscom.intervozes.org.br\/index.php?rest_route=%2Fwp%2Fv2%2Fcomments&post=28873"}],"version-history":[{"count":2,"href":"https:\/\/obscom.intervozes.org.br\/index.php?rest_route=\/wp\/v2\/posts\/28873\/revisions"}],"predecessor-version":[{"id":29102,"href":"https:\/\/obscom.intervozes.org.br\/index.php?rest_route=\/wp\/v2\/posts\/28873\/revisions\/29102"}],"wp:attachment":[{"href":"https:\/\/obscom.intervozes.org.br\/index.php?rest_route=%2Fwp%2Fv2%2Fmedia&parent=28873"}],"wp:term":[{"taxonomy":"category","embeddable":true,"href":"https:\/\/obscom.intervozes.org.br\/index.php?rest_route=%2Fwp%2Fv2%2Fcategories&post=28873"},{"taxonomy":"post_tag","embeddable":true,"href":"https:\/\/obscom.intervozes.org.br\/index.php?rest_route=%2Fwp%2Fv2%2Ftags&post=28873"}],"curies":[{"name":"wp","href":"https:\/\/api.w.org\/{rel}","templated":true}]}}