{"id":28871,"date":"2015-04-23T03:41:47","date_gmt":"2015-04-23T03:41:47","guid":{"rendered":"https:\/\/obscom.intervozes.org.br\/?p=28871"},"modified":"2015-08-31T02:10:11","modified_gmt":"2015-08-31T02:10:11","slug":"organizacoes-e-movimentos-irao-descomemorar-50-anos-da-globo","status":"publish","type":"post","link":"https:\/\/obscom.intervozes.org.br\/?p=28871","title":{"rendered":"Organiza\u00e7\u00f5es e movimentos ir\u00e3o \u2018descomemorar\u2019 50 anos da Globo"},"content":{"rendered":"<div>\n<p class=\"Default\">No pr\u00f3ximo dia 26, a rede Globo de Televis\u00e3o completa 50 anos de exist\u00eancia. A data mobilizou diversas organiza\u00e7\u00f5es e movimentos sociais para atos e debates p\u00fablicos que ir\u00e3o \u201cdescomemorar\u201d o anivers\u00e1rio da emissora &#8211; s\u00edmbolo do monop\u00f3lio midi\u00e1tico no Brasil.<\/p>\n<p class=\"Default\">Atos de rua est\u00e3o marcados em diversas capitais. No manifesto \u201c50 anos da TV Globo: vamos descomemorar!\u201d, entidades como o Intervozes, o F\u00f3rum Nacional Pela Democratiza\u00e7\u00e3o da Comunica\u00e7\u00e3o (FNDC), o Movimento dos Trabalhadores Rurais Sem Terra (MST), a Central \u00danica dos Trabalhadores (CUT), o Movimento dos Trabalhadores Sem Teto (MTST), dentre outras, repudiam o \u00a0autoritarismo da linha editorial da emissora e denunciam o seu envolvimento em suspeitos casos de corrup\u00e7\u00e3o e sonega\u00e7\u00e3o fiscal.<\/p>\n<p class=\"Default\">\u00a0\u201cSem enfrentar o poder e colocar limites \u00e0 maior emissora do Brasil \u2013 e uma das cinco maiores do mundo \u2013 n\u00e3o ser\u00e1 poss\u00edvel garantir a regulamenta\u00e7\u00e3o dos artigos da Constitui\u00e7\u00e3o que pro\u00edbem o monop\u00f3lio para levar a cabo a democratiza\u00e7\u00e3o do pa\u00eds\u201d, completam.<\/p>\n<p class=\"Default\">Nesta quinta-feira (23\/04), no Rio de Janeiro, ativistas realizaram um protesto nos port\u00f5es de entrada do Maracan\u00e3zinho, onde convidados esperavam para ingressar e ver o show em comemora\u00e7\u00e3o aos 50 anos da emissora. Com faixas, cartazes, bandeiras e camisetas estampando slogans e frases contra a TV Globo, os manifestantes distribu\u00edram milhares de panfletos e se revezaram no microfone para lembrar aos presentes as constantes pr\u00e1ticas de manipula\u00e7\u00e3o da informa\u00e7\u00e3o e a hist\u00f3rica vincula\u00e7\u00e3o com a Ditadura Civil-Militar no Brasil.<\/p>\n<p class=\"Default\"><strong>Agenda<\/strong><\/p>\n<p class=\"Default\">Em S\u00e3o Paulo, a <a href=\"https:\/\/www.facebook.com\/events\/373059119549128\/\" target=\"_blank\">manifesta\u00e7\u00e3o<\/a> est\u00e1 programada para este domingo, \u00e0s 15h, com concentra\u00e7\u00e3o na Pra\u00e7a General Gentil Falc\u00e3o. Na mesma data, Bras\u00edlia <a href=\"https:\/\/www.facebook.com\/events\/1422568291383735\/1425885384385359\/\" target=\"_blank\">concentra seu ato em frente \u00e0 Globo<\/a>, \u00e0s 13h e, al\u00e9m das manifesta\u00e7\u00f5es pol\u00edticas, est\u00e1 programado atos culturais com grupos de samba e hip-hop. \u00a0J\u00e1 em Porto Alegre, o protesto <a href=\"https:\/\/www.facebook.com\/events\/1575324696060964\/\" target=\"_blank\">\u201cFora Globo\/RBS\u201d A festa acabou: 50 anos de mentira!\u201d<\/a> est\u00e1 marcado para \u00e0s 14h, com concentra\u00e7\u00e3o no Arco da Reden\u00e7\u00e3o.<\/p>\n<p class=\"Default\">Em Belo Horizonte, a\u00a0<a class=\"external-link\" title=\"\" href=\"https:\/\/www.facebook.com\/events\/1598703507052464\/\" target=\"_blank\">&#8220;Descomemora\u00e7\u00e3o&#8221; dos 50 anos da Globo&#8221;<\/a>\u00a0acontecer\u00e1 \u00e0s\u00a013 horas, na Avenida Carlos Luz, 800 (pr\u00f3ximo a igreja Santa Clara), bairro Cai\u00e7ara. Em Recife, <a class=\"external-link\" title=\"\" href=\"https:\/\/www.facebook.com\/events\/1555845808009455\/\" target=\"_blank\">o ato, que tamb\u00e9m Descomemora os 50 anos da emissora<\/a>,\u00a0acontece na Pra\u00e7a do Arsenal, no Centro. \u00a0O Paran\u00e1, por sua vez, realiza\u00a0<a class=\"external-link\" title=\"\" href=\"https:\/\/www.facebook.com\/events\/1576318852652962\/\" target=\"_blank\">uma semana com\u00a0atividades presenciais e virtuais\u00a0<\/a>que ir\u00e3o at\u00e9 o dia 29 de abril.<\/p>\n<p class=\"Default\">\u00a0<b>Confira o Manifesto:<\/b><\/p>\n<p class=\"Default\">\u00a0<b>50 ANOS DA TV GLOBO: VAMOS DESCOMEMORAR!<\/b><\/p>\n<p class=\"Default\"><em>A TV Globo festejar\u00e1 os seus 50 anos de exist\u00eancia no dia 26 de abril. Ser\u00e3o promovidos megaeventos e lan\u00e7ados v\u00e1rios produtos comemorativos. No mesmo per\u00edodo, por\u00e9m, muita gente est\u00e1 disposta a promover a \u201cdescomemora\u00e7\u00e3o\u201d do anivers\u00e1rio do imp\u00e9rio global, um ato de rep\u00fadio ao papel nocivo desse grupo de m\u00eddia na hist\u00f3ria do pa\u00eds. Uma palavra-de-ordem que se destaca em todo o Brasil em manifesta\u00e7\u00f5es recentes \u00e9: \u201cO povo n\u00e3o \u00e9 bobo. Fora Rede Globo\u201d. E motivos n\u00e3o faltam para esta revolta.<\/em><\/p>\n<p class=\"Default\"><em>A emissora \u00e9 filha bastarda do golpe militar de 1964. O ent\u00e3o diretor do jornal \u201cO Globo\u201d Roberto Marinho foi um dos principais incentivadores da deposi\u00e7\u00e3o do presidente Jo\u00e3o Goulart, dando sustenta\u00e7\u00e3o ideol\u00f3gica \u00e0 a\u00e7\u00e3o das For\u00e7as Armadas. Um ano depois, foi fundada a sua emissora de televis\u00e3o, que ganhou as gra\u00e7as dos ditadores. O imp\u00e9rio foi constru\u00eddo com incentivos p\u00fablicos, isen\u00e7\u00f5es fiscais e outras mutretas. Os concorrentes no setor foram alijados, apesar do falso discurso global sobre o livre mercado.<\/em><\/p>\n<p class=\"Default\"><em>Nascida da costela da ditadura, a TV Globo tem um DNA golpista. Apoiou abertamente as pris\u00f5es, torturas e assassinatos de in\u00fameros lutadores patriotas e democratas que combateram o regime autorit\u00e1rio. Fez de tudo para salvar o regime dos ditadores, inclusive omitindo a jornada das Diretas J\u00e1 na d\u00e9cada de 80. Com a democratiza\u00e7\u00e3o do pa\u00eds, ela atuou para eleger seus candidatos \u2013 os falsos \u201cca\u00e7adores de maraj\u00e1s\u201d e os convertidos \u201cpr\u00edncipes neoliberais\u201d. Na fase recente, a TV Globo militou contra toda e qualquer avan\u00e7o mais progressista, atuando na desestabiliza\u00e7\u00e3o dos governos que n\u00e3o rezam integralmente a sua cartilha. Nas marchas de mar\u00e7o desse ano, ela ajudou a mobilizar o anseio golpista e garantiu a ele todos seus holofotes.<\/em><\/p>\n<p class=\"Default\"><em>A revolta contra a Globo que ganha corpo est\u00e1 ligada tamb\u00e9m \u00e0 postura sempre autorit\u00e1ria diante dos movimentos sociais brasileiros. As lutas dos trabalhadores ou n\u00e3o s\u00e3o not\u00edcia na telinha ou s\u00e3o duramente criminalizadas. A emissora nunca escondeu o seu \u00f3dio ao sindicalismo, \u00e0s lutas da juventude, aos movimentos dos sem-terra e dos sem-teto. Atrav\u00e9s da sua programa\u00e7\u00e3o, n\u00e3o \u00e9 nada raro ver a naturaliza\u00e7\u00e3o e o refor\u00e7o ao \u00f3dio e ao preconceito. Esse clima de controle e censura oprime jornalistas, radialistas e demais trabalhadores da empresa, que s\u00e3o subjugados por uma linha editorial que impede, na pr\u00e1tica, o exerc\u00edcio do bom jornalismo, servidor do interesse p\u00fablico, em vez da submiss\u00e3o \u00e0 \u00e2nsia de poder de grupos privados.<\/em><\/p>\n<p class=\"Default\"><em>Al\u00e9m da sua linha editorial golpista e autorit\u00e1ria, a Rede Globo \u2013 que adora criminalizar a pol\u00edtica e posar de paladina da \u00e9tica \u2013 est\u00e1 envolvida em in\u00fameros casos suspeitos. At\u00e9 hoje, ela n\u00e3o mostrou o Darf (Documento de Arrecada\u00e7\u00e3o de Receitas Federais) do pagamento dos seus impostos, o que s\u00f3 refor\u00e7a a suspeita da bilion\u00e1ria sonega\u00e7\u00e3o da empresa na compra dos direitos de transmiss\u00e3o da Copa do Mundo de 2002. A falta de transpar\u00eancia do imp\u00e9rio em in\u00fameros neg\u00f3cios \u00e9 total. Ela prega o chamado \u201cEstado m\u00ednimo\u201d, mas vive mamando nos cofres p\u00fablicos, seja atrav\u00e9s dos recursos milion\u00e1rios da publicidade oficial ou de outros expedientes mais sinistros.<\/em><\/p>\n<p class=\"Default\"><em>Essas e outras raz\u00f5es explicam o forte desejo de manifestar o rep\u00fadio \u00e0 TV Globo em seu anivers\u00e1rio de 50 anos. Assim, vamos realizar em torno do dia 26 de abril uma s\u00e9rie de manifesta\u00e7\u00f5es, em todo o pa\u00eds, para denunciar a emissora como golpista ontem e hoje; exigir a comprova\u00e7\u00e3o do pagamento de seus impostos; e refor\u00e7ar a luta por uma m\u00eddia democr\u00e1tica no Brasil.<\/em><\/p>\n<p class=\"Default\"><em>Sem enfrentar o poder e colocar limites \u00e0 maior emissora do Brasil \u2013 e uma das cinco maiores do mundo \u2013 n\u00e3o ser\u00e1 poss\u00edvel garantir a regulamenta\u00e7\u00e3o dos artigos da Constitui\u00e7\u00e3o que pro\u00edbem o monop\u00f3lio para levar a cabo a democratiza\u00e7\u00e3o do pa\u00eds. Por isso, vamos \u00e0s ruas contra a Globo e convidamos todos os brasileiros comprometidos com a democracia, a liberdade de express\u00e3o, a cultura nacional, o jornalismo livre e a soberania popular a participar das manifesta\u00e7\u00f5es em todo o pa\u00eds.<\/em><\/p>\n<p class=\"Default\"><em>Texto originalmente publicado no Blog do Intervozes na Carta Capital.<\/em><\/p>\n<\/div>\n","protected":false},"excerpt":{"rendered":"<p>No manifesto \u201c50 anos da TV Globo: vamos descomemorar!\u201d, entidades repudiam o autoritarismo da linha editorial da emissora, al\u00e9m de denunciar em suspeitos casos de corrup\u00e7\u00e3o e sonega\u00e7\u00e3o fiscal.<\/p>\n","protected":false},"author":4,"featured_media":0,"comment_status":"open","ping_status":"open","sticky":false,"template":"","format":"standard","meta":{"footnotes":""},"categories":[42],"tags":[1597],"_links":{"self":[{"href":"https:\/\/obscom.intervozes.org.br\/index.php?rest_route=\/wp\/v2\/posts\/28871"}],"collection":[{"href":"https:\/\/obscom.intervozes.org.br\/index.php?rest_route=\/wp\/v2\/posts"}],"about":[{"href":"https:\/\/obscom.intervozes.org.br\/index.php?rest_route=\/wp\/v2\/types\/post"}],"author":[{"embeddable":true,"href":"https:\/\/obscom.intervozes.org.br\/index.php?rest_route=\/wp\/v2\/users\/4"}],"replies":[{"embeddable":true,"href":"https:\/\/obscom.intervozes.org.br\/index.php?rest_route=%2Fwp%2Fv2%2Fcomments&post=28871"}],"version-history":[{"count":2,"href":"https:\/\/obscom.intervozes.org.br\/index.php?rest_route=\/wp\/v2\/posts\/28871\/revisions"}],"predecessor-version":[{"id":29103,"href":"https:\/\/obscom.intervozes.org.br\/index.php?rest_route=\/wp\/v2\/posts\/28871\/revisions\/29103"}],"wp:attachment":[{"href":"https:\/\/obscom.intervozes.org.br\/index.php?rest_route=%2Fwp%2Fv2%2Fmedia&parent=28871"}],"wp:term":[{"taxonomy":"category","embeddable":true,"href":"https:\/\/obscom.intervozes.org.br\/index.php?rest_route=%2Fwp%2Fv2%2Fcategories&post=28871"},{"taxonomy":"post_tag","embeddable":true,"href":"https:\/\/obscom.intervozes.org.br\/index.php?rest_route=%2Fwp%2Fv2%2Ftags&post=28871"}],"curies":[{"name":"wp","href":"https:\/\/api.w.org\/{rel}","templated":true}]}}