{"id":28866,"date":"2015-04-15T03:38:07","date_gmt":"2015-04-15T03:38:07","guid":{"rendered":"https:\/\/obscom.intervozes.org.br\/?p=28866"},"modified":"2015-08-31T02:10:30","modified_gmt":"2015-08-31T02:10:30","slug":"em-pe-silencio-sobre-o-estelita-contrasta-com-a-valorizacao-dos-atos-anti-dilma","status":"publish","type":"post","link":"https:\/\/obscom.intervozes.org.br\/?p=28866","title":{"rendered":"Em PE, sil\u00eancio sobre o Estelita contrasta com a valoriza\u00e7\u00e3o dos atos anti-Dilma"},"content":{"rendered":"<p><strong>Por Eduardo Amorim*<\/strong><\/p>\n<p>Muito j\u00e1 se falou sobre o quanto a m\u00eddia nacional assume posturas distintas em rela\u00e7\u00e3o \u00e0s diversas manifesta\u00e7\u00f5es que ocorrem no pa\u00eds desde junho de 2013. Mas \u00e9 interessante perceber como nos jornais locais\u00a0esse fen\u00f4meno se repete. No Recife, no \u00faltimo domingo, enquanto foi organizada uma manifesta\u00e7\u00e3o claramente anti-Dilma no bairro Boa Viagem, no Cais Jos\u00e9 Estelita havia\u00a0a mobiliza\u00e7\u00e3o Ocupe Campo-Cidade, que pela primeira vez uniu os diversos grupos que comp\u00f5em o Movimento Ocupe Estelita, o Levante Popular da Juventude e grupos que fazem a luta no campo, como o Movimento dos Trabalhadores\u00a0Sem Terra (MST), representantes do povo Xukuru e agricultores agroecol\u00f3gicos.<\/p>\n<p>Nos jornais do fim de semana, as mobiliza\u00e7\u00f5es anti-Dilma ganharam dezenas de chamadas, assim como na programa\u00e7\u00e3o nacional das principais redes de televis\u00e3o. J\u00e1 o Ocupe Campo-Cidade,\u00a0teve apenas algumas reportagens publicadas em sites de organiza\u00e7\u00f5es sociais, como o Centro Sabi\u00e1 (onde atuo profissionalmente),\u00a0e de portais como o <i>Leia J\u00e1<\/i> e <i>Di\u00e1rio de Pernambuco<\/i>.<\/p>\n<p>Na segunda-feira, os tr\u00eas principais jornais pernambucanos admitiram o fracasso de p\u00fablico das manifesta\u00e7\u00f5es pelo Brasil e no Recife, mas suas manchetes reafiramam que a press\u00e3o \u00e9 cada vez maior\u00a0contra a presidenta Dilma Roussef. Todos praticamente ignoraram o protesto relacionado ao pr\u00f3prio estado e que, nos \u00faltimos meses, conseguiu trazer \u00e0 tona a discuss\u00e3o sobre o modelo de cidade que vem sendo produzido.<\/p>\n<p>No <i>Jornal do Commercio<\/i>, \u00fanico que teve uma pequena chamada de capa para o protesto organizado pelos movimentos sociais, uma foto grande de p\u00fablico vestindo amarelo estava acompanhada pelo t\u00edtulo &#8220;Protesto menor. Governo silencia&#8221;. A exposi\u00e7\u00e3o contrasta com a nota de apenas uma coluna com o nome &#8220;Estelita&#8221;.\u00a0Em uma p\u00e1gina preta e branca, na parte inferior e menos valorizada do peri\u00f3dico, o <i>JC <\/i>publicou a \u00fanica mat\u00e9ria da imprensa escrita sobre o Ocupe Campo-Cidade. Com maior destaque e cores, vieram as reportagens sobre o ato anti-PT em Boa Viagem e no resto do pa\u00eds.<\/p>\n<p>Na caderno <i>Poder <\/i>do <i>Di\u00e1rio de Pernambuco<\/i>, a capa e duas p\u00e1ginas coloridas trazem a cobertura dos protestos nacionais e do que aconteceu no Recife, o Ocupe Campo-Cidade s\u00f3 aparece no site e em uma nota com foto na parte inferior esquerda do caderno <i>Local<\/i>.\u00a0A <i>Folha de Pernambuco<\/i> destou exclusivamente o ato &#8220;anti-PT&#8221;, embora tenha pontuado a diminui\u00e7\u00e3o do n\u00famero de participantes, na compara\u00e7\u00e3o com o ato do dia 15 de mar\u00e7o.\u00a0De propriedade do usineiro Eduardo Monteiro, o jornal n\u00e3o mencionou o Ocupe Campo-Cidade nem mesmo no seu site.<\/p>\n<p>A valoriza\u00e7\u00e3o de um em detrimento do outro tamb\u00e9m se d\u00e1 na contagem dos participantes. Curiosamente, o texto Jornal do Commercio JC sobre o Ocupe Campo-Cidade fala na presen\u00e7a de 3.000 pessoas, mas a \u00fanica imagem que foi publicada \u00e9 fechada e tem tr\u00eas pessoas\u00a0comprando produtos agroecol\u00f3gicos de um vendedor com a bandeira do (t\u00e3o criticado) Movimento Sem Terra tomando quase metade do espa\u00e7o.<\/p>\n<p>O Ocupe Campo-Cidade vinha sendo planejado desde janeiro e tinha como principal objetivo mostrar as similaridades entre os problemas enfrentados nos meios rural e urbano. Entre elas, as irregularidade no\u00a0leil\u00e3o que possibilitou o in\u00edcio do projeto Novo Recife, projeto idealizado para ser realizado na \u00e1rea do Cais Jos\u00e9 Estelita, que foi ocupada por 50 dias pelo movimento e teve uma violenta desocupa\u00e7\u00e3o\u00a0realizada em dia de jogo do Brasil na Copa do Mundo pela Pol\u00edcia Militar. A l\u00f3gica em nada difere da grilagem de terras denunciada por diversos movimentos ligados ao campo. Bem como n\u00e3o difere o uso da viol\u00eancia do Estado contra os movimentos sociais.<\/p>\n<p>N\u00e3o \u00e9 poss\u00edvel aceitarmos a continuidade da imposi\u00e7\u00e3o do sil\u00eancio e de l\u00f3gicas opressoras. \u201cO exerc\u00edcio do bom senso, com o qual s\u00f3 temos o que ganhar, se faz no &#8216;corpo&#8217; da curiosidade. Nesse sentido, quanto mais pomos em pr\u00e1tica de forma met\u00f3dica a nossa capacidade de indagar, de comparar,\u00a0de duvidar, de aferir, tanto mais eficazmente curiosos nos podemos tornar e mais cr\u00edtico se pode fazer o nosso bom senso\u201d dizia Paulo Freire.<\/p>\n<p>Um dos pernambucanos mais conhecidos de todos os tempos, o pedagogo n\u00e3o \u00e9 nome de nenhuma importante pra\u00e7a, avenida, ponte ou monumento no Recife. Conhecido internacionalmente pelas suas pesquisas e pelo\u00a0trabalho de alfabetiza\u00e7\u00e3o de adultos, ele acabou virando refer\u00eancia negativa de um grupo de manifestantes que foi \u00e0s ruas no in\u00edcio das manifesta\u00e7\u00f5es anti-Dilma.<\/p>\n<p>Mas a comunica\u00e7\u00e3o em geral tem dois lados e certamente a faixa levada pelo grupo e que dizia \u201cChega de doutrina\u00e7\u00e3o marxista. Basta de Paulo Freire&#8221; serviu mais para alertar para a necessidade de se voltar ao trabalho do criador do Programa Nacional de Alfabetiza\u00e7\u00e3o (criado no governo Jo\u00e3o Goulart e extinto pela Ditadura Militar) do que como cr\u00edtica ao autor falecido em 1997. E tamb\u00e9m mostra a despolitiza\u00e7\u00e3o de algumas das lideran\u00e7as da onda generalizada de protestos anti-Governo.<\/p>\n<p>Reagindo a essa tend\u00eancia, \u00e9 preciso afirmar a cr\u00edtica e trazer \u00e0 tona as indaga\u00e7\u00f5es. H\u00e1 de se questionar a escolha de fazer uma cobertura abrangente, com foco nas demandas da popula\u00e7\u00e3o, espa\u00e7o para\u00a0coment\u00e1rios de diversas fontes, reserva inclusive de hor\u00e1rios e espa\u00e7os normalmente destinados ao entretenimento para alguns, enquanto a outros \u00e9 destinada a sobra. Quando \u00e9.<\/p>\n<p>\u00c9 preciso fazer uma leitura cr\u00edtica desse fen\u00f4meno. Ser\u00e1 que, a partir de agora, os protestos dos movimentos do campo n\u00e3o precisam ter seus cartazes mostrados no hor\u00e1rio nobre? Finalmente os desapropriados pelas obras da Copa do Mundo e das Olimp\u00edadas ter\u00e3o suas hist\u00f3rias dram\u00e1ticas contadas sem cortes nas principais emissoras do pa\u00eds? Aparentemente, nenhuma mudan\u00e7a significativa aconteceu nos ve\u00edculos de m\u00eddia nacional e nem nos de Pernambuco.\u00a0 Mas as perguntas s\u00e3o necess\u00e1rias para quem assistiu de casa ou participou nas ruas dos protestos do \u00faltimo domingo no Recife, para que comecemos a virar uma p\u00e1gina importante da alfabetiza\u00e7\u00e3o pol\u00edtica no Brasil.<\/p>\n<p>Um cr\u00edtico da cobertura da TV Globo pode corretamente identificar que a emissora, assim como outros grandes ve\u00edculos, usou t\u00e9cnicas publicit\u00e1rias para fazer que os protestos anti-Dilma conseguissem realmente mobilizar grande quantidade de pessoas em todo o pa\u00eds. As chamadas durante toda a semana e desde cedo pela manh\u00e3 faziam com que os cidad\u00e3os j\u00e1 amanhecessem sabendo o que esperava o domingo na Avenida Boa Viagem, na Paulista, em Copacabana e em tantas outras cidades.<\/p>\n<p>Os maiores ve\u00edculos locais do pa\u00eds reverberaram esse aquecimento. No \u00faltimo domingo, a TV Globo, pela segunda vez, iniciou a cobertura dos protestos logo ap\u00f3s o Globo Rural, repetindo o que j\u00e1 havia acontecido no 15 de mar\u00e7o.<\/p>\n<p>Quantos protestos no Brasil n\u00e3o mereciam o destaque que receberam essas duas mobiliza\u00e7\u00f5es? O cuidado de se investigar o que querem os manifestantes, que em certo momento at\u00e9 confundiu quem estava assistindo pela TV, s\u00f3 me fez lembrar das dezenas de vezes que vi nas ruas quest\u00f5es extremamente relevantes serem silenciadas pela m\u00eddia.<\/p>\n<p>Os manifestantes majoritariamente de esquerda que estiveram no Ocupe Campo-Cidade certamente tiveram suas li\u00e7\u00f5es de alfabetiza\u00e7\u00e3o para a era digital. Agora, um outro grupo identificado provavelmente com ideias mais conservadoras chega \u00e0s ruas e muitos deles certamente com desejo efetivamente de melhorar o pa\u00eds. Das li\u00e7\u00f5es que trago de junho de 2013, \u00a0diria que Paulo Freire e a alfabetiza\u00e7\u00e3o de adultos j\u00e1 n\u00e3o \u00e9 suficiente, precisamos falar tamb\u00e9m em pol\u00edtica e educa\u00e7\u00e3o para a m\u00eddia e a era digital.<\/p>\n<p>Para voltar pedagogicamente ao educador, lembro que para ele \u201cseria uma atitude muito ing\u00eanua esperar que as classes dominantes desenvolvessem uma forma de educa\u00e7\u00e3o que permitisse \u00e0s classes dominadas perceberem as injusti\u00e7as sociais de forma cr\u00edtica\u201d. Para que a comunica\u00e7\u00e3o contribua no processo de transforma\u00e7\u00e3o social, como esperava Freire, n\u00e3o basta sonhar que alguns destaques de cobertura do protesto anti-Dilma servissem tamb\u00e9m para o Ocupe Campo-Cidade ou pautas similares dos movimentos do campo e rural, que pregam a reforma agr\u00e1ria (MST),\u00a0a agroecologia ou uma nova rela\u00e7\u00e3o do poder p\u00fablico com as terras urbanas, como o Movimento Ocupe Estelita. \u00c9 preciso que seja vista como direito. Direito exercido por todos e todas n\u00f3s.<\/p>\n<p><i>*\u00c9 integrante do Intervozes e mestrando em Comunica\u00e7\u00e3o pela UFPE.<\/i><\/p>\n<p><em>Texto originalmente publicado no Blog do Intervozes na Carta Capital.<\/em><\/p>\n","protected":false},"excerpt":{"rendered":"<p>Os protestos contra o Governo ganham destaque no \u00faltimo domingo, enquanto movimentos populares s\u00e3o completamente invisibilizados pelos jornais. <\/p>\n","protected":false},"author":4,"featured_media":0,"comment_status":"open","ping_status":"open","sticky":false,"template":"","format":"standard","meta":{"footnotes":""},"categories":[42],"tags":[1597],"_links":{"self":[{"href":"https:\/\/obscom.intervozes.org.br\/index.php?rest_route=\/wp\/v2\/posts\/28866"}],"collection":[{"href":"https:\/\/obscom.intervozes.org.br\/index.php?rest_route=\/wp\/v2\/posts"}],"about":[{"href":"https:\/\/obscom.intervozes.org.br\/index.php?rest_route=\/wp\/v2\/types\/post"}],"author":[{"embeddable":true,"href":"https:\/\/obscom.intervozes.org.br\/index.php?rest_route=\/wp\/v2\/users\/4"}],"replies":[{"embeddable":true,"href":"https:\/\/obscom.intervozes.org.br\/index.php?rest_route=%2Fwp%2Fv2%2Fcomments&post=28866"}],"version-history":[{"count":3,"href":"https:\/\/obscom.intervozes.org.br\/index.php?rest_route=\/wp\/v2\/posts\/28866\/revisions"}],"predecessor-version":[{"id":29105,"href":"https:\/\/obscom.intervozes.org.br\/index.php?rest_route=\/wp\/v2\/posts\/28866\/revisions\/29105"}],"wp:attachment":[{"href":"https:\/\/obscom.intervozes.org.br\/index.php?rest_route=%2Fwp%2Fv2%2Fmedia&parent=28866"}],"wp:term":[{"taxonomy":"category","embeddable":true,"href":"https:\/\/obscom.intervozes.org.br\/index.php?rest_route=%2Fwp%2Fv2%2Fcategories&post=28866"},{"taxonomy":"post_tag","embeddable":true,"href":"https:\/\/obscom.intervozes.org.br\/index.php?rest_route=%2Fwp%2Fv2%2Ftags&post=28866"}],"curies":[{"name":"wp","href":"https:\/\/api.w.org\/{rel}","templated":true}]}}