{"id":28864,"date":"2015-04-14T03:35:08","date_gmt":"2015-04-14T03:35:08","guid":{"rendered":"https:\/\/obscom.intervozes.org.br\/?p=28864"},"modified":"2015-08-30T21:26:51","modified_gmt":"2015-08-30T21:26:51","slug":"liberdade-de-expressao-a-gente-nao-ve-por-aqui","status":"publish","type":"post","link":"https:\/\/obscom.intervozes.org.br\/?p=28864","title":{"rendered":"Liberdade de express\u00e3o? A gente n\u00e3o v\u00ea por aqui"},"content":{"rendered":"<p><b>Por Bia Barbosa*<\/b><\/p>\n<p>Nesta ter\u00e7a-feira (14), a C\u00e2mara dos Deputados realizou sess\u00e3o solene para homenagear os 50 anos da Rede Globo de Televis\u00e3o. No plen\u00e1rio da Casa, ilustres autoridades, como o embaixador do Reino Unido e a representa\u00e7\u00e3o da Unesco no Brasil. Os artistas Gl\u00f3ria Menezes, Juca de Oliveira e Milton Gon\u00e7alves, que se definiu como um dos \u201cfundadores\u201d da emissora, tamb\u00e9m marcaram presen\u00e7a. O espa\u00e7o, no entanto, ao contr\u00e1rio do que sempre ocorre em sess\u00f5es solenes, foi fechado para os n\u00e3o-convidados. Estudantes de jornalismo que tentaram acompanhar a atividade foram retirados do plen\u00e1rio por seguran\u00e7as, porque n\u00e3o tinham convite. As galerias, como come\u00e7a a virar praxe na gest\u00e3o Eduardo Cunha, tamb\u00e9m foram fechadas.<\/p>\n<p>Ao longo de mais de uma hora, lideran\u00e7as partid\u00e1rias se revezaram para elogiar o grupo de comunica\u00e7\u00e3o, seu padr\u00e3o de qualidade e sua contribui\u00e7\u00e3o \u201cpara a constru\u00e7\u00e3o da hist\u00f3ria e da democracia brasileira\u201d.<\/p>\n<p>\u201cCelebramos os 50 anos da Globo para prestigiar a maior emissora do Brasil, que sempre valorizou toda a nossa diversidade cultural\u201d, disse o presidente da C\u00e2mara, destacando a \u201cextensa pluralidade\u201d que encontramos na sua programa\u00e7\u00e3o, que leva \u201ctalento, informa\u00e7\u00e3o e, principalmente, isen\u00e7\u00e3o \u00e0 casa dos brasileiros\u201d. \u201cO comportamento hist\u00f3rico da Rede Globo pode nos ajudar a manter a democracia no Brasil\u201d, acredita Cunha, cuja esposa \u00e9 ex-apresentadora da empresa homenageada.<\/p>\n<p>O deputado Luiz Carlos Hauly (PSDB\/PR), um dos proponentes da sess\u00e3o, lembrou o Globo Rural \u201ce seu papel de divulga\u00e7\u00e3o da agricultura pujante do nosso Brasil\u201d. R\u00f4mulo Gouveia (PSD\/PB), outro proponente da homenagem, lembrou o \u201cimportante papel social da Globo na \u00e1rea da educa\u00e7\u00e3o\u201d, dizendo que teve a ideia da sess\u00e3o solene para \u201cimortalizar os 50 anos da emissora que tem um valor muito grande para o povo brasileiro\u201d. Hildo Rocha (PMDB\/MA) fez quest\u00e3o de contar as hist\u00f3rias de quando trabalhou na afiliada da Rede Globo em seu estado, e conseguiu levar o sinal da emissora para todo o interior do Maranh\u00e3o, saindo de l\u00e1 como diretor do canal. \u201cDevemos \u00e0 Globo protestos de respeito e admira\u00e7\u00e3o pela valoriza\u00e7\u00e3o da arte e da cultura do Brasil, pela ampla difus\u00e3o das not\u00edcias, pelo aperfei\u00e7oamento das institui\u00e7\u00f5es democr\u00e1ticas, pela forma\u00e7\u00e3o da opini\u00e3o p\u00fablica e pela contribui\u00e7\u00e3o para a ordem democr\u00e1tica no Brasil\u201d, declarou.<\/p>\n<p title=\"Sessao solene 50 anos globo\">O jornalismo da Rede Globo foi especialmente lembrado por Sergio Zveiter (PSD\/RJ), por sua \u201c\u00e9tica, independ\u00eancia, imparcialidade, isen\u00e7\u00e3o, corre\u00e7\u00e3o e agilidade\u201d. Miro Teixeira (PROS\/RJ) agradeceu ao departamento jur\u00eddico da Globo por contribuir nos embates sobre liberdade de express\u00e3o travados em julgamentos do Supremo Tribunal Federal. O l\u00edder do DEM, Mendon\u00e7a Filho, assumiu o compromisso p\u00fablico de combater, na C\u00e2mara, qualquer tentativa de se limitar a imprensa livre e a liberdade de express\u00e3o no pa\u00eds. \u201cEsta \u00e9 a Casa da democracia\u201d, garantiu.<\/p>\n<p>Mas parece que a liberdade de express\u00e3o na C\u00e2mara s\u00f3 vale para quem concorda com os deputados. Durante a fala de Her\u00e1clito Fortes (PSB\/PI), tr\u00eas militantes, entre eles Pedro Vilela, do F\u00f3rum Nacional pela Democratiza\u00e7\u00e3o da Comunica\u00e7\u00e3o (FNDC), tentaram abrir uma faixa com os dizeres \u201cA verdade \u00e9 dura: a Globo apoiou a ditadura\u201d e foram imediatamente detidos pelos seguran\u00e7as da Pol\u00edcia Legislativa. A faixa sequer pode ser aberta. Ao serem retirados \u00e0 for\u00e7a, protestaram: \u201ccad\u00ea a liberdade de express\u00e3o, Mendon\u00e7a Filho?\u201d. Na sequ\u00eancia da expuls\u00e3o dos ativistas, os deputados manifestaram toda a sua solidariedade \u00e0 emissora.<\/p>\n<p>Jo\u00e3o Roberto Marinho, presidente do Conselho Editorial da Globo, reagiu dizendo que sabe que a Globo n\u00e3o agrada sempre. \u201cO que vimos aqui n\u00e3o poderia ser diferente. Toda democracia \u00e9 barulhenta (\u2026) A TV Globo n\u00e3o quer fazer barulho, mas \u00e9 obrigada a exibi-lo. E temos consci\u00eancia que ora desagradamos uns, ora outros. Mas n\u00e3o defendemos partidos, religi\u00f5es, comportamentos. Defendemos a democracia, a rep\u00fablica, o imp\u00e9rio da lei e do voto\u201d.<\/p>\n<p>Ao final da sess\u00e3o solene, entrevistei o presidente da C\u00e2mara sobre a expuls\u00e3o dos manifestantes do plen\u00e1rio:<\/p>\n<p><b>Eduardo Cunha:<\/b> Os protestos tem que ser feitos dentro da ordem. Eles estavam interrompendo um orador.<br \/>\n<i>Mas eles foram retirados a for\u00e7a antes de dizerem qualquer coisa. Era pra ser um protesto silencioso. Foram detidos no momento em que tiraram a faixa da mochila.<\/i><br \/>\n<b>Eduardo Cunha:<\/b> Faixa tem que ser na galeria. <i><br \/>\n<\/i><i>Mas o senhor fechou as galerias, deputado.<\/i><b><br \/>\nEduardo Cunha:<\/b> Foram distribu\u00eddas senhas e convites para esta sess\u00e3o.<br \/>\n<i>Ent\u00e3o era s\u00f3 pra convidados? N\u00e3o havia possibilidade de um protesto silencioso?<\/i><b>Eduardo Cunha<\/b>: N\u00e3o foi silencioso. Eu vi bem l\u00e1 de cima quando eles come\u00e7aram a gritar.<br \/>\n<i>Mas isso foi quando eles foram retirados \u00e0 for\u00e7a.<br \/>\n<\/i><b>Eduardo Cunha<\/b>:\u00a0<i> <\/i>Eles j\u00e1 estavam interrompendo o orador antes.<\/p>\n<p>Vamos dormir com um barulho desses?<\/p>\n<p>Protestos em diversas capitais est\u00e3o sendo organizados para o dia 26 de abril, data oficial do anivers\u00e1rio da TV Globo. Que a liberdade de express\u00e3o seja um direito de todos em todas. Inclusive dentro da C\u00e2mara dos Deputados.<\/p>\n<p><b>Atos fora Globo: 50 anos de mentira<\/b><br \/>\n<b>S\u00e3o Paulo:<\/b> <a class=\"external-link\" href=\"https:\/\/www.facebook.com\/events\/373059119549128\/\" target=\"_blank\">https:\/\/www.facebook.com\/events\/373059119549128\/<\/a><\/p>\n<p><b>Belo Horizonte<\/b>: <a class=\"external-link\" href=\"https:\/\/www.facebook.com\/events\/1434303450215252\/\" target=\"_blank\">https:\/\/www.facebook.com\/events\/1434303450215252\/<br \/>\n<\/a><b>Bras\u00edlia<\/b>: <a class=\"external-link\" href=\"https:\/\/www.facebook.com\/events\/1422568291383735\/\" target=\"_blank\">https:\/\/www.facebook.com\/events\/1422568291383735\/<\/a><\/p>\n<p><b>Curitiba &#8211; Semana de Descomemora\u00e7\u00e3o de Anivers\u00e1rio da Globo:<\/b> <a href=\"https:\/\/www.facebook.com\/events\/1576318852652962\/permalink\/1576373409314173\/\" target=\"_blank\">https:\/\/www.facebook.com\/events\/1576318852652962\/permalink\/1576373409314173\/<\/a><\/p>\n<p><i>* Bia Barbosa \u00e9 jornalista e integrante da Coordena\u00e7\u00e3o Executiva do Intervozes.<\/i><\/p>\n<p><em>Texto originalmente publicado no Blog do Intervozes na Carta Capital.<\/em><\/p>\n","protected":false},"excerpt":{"rendered":"<p>Ativistas foram detidos ao tentar fazer um protesto silencioso na sess\u00e3o solene que homenageou os 50 anos da Globo na C\u00e2mara dos Deputados.<\/p>\n","protected":false},"author":4,"featured_media":0,"comment_status":"open","ping_status":"open","sticky":false,"template":"","format":"standard","meta":{"footnotes":""},"categories":[42],"tags":[327,90],"_links":{"self":[{"href":"https:\/\/obscom.intervozes.org.br\/index.php?rest_route=\/wp\/v2\/posts\/28864"}],"collection":[{"href":"https:\/\/obscom.intervozes.org.br\/index.php?rest_route=\/wp\/v2\/posts"}],"about":[{"href":"https:\/\/obscom.intervozes.org.br\/index.php?rest_route=\/wp\/v2\/types\/post"}],"author":[{"embeddable":true,"href":"https:\/\/obscom.intervozes.org.br\/index.php?rest_route=\/wp\/v2\/users\/4"}],"replies":[{"embeddable":true,"href":"https:\/\/obscom.intervozes.org.br\/index.php?rest_route=%2Fwp%2Fv2%2Fcomments&post=28864"}],"version-history":[{"count":4,"href":"https:\/\/obscom.intervozes.org.br\/index.php?rest_route=\/wp\/v2\/posts\/28864\/revisions"}],"predecessor-version":[{"id":29109,"href":"https:\/\/obscom.intervozes.org.br\/index.php?rest_route=\/wp\/v2\/posts\/28864\/revisions\/29109"}],"wp:attachment":[{"href":"https:\/\/obscom.intervozes.org.br\/index.php?rest_route=%2Fwp%2Fv2%2Fmedia&parent=28864"}],"wp:term":[{"taxonomy":"category","embeddable":true,"href":"https:\/\/obscom.intervozes.org.br\/index.php?rest_route=%2Fwp%2Fv2%2Fcategories&post=28864"},{"taxonomy":"post_tag","embeddable":true,"href":"https:\/\/obscom.intervozes.org.br\/index.php?rest_route=%2Fwp%2Fv2%2Ftags&post=28864"}],"curies":[{"name":"wp","href":"https:\/\/api.w.org\/{rel}","templated":true}]}}