{"id":28862,"date":"2015-04-06T03:33:08","date_gmt":"2015-04-06T03:33:08","guid":{"rendered":"https:\/\/obscom.intervozes.org.br\/?p=28862"},"modified":"2015-08-30T21:24:16","modified_gmt":"2015-08-30T21:24:16","slug":"carta-mundial-da-midia-livre-e-lancada-no-forum-social-mundial","status":"publish","type":"post","link":"https:\/\/obscom.intervozes.org.br\/?p=28862","title":{"rendered":"Carta Mundial da M\u00eddia Livre \u00e9 lan\u00e7ada no F\u00f3rum Social Mundial"},"content":{"rendered":"<div>\n<p class=\"western\"><strong>Por M\u00f4nica Mour\u00e3o*<\/strong><\/p>\n<p class=\"western\">Muito trabalho, muita gente, uma diversidade de l\u00ednguas, de nacionalidades e de realidades sociopol\u00edticas no colorido cen\u00e1rio da democracia \u00e1rabe tunisiana mostraram a que veio o IV F\u00f3rum Mundial de M\u00eddia Livre (FMML). O encontro aconteceu entre 22 e 28 de mar\u00e7o, em T\u00fanis, como parte da programa\u00e7\u00e3o do F\u00f3rum Social Mundial, e reuniu ativistas pela democratiza\u00e7\u00e3o da comunica\u00e7\u00e3o das mais diferentes regi\u00f5es do planeta. Casos como os dos povos de territ\u00f3rios ocupados, cuja situa\u00e7\u00e3o de restri\u00e7\u00e3o de direitos n\u00e3o reverbera na imprensa, ou de um jornalista que s\u00f3 consegue exercer seu papel de den\u00fancia da ditadura do Chade vivendo como refugiado pol\u00edtico fora do seu pa\u00eds, evidenciam a estreita correla\u00e7\u00e3o entre a liberdade de express\u00e3o e o direito \u00e0 comunica\u00e7\u00e3o com os demais direitos humanos e a luta por um outro mundo poss\u00edvel.<\/p>\n<p class=\"western\">O FMML tamb\u00e9m discutiu os rumos da governan\u00e7a na internet; o teor de gravuras, cartuns e charges na disputa por sentidos em torno do islamismo e da islamofobia; o papel da comunica\u00e7\u00e3o p\u00fablica para uma m\u00eddia democr\u00e1tica e a import\u00e2ncia pol\u00edtica de quest\u00f5es tecnol\u00f3gicas, como o software livre. Tiveram car\u00e1ter permanente durante todo o encontro, que foi coberto de forma colaborativa por coletivos de diversos pa\u00edses, uma exposi\u00e7\u00e3o de ilustra\u00e7\u00f5es, um cineclube e um laborat\u00f3rio hacker.<\/p>\n<p class=\"western\">Como resultado pol\u00edtico mais concreto, o F\u00f3rum lan\u00e7ou a <a class=\"external-link\" href=\"http:\/\/intervozes.org.br\/carta-mundial-da-midia-livre\/\" target=\"_blank\">Carta Mundial da M\u00eddia Livre<\/a>, documento com princ\u00edpios e reivindica\u00e7\u00f5es para a garantia da liberdade de express\u00e3o e do direito \u00e0 comunica\u00e7\u00e3o de todos e todas. A elabora\u00e7\u00e3o da Carta teve in\u00edcio no FMML de 2013 e passou pela realiza\u00e7\u00e3o de quatro semin\u00e1rios internacionais (em Porto Alegre, T\u00fanis, Paris e Marrakech), onde recebeu contribui\u00e7\u00f5es de mais de 30 pa\u00edses, sendo depois submetida a uma consulta online.<\/p>\n<p class=\"western\">A compreens\u00e3o da comunica\u00e7\u00e3o como um bem comum, o acesso livre \u00e0s tecnologias e especialmente \u00e0 Internet e a regula\u00e7\u00e3o dos meios de comunica\u00e7\u00e3o de modo a garantir que a m\u00eddia contemple a pluralidade de ideias e valores que circulam na sociedade s\u00e3o alguns dos pontos da Carta Mundial de M\u00eddia Livre. Ao estabelecer princ\u00edpios e reivindica\u00e7\u00f5es comuns, e por ter sido elaborada em \u00e2mbito internacional atrav\u00e9s de um processo participativo, a Carta constitui um instrumento para que se acione tanto as autoridades de cada pa\u00eds quanto organismos internacionais em prol da m\u00eddia livre. O lan\u00e7amento do documento \u00e9 o in\u00edcio de um novo percurso, em que defensoras e defensores da m\u00eddia livre ter\u00e3o um instrumento comum de luta no \u00e2mbito internacional.<\/p>\n<p class=\"western\">A coopera\u00e7\u00e3o internacional da milit\u00e2ncia pela liberdade de express\u00e3o tem sido fundamental em casos como o do jornalista e blogueiro Makaila N\u2019Guebla. Nascido no pa\u00eds africano do Chade, ele vivia como exilado no Senegal quando foi realizado um semin\u00e1rio de m\u00eddia livre dentro do F\u00f3rum Social Mundial naquele pa\u00eds, em 2011. Desde ent\u00e3o, n\u00e3o parou de acompanhar as articula\u00e7\u00f5es do F\u00f3rum e, neste ano, j\u00e1 exilado na Fran\u00e7a, fez parte da comiss\u00e3o respons\u00e1vel por elaborar a reda\u00e7\u00e3o final da Carta de M\u00eddia Livre. N\u2019Guebla acredita que o documento poder\u00e1 ajud\u00e1-lo em sua luta para poder seguir denunciando as viola\u00e7\u00f5es de direitos humanos que ocorrem em seu pa\u00eds natal.<\/p>\n<p class=\"western\">Um mundo em que pessoas s\u00e3o criminalizadas, assassinadas e expatriadas por exercer a liberdade de express\u00e3o n\u00e3o \u00e9 o mundo que militantes da m\u00eddia livre queremos. Um mundo em que o genoc\u00eddio da juventude negra, o \u00f3dio contra mulheres e LGBT, o desrespeito \u00e0s pessoas com defici\u00eancia reverberam atrav\u00e9s do discurso das grandes corpora\u00e7\u00f5es midi\u00e1ticas n\u00e3o \u00e9 o mundo que militantes da m\u00eddia livre queremos. Um mundo em que povos palestinos, curdos, entre outros, que sofrem diariamente por ter seus territ\u00f3rios ocupados sem que a imprensa se engaje em sua defesa n\u00e3o \u00e9 o mundo que militantes da m\u00eddia livre queremos. Mas acreditamos que, com a m\u00eddia livre, outro mundo \u00e9 poss\u00edvel.<\/p>\n<p class=\"western\"><i>* M\u00f4nica Mour\u00e3o \u00e9 jornalista e integrante do Intervozes. Fez parte da delega\u00e7\u00e3o brasileira que participou do IV F\u00f3rum Mundial de M\u00eddia Livre em T\u00fanis.<\/i><\/p>\n<p class=\"western\"><i><em>Texto originalmente publicado no Blog do Intervozes na Carta Capital.<\/em>\u00a0 <\/i><\/p>\n<\/div>\n","protected":false},"excerpt":{"rendered":"<p>Documento foi elaborado por representantes de mais de 30 pa\u00edses e traz princ\u00edpios e reivindica\u00e7\u00f5es para a garantia da liberdade de express\u00e3o e do direito \u00e0 comunica\u00e7\u00e3o em todo o mundo.<\/p>\n","protected":false},"author":4,"featured_media":0,"comment_status":"open","ping_status":"open","sticky":false,"template":"","format":"standard","meta":{"footnotes":""},"categories":[42],"tags":[1168],"_links":{"self":[{"href":"https:\/\/obscom.intervozes.org.br\/index.php?rest_route=\/wp\/v2\/posts\/28862"}],"collection":[{"href":"https:\/\/obscom.intervozes.org.br\/index.php?rest_route=\/wp\/v2\/posts"}],"about":[{"href":"https:\/\/obscom.intervozes.org.br\/index.php?rest_route=\/wp\/v2\/types\/post"}],"author":[{"embeddable":true,"href":"https:\/\/obscom.intervozes.org.br\/index.php?rest_route=\/wp\/v2\/users\/4"}],"replies":[{"embeddable":true,"href":"https:\/\/obscom.intervozes.org.br\/index.php?rest_route=%2Fwp%2Fv2%2Fcomments&post=28862"}],"version-history":[{"count":2,"href":"https:\/\/obscom.intervozes.org.br\/index.php?rest_route=\/wp\/v2\/posts\/28862\/revisions"}],"predecessor-version":[{"id":29107,"href":"https:\/\/obscom.intervozes.org.br\/index.php?rest_route=\/wp\/v2\/posts\/28862\/revisions\/29107"}],"wp:attachment":[{"href":"https:\/\/obscom.intervozes.org.br\/index.php?rest_route=%2Fwp%2Fv2%2Fmedia&parent=28862"}],"wp:term":[{"taxonomy":"category","embeddable":true,"href":"https:\/\/obscom.intervozes.org.br\/index.php?rest_route=%2Fwp%2Fv2%2Fcategories&post=28862"},{"taxonomy":"post_tag","embeddable":true,"href":"https:\/\/obscom.intervozes.org.br\/index.php?rest_route=%2Fwp%2Fv2%2Ftags&post=28862"}],"curies":[{"name":"wp","href":"https:\/\/api.w.org\/{rel}","templated":true}]}}