{"id":28852,"date":"2015-03-02T03:21:59","date_gmt":"2015-03-02T03:21:59","guid":{"rendered":"https:\/\/obscom.intervozes.org.br\/?p=28852"},"modified":"2015-08-30T21:30:24","modified_gmt":"2015-08-30T21:30:24","slug":"eduardo-cunha-entrega-comunicacao-da-camara-para-bancada-evangelica","status":"publish","type":"post","link":"https:\/\/obscom.intervozes.org.br\/?p=28852","title":{"rendered":"Eduardo Cunha entrega comunica\u00e7\u00e3o da C\u00e2mara para bancada evang\u00e9lica"},"content":{"rendered":"<div>\n<p><b>Por Mayr\u00e1 Lima*<\/b><\/p>\n<p>Considerado o inimigo n.\u00ba\u00a01 um do Marco Civil da Internet na C\u00e2mara Federal, o deputado <a class=\"external-link\" href=\"http:\/\/www.cartacapital.com.br\/politica\/os-riscos-da-reforma-politica-antidemocratica-8822.html\" target=\"_blank\">Eduardo Cunha<\/a> (PMDB-RJ), atual presidente da Casa legislativa, protagoniza agora outra medida pol\u00eamica na \u00e1rea da comunica\u00e7\u00e3o. De acordo com o deputado federal <a class=\"external-link\" href=\"http:\/\/www.cartacapital.com.br\/colunistas\/Jean-Wyllys\" target=\"_blank\">Jean Wyllys <\/a>(PSOL-RJ), \u00e9 dada como certa a indica\u00e7\u00e3o do deputado Cleber Verde (PRB-MA) para gerir todo o sistema de comunica\u00e7\u00e3o da C\u00e2mara \u2013 composto por uma emissora de TV, uma de r\u00e1dio, um jornal impresso, o site da C\u00e2mara e toda a estrutura de rela\u00e7\u00f5es p\u00fablicas da Casa.<\/p>\n<p align=\"justify\">Cleber Verde \u00e9 membro da chamada bancada evang\u00e9lica. Vem do Partido Republicano Brasileiro, que possui liga\u00e7\u00e3o com a Igreja Universal do Reino de Deus, e foi um dos apoiadores de Cunha, tamb\u00e9m integrante da bancada formada por parlamentares orientados por dogmas religiosos.<\/p>\n<p align=\"justify\">A nomea\u00e7\u00e3o de Verde faz parte de uma s\u00e9rie de mudan\u00e7as nas chefias da C\u00e2mara. A disputa de cargos pela bancada neste processo visa dificultar a aprova\u00e7\u00e3o de leis que contrariem os interesses dos evang\u00e9licos, como o projeto de criminaliza\u00e7\u00e3o da homofobia e os de descriminaliza\u00e7\u00e3o do aborto, ou que ampliem o conceito de fam\u00edlia, com a inclus\u00e3o em leis de direitos aos casais homossexuais.<\/p>\n<p align=\"justify\">\u00c9 a primeira vez, desde que a C\u00e2mara dos Deputados instituiu um sistema pr\u00f3prio de comunica\u00e7\u00e3o, que ocorre este n\u00edvel de inger\u00eancia pol\u00edtica em sua estrutura, historicamente dirigida por profissionais de carreira \u2013 ainda que a indica\u00e7\u00e3o fosse feita pela Mesa Diretora.<\/p>\n<p align=\"justify\">Com a estrutura de chefia ocupada por servidores, mesmo que n\u00e3o garantida, conseguia-se uma esp\u00e9cie de equil\u00edbrio entre as for\u00e7as pol\u00edticas ali presentes, j\u00e1 que os funcion\u00e1rios da C\u00e2mara n\u00e3o podem sofrer press\u00f5es pol\u00edtico-partid\u00e1rias na execu\u00e7\u00e3o de suas fun\u00e7\u00f5es.<\/p>\n<p align=\"justify\">Ao ser indagado pelo deputado Chico Alencar (PSOL-RJ) sobre a medida, durante reuni\u00e3o do Col\u00e9gio de L\u00edderes na semana passada, Cunha justificou a entrega da Secretaria de Comunica\u00e7\u00e3o ao PRB de uma forma, no m\u00ednimo, inusitada. Segundo ele, \u201cesta \u00e9 a C\u00e2mara dos Deputados e n\u00e3o a C\u00e2mara dos Servidores&#8221;. Para o novo presidente, eleito com os votos de mais da metade da nova legislatura, &#8220;n\u00e3o faz sentido a TV C\u00e2mara, por exemplo, apresentar, aos domingos, programa sobre chorinho para concorrer com o Doming\u00e3o do Faust\u00e3o&#8221;.<\/p>\n<p align=\"justify\">Ainda que o cargo de Cleber Verde n\u00e3o interfira, diretamente, na tramita\u00e7\u00e3o de projetos de lei, seu papel ser\u00e1 definidor na maneira de como a C\u00e2mara passar\u00e1 a divulgar e cobrir jornalisticamente debates que interessam politicamente \u00e0 bancada evang\u00e9lica.<\/p>\n<p align=\"justify\">O risco n\u00e3o p\u00e1ra por a\u00ed. Segundo Jean Wyllys, Cunha ainda pretende contratar uma pessoa de fora do quadro concursado da Casa para comandar a programa\u00e7\u00e3o da TV C\u00e2mara. Este profissional, denunciou o deputado em uma rede social, seria um dos diretores da Rede Record, tamb\u00e9m ligada \u00e0 Igreja Universal. Tal jornalista assumiria um cargo Comissionado de Natureza Especial, cuja faixa salarial chegaria a 16 mil reais.<b> <\/b><\/p>\n<p align=\"justify\">\u00c9 importante lembrar que a TV C\u00e2mara, ainda que com dificuldades de transmiss\u00e3o em sinal aberto, \u00e9 uma das emissoras com maior audi\u00eancia entre o conjunto das legislativas. Em mar\u00e7o do ano passado, conseguiu ter mais pontos no Ibope que canais como Sony, ESPN, GNT e at\u00e9 mesmo a HBO.<\/p>\n<p align=\"justify\">Mesmo com a miss\u00e3o de divulgar, prestar contas e atribuir transpar\u00eancia aos atos legislativos dos deputados federais, o sistema de comunica\u00e7\u00e3o da C\u00e2mara dos Deputados conseguiu, nos \u00faltimos anos, imprimir uma l\u00f3gica de presta\u00e7\u00e3o de servi\u00e7os p\u00fablicos e at\u00e9 mesmo educativos \u00e0 sua programa\u00e7\u00e3o geral e cobertura jornal\u00edstica. Tanto que \u00e9 no campo p\u00fablico que a TV C\u00e2mara se autodescreve <a href=\"http:\/\/www.camara.leg.br\/internet\/tvcamara\/default.asp?lnk=INSTITUCIONAL&amp;selecao=INSTITUCIONAL\" target=\"_blank\">quando buscamos informa\u00e7\u00f5es sobre a TV.<\/a><\/p>\n<p align=\"justify\">Al\u00e9m do conte\u00fado essencialmente jornal\u00edstico, a emissora veicula um n\u00famero importante de debates que n\u00e3o se v\u00eaem costumeiramente nos canais comerciais e uma programa\u00e7\u00e3o cultural que prioriza a produ\u00e7\u00e3o nacional, al\u00e9m de dispor de um acervo consider\u00e1vel de filmes documentais produzidos por seu corpo de funcion\u00e1rios. A diversidade e pluralidade de conte\u00fados e materiais que atendem a diversos p\u00fablicos \u00e9 justamente um dos principais diferenciais da comunica\u00e7\u00e3o da C\u00e2mara. E, o melhor, sem a vincula\u00e7\u00e3o \u00e0 propaganda comercial que condicione sua produ\u00e7\u00e3o.<\/p>\n<p align=\"justify\">Ao contr\u00e1rio do que entende o deputado Eduardo Cunha, a r\u00e9gua para a medi\u00e7\u00e3o da qualidade do sistema de comunica\u00e7\u00e3o da C\u00e2mara nunca pode ser a mesma de uma emissora privada, pois tem objetivos e compromissos de car\u00e1ter p\u00fablico, constru\u00eddos pelo pr\u00f3prio legislativo, incompar\u00e1veis com os canais comerciais. Car\u00e1ter este que atende ao prop\u00f3sito de dar visibilidade \u00e0 extens\u00e3o do que acontece na sociedade, que \u00e9 mais ampla e complexa que o lugar do pronto atendimento de seus representantes \u2013 no caso, o conjunto dos deputados.<\/p>\n<p align=\"justify\">Ao entregar todo sistema para um representante da bancada evang\u00e9lica, Cunha n\u00e3o s\u00f3 atenta contra a laicidade da comunica\u00e7\u00e3o da C\u00e2mara como tamb\u00e9m amea\u00e7a a produ\u00e7\u00e3o art\u00edstica e cultural que tem na TV e na R\u00e1dio C\u00e2mara um potencial distribuidor que ameniza o cerco imposto pela m\u00eddia comercial \u00e0 diversidade necess\u00e1ria a este setor.<\/p>\n<p align=\"left\"><i>* Mayr\u00e1 Lima \u00e9 jornalista, mestra em Ci\u00eancias Sociais e integrante do Conselho Diretor do Intervozes<\/i>.<\/p>\n<p align=\"left\"><em>Texto originalmente publicado no Blog do Intervozes na Carta Capital.<\/em><\/p>\n<\/div>\n","protected":false},"excerpt":{"rendered":"<p>Deputado Cleber Verde deve ser nomeado para gerir emissoras, jornal, site e rela\u00e7\u00f5es p\u00fablicas da Casa, em medida que atenta contra laicidade e amea\u00e7a a produ\u00e7\u00e3o art\u00edstica e cultural.<\/p>\n","protected":false},"author":4,"featured_media":0,"comment_status":"open","ping_status":"open","sticky":false,"template":"","format":"standard","meta":{"footnotes":""},"categories":[42],"tags":[703],"_links":{"self":[{"href":"https:\/\/obscom.intervozes.org.br\/index.php?rest_route=\/wp\/v2\/posts\/28852"}],"collection":[{"href":"https:\/\/obscom.intervozes.org.br\/index.php?rest_route=\/wp\/v2\/posts"}],"about":[{"href":"https:\/\/obscom.intervozes.org.br\/index.php?rest_route=\/wp\/v2\/types\/post"}],"author":[{"embeddable":true,"href":"https:\/\/obscom.intervozes.org.br\/index.php?rest_route=\/wp\/v2\/users\/4"}],"replies":[{"embeddable":true,"href":"https:\/\/obscom.intervozes.org.br\/index.php?rest_route=%2Fwp%2Fv2%2Fcomments&post=28852"}],"version-history":[{"count":2,"href":"https:\/\/obscom.intervozes.org.br\/index.php?rest_route=\/wp\/v2\/posts\/28852\/revisions"}],"predecessor-version":[{"id":29115,"href":"https:\/\/obscom.intervozes.org.br\/index.php?rest_route=\/wp\/v2\/posts\/28852\/revisions\/29115"}],"wp:attachment":[{"href":"https:\/\/obscom.intervozes.org.br\/index.php?rest_route=%2Fwp%2Fv2%2Fmedia&parent=28852"}],"wp:term":[{"taxonomy":"category","embeddable":true,"href":"https:\/\/obscom.intervozes.org.br\/index.php?rest_route=%2Fwp%2Fv2%2Fcategories&post=28852"},{"taxonomy":"post_tag","embeddable":true,"href":"https:\/\/obscom.intervozes.org.br\/index.php?rest_route=%2Fwp%2Fv2%2Ftags&post=28852"}],"curies":[{"name":"wp","href":"https:\/\/api.w.org\/{rel}","templated":true}]}}