{"id":28824,"date":"2014-11-20T02:45:33","date_gmt":"2014-11-20T02:45:33","guid":{"rendered":"https:\/\/obscom.intervozes.org.br\/?p=28824"},"modified":"2015-08-31T02:12:07","modified_gmt":"2015-08-31T02:12:07","slug":"o-racismo-se-mantem-no-espaco-midiatico","status":"publish","type":"post","link":"https:\/\/obscom.intervozes.org.br\/?p=28824","title":{"rendered":"O racismo se mant\u00e9m no espa\u00e7o midi\u00e1tico"},"content":{"rendered":"<div>\n<p><strong>Por Cec\u00edlia Bizerra*<\/strong><\/p>\n<p>Mais um 20 de novembro e seguimos em resist\u00eancia, seguimos em urgente e necess\u00e1ria luta. Porque os estigmas, estere\u00f3tipos e representa\u00e7\u00f5es sobre o feminino negro nos mais diversos espa\u00e7os, sobretudo na m\u00eddia, se repetem, se atualizam e se recriam. N\u00e3o s\u00f3 em termos de conte\u00fado, mas tamb\u00e9m de apresenta\u00e7\u00e3o e articula\u00e7\u00e3o, encontrando resson\u00e2ncia, inclusive, entre os nossos parceiros de milit\u00e2ncia, como aconteceu recentemente com o deputado federal Jean Wyllys (PSOL-RJ).<\/p>\n<p>O deputado Jean recebeu cr\u00edticas de quem luta contra a estereotipa\u00e7\u00e3o do corpo da mulher negra. O parlamentar concordou com a representa\u00e7\u00e3o cultural que continua a colocar os corpos femininos negros num lugar de hiperssexualiza\u00e7\u00e3o e subalternidade. Ignorou as den\u00fancias de diversas organiza\u00e7\u00f5es de mulheres negras em rela\u00e7\u00e3o ao programa &#8220;Sexo e as Negas\u201d, ao defender a produ\u00e7\u00e3o que contribui para refor\u00e7ar os estere\u00f3tipos e lugares de subalternidade que nos inferiorizam e nos afastam do que \u00e9 intelectual e pensante.<\/p>\n<p>Justamente por considerar o deputado Jean um parceiro, pois \u00e9 um dos poucos que enfrenta o conservadorismo no Congresso Nacional, que \u00e9 preciso cobrar a coer\u00eancia e imediata retrata\u00e7\u00e3o. De forma solid\u00e1ria, mas tamb\u00e9m incisiva, porque a popula\u00e7\u00e3o negra, as mulheres negras j\u00e1 foram silenciadas e violentadas demais. Queremos inclus\u00e3o e visibilidade, mas n\u00e3o de forma subalterna ou estereotipada. N\u00e3o mais, nunca mais. \u00c9 preciso o respeito ao fato de que o protagonismo na luta e o poder de determinar o que nos agride ou n\u00e3o ser\u00e3o sempre nossos, do povo negro.<\/p>\n<p>A hipersexualiza\u00e7\u00e3o das mulheres negras na m\u00eddia brasileira nos leva \u00e0 discuss\u00e3o sobre a sub-representa\u00e7\u00e3o, a invisibilidade e a representa\u00e7\u00e3o distorcida da popula\u00e7\u00e3o negra em geral na m\u00eddia, que, por sua vez, nos leva a uma discuss\u00e3o tamb\u00e9m muito urgente: a revis\u00e3o do marco regulat\u00f3rio das comunica\u00e7\u00f5es, a partir da aus\u00eancia de pluralidade e diversidade na m\u00eddia, que esvazia a dimens\u00e3o p\u00fablica dos meios de comunica\u00e7\u00e3o.<\/p>\n<p>Um novo marco regulat\u00f3rio que garanta o direito \u00e0 comunica\u00e7\u00e3o a todos e todas, ampliando a liberdade de express\u00e3o, a diversidade e pluralidade na televis\u00e3o na m\u00eddia, \u00e9 urgente para que esse setor se torne um ambiente realmente democr\u00e1tico. Como prop\u00f5e o Projeto de Lei Iniciativa Popular da M\u00eddia Democr\u00e1tica (F\u00f3rum Nacional pela Democratiza\u00e7\u00e3o da Comunica\u00e7\u00e3o-FNDC, 2012), esta nova legisla\u00e7\u00e3o deve \u201cpromover a pluralidade de ideias e opini\u00f5es; fomentar a cultura nacional, a diversidade regional, \u00e9tnico-racial, de g\u00eanero, classe social, et\u00e1ria e de orienta\u00e7\u00e3o sexual; garantir os direitos dos usu\u00e1rios\u201d, entre outros princ\u00edpios.<\/p>\n<p>Nesse contexto de baixa representa\u00e7\u00e3o e estigmatiza\u00e7\u00e3o da popula\u00e7\u00e3o negra brasileira, uma certeza permanece: o racismo se mant\u00e9m no espa\u00e7o midi\u00e1tico, atualizando-se, reinventando-se, e reaparecendo sob os mais diversos modos, estilos, contextos e t\u00edtulos. Hoje, \u201cO Sexo e as Nega\u201d. Amanh\u00e3, o que ser\u00e1? N\u00e3o sabemos. Sabemos apenas que n\u00e3o vamos mais permitir que nos calem ou nos violentem. Nunca mais. Seguimos em resist\u00eancia e, se for preciso, lutaremos por v\u00e1rios anos, por mais alguns novembros.<\/p>\n<p>Palmares vive. N\u00e3o nos calaremos.<\/p>\n<p><i> *Cec\u00edlia Bizerra \u00e9 jornalista, militante da Irmandade Pretas Candangas e integrante do Coletivo Intervozes. Com colabora\u00e7\u00e3o de Daniela Luciana, jornalista e militante da Irmandade Pretas Candangas.<\/i><\/p>\n<p><em>Texto originalmente publicado no Blog do Intervozes na Carta Capital.<\/em><\/p>\n<\/div>\n","protected":false},"excerpt":{"rendered":"<p>O contexto \u00b4\u00e9 de baixa representa\u00e7\u00e3o e estigmatiza\u00e7\u00e3o da popula\u00e7\u00e3o negra brasileira. Hoje, denunciamos o seriado \u201cO Sexo e as Nega\u201d. Amanh\u00e3, o que ser\u00e1?<\/p>\n","protected":false},"author":4,"featured_media":0,"comment_status":"open","ping_status":"open","sticky":false,"template":"","format":"standard","meta":{"footnotes":""},"categories":[42],"tags":[1834],"_links":{"self":[{"href":"https:\/\/obscom.intervozes.org.br\/index.php?rest_route=\/wp\/v2\/posts\/28824"}],"collection":[{"href":"https:\/\/obscom.intervozes.org.br\/index.php?rest_route=\/wp\/v2\/posts"}],"about":[{"href":"https:\/\/obscom.intervozes.org.br\/index.php?rest_route=\/wp\/v2\/types\/post"}],"author":[{"embeddable":true,"href":"https:\/\/obscom.intervozes.org.br\/index.php?rest_route=\/wp\/v2\/users\/4"}],"replies":[{"embeddable":true,"href":"https:\/\/obscom.intervozes.org.br\/index.php?rest_route=%2Fwp%2Fv2%2Fcomments&post=28824"}],"version-history":[{"count":3,"href":"https:\/\/obscom.intervozes.org.br\/index.php?rest_route=\/wp\/v2\/posts\/28824\/revisions"}],"predecessor-version":[{"id":29136,"href":"https:\/\/obscom.intervozes.org.br\/index.php?rest_route=\/wp\/v2\/posts\/28824\/revisions\/29136"}],"wp:attachment":[{"href":"https:\/\/obscom.intervozes.org.br\/index.php?rest_route=%2Fwp%2Fv2%2Fmedia&parent=28824"}],"wp:term":[{"taxonomy":"category","embeddable":true,"href":"https:\/\/obscom.intervozes.org.br\/index.php?rest_route=%2Fwp%2Fv2%2Fcategories&post=28824"},{"taxonomy":"post_tag","embeddable":true,"href":"https:\/\/obscom.intervozes.org.br\/index.php?rest_route=%2Fwp%2Fv2%2Ftags&post=28824"}],"curies":[{"name":"wp","href":"https:\/\/api.w.org\/{rel}","templated":true}]}}