{"id":28818,"date":"2014-11-07T02:38:21","date_gmt":"2014-11-07T02:38:21","guid":{"rendered":"https:\/\/obscom.intervozes.org.br\/?p=28818"},"modified":"2015-08-31T02:12:49","modified_gmt":"2015-08-31T02:12:49","slug":"democratizacao-da-comunicacao-muito-alem-do-debate-eleitoral","status":"publish","type":"post","link":"https:\/\/obscom.intervozes.org.br\/?p=28818","title":{"rendered":"Democratiza\u00e7\u00e3o da comunica\u00e7\u00e3o: muito al\u00e9m do debate eleitoral"},"content":{"rendered":"<div>\n<p><strong>Por Eduardo Amorim*<\/strong><\/p>\n<p>O debate p\u00f3s-eleitoral incorpora um tema novo, antes discutido aprofundadamente apenas em grupos restritos. A agenda da democratiza\u00e7\u00e3o da comunica\u00e7\u00e3o n\u00e3o \u00e9 nova. \u00c9 fundamental para a pol\u00edtica, economia, cultura e a vida nas cidades brasileiras.<\/p>\n<p>O grito ouvido durante o discurso de posse da presidente Dilma Rousseff: &#8220;O povo n\u00e3o \u00e9 bobo. Abaixo a Rede Globo!&#8221;. A fala da candidata Luciana Genro no in\u00edcio do debate final do primeiro turno. O questionamento \u00e0 cobertura no caso da Escola Base. E tudo que ocorreu ap\u00f3s a criticada edi\u00e7\u00e3o do debate entre Collor e Lula em 1989 s\u00e3o apenas as exce\u00e7\u00f5es que comprovam a regra. O tema \u00e9 mais uma v\u00edtima do silenciamento promovido pelas principais empresas de comunica\u00e7\u00e3o do Brasil.<\/p>\n<p>Por isso, passadas as elei\u00e7\u00f5es, \u00e9 hora de fazermos uma reflex\u00e3o que v\u00e1 al\u00e9m das disputas partid\u00e1rias para entender onde podemos chegar, ou para que caminhos essa discuss\u00e3o pode nos levar, diante do contexto de um Congresso Nacional com forte representa\u00e7\u00e3o conservadora e uma quarta gest\u00e3o petista no Pal\u00e1cio do Planalto. Para iniciar, uma provoca\u00e7\u00e3o: voc\u00ea se lembra de um tema que sofreu censura na sua cidade em 2014? A verdade \u00e9 que o silenciamento acontece diariamente, apesar da maioria n\u00e3o ficar sabendo. Na cr\u00edtica cultural, no jornalismo esportivo, na economia, nas p\u00e1ginas de pol\u00edtica e tamb\u00e9m em rela\u00e7\u00e3o aos direitos urbanos.<\/p>\n<p>No Recife, cito de cara o fato de um estudante da UFPE ter sido atingido com um golpe de estrovenga na cabe\u00e7a por um funcion\u00e1rio p\u00fablico durante uma <a class=\"external-link\" href=\"http:\/\/midiacapoeira.wordpress.com\/2014\/06\/06\/acao-higienista-da-prefeitura-termina-em-violencia\/\" target=\"_blank\">opera\u00e7\u00e3o de higieniza\u00e7\u00e3o<\/a> da cidade antes da Copa do Mundo.Um absurdo filmado, fotografado, mas que n\u00e3o mereceu nenhuma linha nos jornais pernambucanos. Por sinal, nem os mais criticados programas policiais da TV se referiram \u00e0 viol\u00eancia. E pouco se ouviu falar at\u00e9 mesmo do movimento em que o jovem estava envolvido nas r\u00e1dios pernambucanos, apesar do #OcupeEstelita ter sido talvez o mais forte movimento de resist\u00eancia urbana durante o per\u00edodo do Mundial 2014 no Brasil.<\/p>\n<p>A recente chacina em Bel\u00e9m \u00e9 um exemplo que merece bastante aten\u00e7\u00e3o. A situa\u00e7\u00e3o, para um jornalista com experi\u00eancia em reda\u00e7\u00f5es, parece ser um absurdo que mereceria estar naqueles hist\u00f3ricos plant\u00f5es de horas ao vivo na televis\u00e3o, nas manchetes de jornais de todo o Brasil, ocupando espa\u00e7o privilegiado nos portais e tamb\u00e9m nos debates de r\u00e1dio. Ao contr\u00e1rio, se v\u00ea uma pequena cobertura, quase que pedindo desculpa por divulgar uma viol\u00eancia extrema, que aparentemente foi articulada via redes sociais para se vingar pela morte de um policial. O fato do n\u00famero de mortes ainda n\u00e3o ter sido confirmado (ter\u00e3o sido nove ou mais v\u00edtimas?) s\u00f3 refor\u00e7a a import\u00e2ncia de uma cobertura corajosa.<\/p>\n<p>Ap\u00f3s o resultado eleitoral, o audit\u00f3rio que assistia \u00e0 fala de posse da presidente Dilma Rousseff era formado basicamente por partid\u00e1rios da candidata vitoriosa, jornalistas e integrantes de movimentos sociais e partidos associados ao PT. Revoltados com as den\u00fancias sem provas feitas pela revista Veja, \u00e0s v\u00e9speras das elei\u00e7\u00f5es mais disputadas da nossa recente democracia, e a repercuss\u00e3o que deu a principal emissora de TV do Brasil, especialmente no s\u00e1bado \u00e0 noite, milh\u00f5es ouviram o grito contra a Globo.<\/p>\n<p>Mas, sinceramente voltarmos a falar como se fosse s\u00f3 a fam\u00edlia Marinho o problema \u00e9 reduzir demais um debate complexo. Como tamb\u00e9m \u00e9 muito pouco pensar nessa quest\u00e3o apenas a partir do exemplo das elei\u00e7\u00f5es. Temos que ter no\u00e7\u00e3o de que os interesses financeiros por tr\u00e1s dos grupos de comunica\u00e7\u00e3o influenciam em todos os momentos, da vida esportiva \u00e0 cultura de uma cidade, passando tamb\u00e9m pelo campo e os pequenos munic\u00edpios, onde muitas vezes o dom\u00ednio dos poucos ve\u00edculos \u00e9 ainda mais grosseiro.<\/p>\n<p>Para aqueles que est\u00e3o come\u00e7ando a olhar para esse jogo agora, \u00e9 preciso deixar claro que a elei\u00e7\u00e3o \u00e9 apenas um exemplo de como os grupos empresariais que controlam os grandes ve\u00edculos de comunica\u00e7\u00e3o no Brasil pautam a nossa sociedade de acordo com o interesse deles. E para vencer a batalha para conseguir a democratiza\u00e7\u00e3o do setor, \u00e9 preciso unir for\u00e7as que representam diversas matizes sociais.<\/p>\n<p>\u00c9 preciso entender que o principal atingido pela manipula\u00e7\u00e3o da m\u00eddia n\u00e3o \u00e9 o Governo Federal, ou qualquer outro gestor p\u00fablico, mas sim a popula\u00e7\u00e3o em geral. Ref\u00e9m de ve\u00edculos de comunica\u00e7\u00e3o que t\u00eam nos an\u00fancios sua principal fonte de renda, essas popula\u00e7\u00f5es veem suas demandas muitas vezes silenciadas.<\/p>\n<p>Por isso, a pauta da democratiza\u00e7\u00e3o da comunica\u00e7\u00e3o \u00e9 das ruas. Muito antes de qualquer resultado eleitoral, \u00e9 dos movimentos que fizeram recentemente a Semana pela Democratiza\u00e7\u00e3o da Comunica\u00e7\u00e3o e que lutam para construir o<a class=\"external-link\" href=\"http:\/\/www.fndc.org.br\/\" target=\"_blank\"> FNDC<\/a>. Mas \u00e9 tamb\u00e9m dos ativistas da internet e das r\u00e1dios comunit\u00e1rias, \u00e9 dos artistas e comunicadores que ainda buscam espa\u00e7o para desenvolverem seus trabalhos, mas \u00e9 preciso que toda a sociedade assuma a import\u00e2ncia desse tema.<\/p>\n<p>Os questionamentos surgidos durante as elei\u00e7\u00f5es &#8211; \u00a0e que foram pauta tamb\u00e9m do <a class=\"external-link\" href=\"http:\/\/www.cartacapital.com.br\/copadascopas-pode-virar-a-violacaodasviolacoes-e-a-comunicacao-com-isso-5801.html\">\u2018I Encontro dos Atingidos &#8211; Quem perde com os megaeventos e megaempreendimentos?<\/a>\u2019 &#8211; s\u00e3o uma importante oportunidade para reunir pessoas que acreditam na necessidade de lutar pelo direito \u00e0 comunica\u00e7\u00e3o. Toda a movimenta\u00e7\u00e3o relacionada \u00e0 demanda pela <a class=\"external-link\" href=\"http:\/\/www.plebiscitoconstituinte.org.br\/o-que-%C3%A9-o-plebiscito-pela-constituinte\" target=\"_blank\">reforma pol\u00edtica<\/a> tamb\u00e9m deve casar a democratiza\u00e7\u00e3o da comunica\u00e7\u00e3o.<\/p>\n<p>\u00c9 preciso ter foco e, ao mesmo tempo sonhar, pois podemos ter na comunica\u00e7\u00e3o uma ferramenta essencial para fazer um pa\u00eds mais justo.<\/p>\n<p><i>*Eduardo Amorim \u00e9 integrante do Intervozes.<\/i><\/p>\n<p><em>Texto originalmente publicado no Blog do Intervozes na Carta Capital.<\/em><\/p>\n<\/div>\n","protected":false},"excerpt":{"rendered":"<p>Passadas as elei\u00e7\u00f5es, \u00e9 hora de fazermos uma reflex\u00e3o que v\u00e1 al\u00e9m das disputas partid\u00e1rias para entender onde podemos chegar, ou para que caminhos essa discuss\u00e3o pode nos levar.<\/p>\n","protected":false},"author":4,"featured_media":0,"comment_status":"open","ping_status":"open","sticky":false,"template":"","format":"standard","meta":{"footnotes":""},"categories":[42],"tags":[1597],"_links":{"self":[{"href":"https:\/\/obscom.intervozes.org.br\/index.php?rest_route=\/wp\/v2\/posts\/28818"}],"collection":[{"href":"https:\/\/obscom.intervozes.org.br\/index.php?rest_route=\/wp\/v2\/posts"}],"about":[{"href":"https:\/\/obscom.intervozes.org.br\/index.php?rest_route=\/wp\/v2\/types\/post"}],"author":[{"embeddable":true,"href":"https:\/\/obscom.intervozes.org.br\/index.php?rest_route=\/wp\/v2\/users\/4"}],"replies":[{"embeddable":true,"href":"https:\/\/obscom.intervozes.org.br\/index.php?rest_route=%2Fwp%2Fv2%2Fcomments&post=28818"}],"version-history":[{"count":2,"href":"https:\/\/obscom.intervozes.org.br\/index.php?rest_route=\/wp\/v2\/posts\/28818\/revisions"}],"predecessor-version":[{"id":29140,"href":"https:\/\/obscom.intervozes.org.br\/index.php?rest_route=\/wp\/v2\/posts\/28818\/revisions\/29140"}],"wp:attachment":[{"href":"https:\/\/obscom.intervozes.org.br\/index.php?rest_route=%2Fwp%2Fv2%2Fmedia&parent=28818"}],"wp:term":[{"taxonomy":"category","embeddable":true,"href":"https:\/\/obscom.intervozes.org.br\/index.php?rest_route=%2Fwp%2Fv2%2Fcategories&post=28818"},{"taxonomy":"post_tag","embeddable":true,"href":"https:\/\/obscom.intervozes.org.br\/index.php?rest_route=%2Fwp%2Fv2%2Ftags&post=28818"}],"curies":[{"name":"wp","href":"https:\/\/api.w.org\/{rel}","templated":true}]}}