{"id":28812,"date":"2014-10-07T02:31:19","date_gmt":"2014-10-07T02:31:19","guid":{"rendered":"https:\/\/obscom.intervozes.org.br\/?p=28812"},"modified":"2015-08-30T21:46:20","modified_gmt":"2015-08-30T21:46:20","slug":"a-tv-e-o-radio-como-trampolim-politico","status":"publish","type":"post","link":"https:\/\/obscom.intervozes.org.br\/?p=28812","title":{"rendered":"A TV e o r\u00e1dio como trampolim pol\u00edtico"},"content":{"rendered":"<p align=\"justify\"><strong>Por Iara Gomes de Moura e Jana\u00edne Aires*\u00a0<\/strong><\/p>\n<p align=\"justify\">No terceiro artigo da s\u00e9rie sobre coronelismo eletr\u00f4nico, mostraremos como a imbricada rela\u00e7\u00e3o entre meios de comunica\u00e7\u00e3o de massa e pol\u00edtica n\u00e3o se restringe apenas \u00e0 propriedade das empresas concession\u00e1rias do sistema de radiodifus\u00e3o. Se a rela\u00e7\u00e3o entre pol\u00edticos e concess\u00f5es p\u00fablicas j\u00e1 \u00e9 um dado conhecido no pa\u00eds, pouco se tem atentado ao fato de os programas televisivos serem tamb\u00e9m espa\u00e7os privilegiados para a eleva\u00e7\u00e3o de seus apresentadores ao patamar de representantes eletivos da sociedade brasileira.<\/p>\n<p>Mesmo que a legisla\u00e7\u00e3o eleitoral impe\u00e7a a apari\u00e7\u00e3o dos candidatos em tais programas durante o per\u00edodo de campanha, n\u00e3o h\u00e1 uma legisla\u00e7\u00e3o espec\u00edfica coibindo a presen\u00e7a de pol\u00edticos com mandatos em vig\u00eancia na apresenta\u00e7\u00e3o de programas de TV. O poder de <i>lobby<\/i> institu\u00eddo a partir do momento em que os eleitos t\u00eam uma interlocu\u00e7\u00e3o privilegiada com os cidad\u00e3os, podendo utilizar a TV como palanque eleitoral, \u00e9, portanto, altamente question\u00e1vel e tamb\u00e9m mereceria algum tipo de regula\u00e7\u00e3o.<\/p>\n<p>Pegando exclusivamente o exemplo dos chamados programas policialescos, que se multiplicam pa\u00eds afora, uma r\u00e1pida passagem pelos principais mostra claramente seu uso pol\u00edtico, mesclando populismo pol\u00edtico a conte\u00fados sensacionalistas que violam o direito \u00e0 privacidade e dignidade humana al\u00e9m de violar outros direitos de crian\u00e7as e adolescentes, jovens, negros e negras, mulheres e popula\u00e7\u00e3o LGBT. Em geral, tais programas trazem a figura de um apresentador carism\u00e1tico, que se coloca na posi\u00e7\u00e3o do l\u00edder e, a partir de discursos insuflados, baseados em recortes da realidade, convoca as pessoas a tomarem posi\u00e7\u00f5es sobre os problemas retratados no programa. Assim, constroem narrativas de forma com que a \u00fanica op\u00e7\u00e3o do telespectador ou ouvinte seja concordar com a verdade ali constru\u00edda. N\u00e3o por acaso, \u00e2ncoras e rep\u00f3rteres desse tipo de programa t\u00eam al\u00e7ado e alcan\u00e7ado cada vez mais espa\u00e7os dentro da pol\u00edtica institucional no pa\u00eds.<\/p>\n<p align=\"justify\">No \u00faltimo domingo, Wagner Montes (PSD) foi reeleito para o terceiro mandato como deputado estadual do Rio de Janeiro, sendo o segundo mais bem votado, com 208.814, para a Assembleia Legislativa. No pleito anterior, em 2010, ele ficou em primeiro lugar, com 528.628 votos. H\u00e1 mais de 30 anos, Montes trabalha em programas televisivos deste g\u00eanero, tendo apresentado o <i>Aqui e Agora<\/i> (TV Tupi) e <i>O povo na TV<\/i> (SBT). Atualmente, enquanto exerce o cargo eletivo no Legislativo fluminense, apresenta um dos programas policialescos mais populares da TV brasileira, o <i>Balan\u00e7o Geral,<\/i> no ar pela Rede Record desde 2005. O deputado \u00e9 famoso por seu estilo eloquente e por cobrar no ar maior firmeza por parte da for\u00e7a policial contra os \u201cmarginais\u201d. Seu bord\u00e3o, gritado, \u00e9 \u201cescraaacha\u201d.<\/p>\n<p align=\"justify\">Ao seu lado, a jornalista Cidinha Campos, que tem mais de 50 anos de atua\u00e7\u00e3o em programas de r\u00e1dio e televis\u00e3o, obteve no domingo mais de 75 mil votos pelo PDT, seguindo para seu terceiro mandato consecutivo como deputada estadual. Ap\u00f3s as elei\u00e7\u00f5es de 2010, at\u00e9 2012, a parlamentar apresentou, na TV Bandeirantes do Rio de Janeiro, o programa Cidinha Livre.<\/p>\n<p align=\"justify\">Em S\u00e3o Paulo, Russomanno foi o candidato a deputado federal com maior n\u00famero de votos alcan\u00e7ado em todo o pa\u00eds: 1.524.361, 7,26% dos votos v\u00e1lidos do eleitorado paulista. O apresentador (PRB), j\u00e1 em 1994, elegeu-se o deputado federal mais votado gra\u00e7as \u00e0 popularidade alcan\u00e7ada como rep\u00f3rter de defesa do consumidor. Suas reportagens mostravam as queixas de cidad\u00e3os mal atendidos, colocados frente a frente com fornecedores de servi\u00e7os e produtos. A conversa muitas vezes descambava para brigas f\u00edsicas. Russomanno fazia papel de advogado em busca de um acordo. Quando conseguia, encerrava sua apari\u00e7\u00e3o com a frase que ficou conhecida na TV: \u201cestando bom para ambas as partes, Celso Russomanno, Aqui e Agora\u201d.<\/p>\n<p align=\"justify\">At\u00e9 o in\u00edcio da campanha eleitoral deste ano, ele seguia como apresentador da TV Record. As urnas confirmaram, no domingo, o impacto do uso das emissoras de r\u00e1dio e TV nos processos eleitorais.<\/p>\n<p align=\"justify\">A rela\u00e7\u00e3o comprova-se em todos os estados brasileiros e tamb\u00e9m revela-se a n\u00edvel municipal. Em Fortaleza (CE), no ano de 2012, o segundo vereador mais votado, com 29.952 mil votos, foi Vitor Valim (PMDB) apresentador do <i>Cidade 190<\/i>, da TV Cidade, afiliada da Rede Record. No \u00faltimo domingo, ele foi eleito para uma vaga na C\u00e2mara dos Deputados em Bras\u00edlia, tendo recebido a soma vultosa de 92.499 votos no estado. Os radialistas Ely Aguiar (PSDC) e Ferreira Arag\u00e3o (PDT), tamb\u00e9m apresentadores de programas policiais, foram reeleitos para a Assembleia Legislativa do Estado. Ely obteve 41.632 votos, enquanto Arag\u00e3o conseguiu 27.607 votos.<\/p>\n<p align=\"justify\">Cabe destacar ainda outro aspecto da rela\u00e7\u00e3o entre apresentadores de programas e pol\u00edtica eleitoral, que vem se mostrando bastante comum: a transfer\u00eancia de capital midi\u00e1tico entre parentes com objetivos eleitorais. Os casos de maior destaque s\u00e3o os de Wagner Montes e Wagner Montes, o filho, no Rio de Janeiro; Wallace Souza e seus irm\u00e3os Fausto e Carlos Souza, no Amazonas; Samuka Duarte e Samuka Filho, na Para\u00edba; e Ratinho e Ratinho Jr., no Estado do Paran\u00e1. Depois de se candidatar \u00e0 Prefeitura de Curitiba em 2012, Ratinho Jr. (PSC) se elegeu neste domingo o deputado estadual mais bem votado no Paran\u00e1, com mais de 300 mil votos &#8211; 5,23% dos v\u00e1lidos.<\/p>\n<p align=\"justify\"><strong>Crimes e elei\u00e7\u00f5es: o caso amazonense <\/strong><\/p>\n<p align=\"justify\">No Amazonas, o programa policialesco <i>Comunidade Alerta, <\/i>da afiliada da Rede Bandeirantes de televis\u00e3o, \u00e9 apresentado por Ronaldo Tabosa e Jander Tabosa, o \u201cTabosinha\u201d. Juntos, pai e filho protagonizaram recentemente um caso emblem\u00e1tico de viola\u00e7\u00e3o da legisla\u00e7\u00e3o eleitoral.<\/p>\n<p align=\"justify\">Em 2008, Tabosinha disputou um cargo de vereador, mas apesar de ter sido eleito, n\u00e3o exerceu o mandato at\u00e9 o fim. Ele foi cassado pelo Tribunal Regional Eleitoral (TRE) do Amazonas por ter se passado pelo pai nas vinhetas utilizadas na campanha eleitoral daquele ano. Com isso, parte dos eleitores votou no candidato Tabosinha imaginando estarem votando no pai, Ronaldo Tabosa.<\/p>\n<p align=\"justify\">Em 2010, foi a vez de Ronaldo Tabosa se candidatar ao cargo de deputado estadual. Ele n\u00e3o foi eleito, mas acabou assumindo, posteriormente, a supl\u00eancia de outro parlamentar do mesmo partido (PP). Tabosa tamb\u00e9m foi processado pelo TRE (Carvalho, 2011), por compra de votos e uso indevido do programa de TV para fins eleitorais. Segundo o TRE, Ronaldo Tabosa explorava e expunha o estado miser\u00e1vel de fam\u00edlias e realizava entrega de cestas b\u00e1sicas no programa.<\/p>\n<p align=\"justify\">O apresentador conseguiu, no entanto, candidatar-se novamente, para o cargo de vereador, elegendo-se em 2012. Seu mandato finalmente cassado no in\u00edcio de 2013, tornando-se pai e filho ineleg\u00edveis por um per\u00edodo de tr\u00eas anos.<\/p>\n<p align=\"justify\">Tamb\u00e9m no Amazonas, a fam\u00edlia Castelo Branco se utiliza de programas de TV para construir carreiras pol\u00edticas. \u00c0 frente de <i>A voz da esperan\u00e7a<\/i>, da TV Em Tempo, afiliada do SBT, est\u00e3o Sabino e Reizo, pai e filho, ambos pol\u00edticos do PTB. Sabino come\u00e7ou sua carreira no programa <i>Bronca na TV<\/i>, na mesma emissora. Em 2006, candidatou-se a deputado federal, sendo o segundo deputado mais votado daquele ano no Amazonas, com 126 mil votos. Antes disso, j\u00e1 havia sido vereador de Manaus por tr\u00eas mandatos. Atualmente \u00e9 presidente do PTB local. J\u00e1 o filho Reizo, al\u00e9m de apresentador, \u00e9 vereador da cidade, reeleito em 2012 para o segundo mandato consecutivo. Vera Lucia Castelo Branco, esposa de Sabino e m\u00e3e de Reizo, atualmente exerce o mandado de deputada estadual tamb\u00e9m pelo PTB. Ela e o filho tentaram uma vaga na Assembleia Legislativa do Amazonas, mas n\u00e3o se elegeram no \u00faltimo domingo. O pai, Sabino, desta vez tamb\u00e9m ficou de fora da C\u00e2mara Federal.<\/p>\n<p align=\"justify\">O Minist\u00e9rio P\u00fablico Federal do Amazonas acusou Sabino e Reizo de praticaram ilegalidades eleitorais atrav\u00e9s de doa\u00e7\u00f5es de in\u00fameros bens \u00e0 popula\u00e7\u00e3o, por interm\u00e9dio do programa televisivo que comandam. Por\u00e9m, embora tenham sofrido processos do TRE local, ambos mant\u00e9m seus espa\u00e7os na TV e na pol\u00edtica.<\/p>\n<p align=\"justify\">Por fim, do Estado do Amazonas vem tamb\u00e9m o exemplo de um dos casos mais emblem\u00e1ticos associando meios de comunica\u00e7\u00e3o de massa, viola\u00e7\u00e3o de direitos e crime organizado: o \u201cCaso Wallace\u201d. Policial civil durante a d\u00e9cada de 1980, Francisco Wallace Cavalcante de Souza foi expulso da corpora\u00e7\u00e3o por pr\u00e1tica de corrup\u00e7\u00e3o. Apesar disso, foi eleito vereador de Manaus pelo PP em 1996, sendo reeleito em 2000.<\/p>\n<p align=\"justify\">Nesta \u00e9poca, Wallace Souza j\u00e1 era apresentador bastante conhecido do programa <i>Canal Livre, <\/i>exibido na antiga TV Rio Negro, hoje TV Bandeirantes Amazonas. At\u00e9 2008, a emissora pertencia ao ex-deputado federal Francisco Garcia. Durante a d\u00e9cada de 1990, a atra\u00e7\u00e3o televisiva tamb\u00e9m foi exibida na TV A cr\u00edtica, com o t\u00edtulo de <i>Espa\u00e7o Aberto; <\/i>e<i> <\/i>na TV Manaus (atualmente TV Em Tempo), afiliada do SBT, tamb\u00e9m como <i>Canal Livre. <\/i>Ao lado dos irm\u00e3os Carlos Souza e Fausto Souza, Wallace comandava o programa apresentando casos policiais, mostrando assassinatos, sequestros e opera\u00e7\u00f5es de combate ao tr\u00e1fico de drogas.<\/p>\n<p align=\"justify\">Em 2004, Wallace Souza foi reeleito vereador, um dos mais votados da hist\u00f3ria de Manaus, mas abandonou o mandato para concorrer ao legislativo estadual. O exerc\u00edcio di\u00e1rio da comunica\u00e7\u00e3o na televis\u00e3o foi quesito chave para lhe garantir reelei\u00e7\u00f5es consecutivas e, em 2006, o cargo de deputado estadual mais votado do estado, com 48.965 votos.<\/p>\n<p align=\"justify\">Em 2008, foi acusado de chefiar um grupo de exterm\u00ednio. Segundo a Pol\u00edcia Militar do estado, Wallace orientaria o grupo a matar pessoas com hist\u00f3rico de crimes para, em seguida, exibir os casos em seu pr\u00f3prio programa de TV. O deputado foi indiciado por forma\u00e7\u00e3o de quadrilha e tr\u00e1fico de drogas e teve seu mandato cassado. Seus irm\u00e3os e seu filho tamb\u00e9m foram acusados de envolvimento no esquema, ao lado de membros da produ\u00e7\u00e3o do programa. Em 2009, Wallace teve pris\u00e3o decretada<\/p>\n<p align=\"justify\">Todos esses fatos, no entanto, n\u00e3o foram suficientes para que a fam\u00edlia deixasse a pol\u00edtica e a televis\u00e3o. Carlos Souza e Fausto Souza, irm\u00e3os de Wallace, foram, al\u00e9m de apresentadores, vice-prefeito e vereador da cidade de Manaus, respectivamente. Hoje, Carlos est\u00e1 concluindo seu terceiro mandato como deputado federal (eleito pelo PP, agora no PSD) e Fausto Souza atualmente \u00e9 deputado estadual (PSD), n\u00e3o reeleito no \u00faltimo domingo.<\/p>\n<p align=\"justify\">Em abril de 2013, o programa dos irm\u00e3os Souza foi retomado com algumas modifica\u00e7\u00f5es, mas seguindo a mesma linha sensacionalista. Ele passou a ser chamado de <i>Programa Livre<\/i>, e est\u00e1 sendo exibido pela emissora TV Em Tempo.<\/p>\n<p align=\"justify\">A aus\u00eancia de uma regula\u00e7\u00e3o efetiva de tais programas t\u00eam possibilitado, portanto, a reprodu\u00e7\u00e3o de um sistema pernicioso, que resulta na explora\u00e7\u00e3o de concess\u00f5es p\u00fablicas de radiodifus\u00e3o e no uso da programa\u00e7\u00e3o do r\u00e1dio e da TV para fins estritamente privados. Embora os tribunais eleitorais sejam r\u00edgidos em sua fiscaliza\u00e7\u00e3o durante os per\u00edodos de campanha, a \u201cpropaganda eleitoral\u201d nos programas policialescos acontece cotidianamente, ao longo de anos e longe dos olhos dos TREs.<\/p>\n<p align=\"justify\">Tais programas constituem-se, assim, em trampolins para candidaturas e espa\u00e7os privilegiados de ascens\u00e3o pol\u00edtica. Ao fazerem uso de uma linguagem sensacionalista e, por vezes, praticarem o assistencialismo via TV, os apresentadores destes programas acabam por criar uma imagem de \u201csalvadores\u201d, justiceiros ou \u201cprotetores\u201d da popula\u00e7\u00e3o favorecendo-se significativamente nas disputas eleitorais de que participam.<\/p>\n<p align=\"justify\"><i>* Iara Gomes de Moura <\/i><i>\u00e9 j<\/i><i>ornalista e mestranda do Programa de P\u00f3s Gradua\u00e7\u00e3o em Comunica\u00e7\u00e3o da Universidade Federal Fluminense. Jana\u00edne Aires <\/i><i>\u00e9 d<\/i><i>outoranda do Programa de P\u00f3s-gradua\u00e7\u00e3o em Comunica\u00e7\u00e3o e Cultura pela Universidade Federal do Rio de Janeiro; integra o Grupo de Pesquisa em Economia e Pol\u00edticas da Informa\u00e7\u00e3o e da Comunica\u00e7\u00e3o (PEIC).<\/i><\/p>\n<p align=\"justify\"><em>Texto originalmente publicado no Blog do Intervozes na Carta Capital.<\/em><\/p>\n","protected":false},"excerpt":{"rendered":"<p>Como a imbricada rela\u00e7\u00e3o entre m\u00eddia e pol\u00edtica passa por programas de TV que s\u00e3o espa\u00e7os privilegiados para al\u00e7ar seus apresentadores ao patamar de representantes eleitos da sociedade brasileira.<\/p>\n","protected":false},"author":4,"featured_media":0,"comment_status":"open","ping_status":"open","sticky":false,"template":"","format":"standard","meta":{"footnotes":""},"categories":[42],"tags":[313],"_links":{"self":[{"href":"https:\/\/obscom.intervozes.org.br\/index.php?rest_route=\/wp\/v2\/posts\/28812"}],"collection":[{"href":"https:\/\/obscom.intervozes.org.br\/index.php?rest_route=\/wp\/v2\/posts"}],"about":[{"href":"https:\/\/obscom.intervozes.org.br\/index.php?rest_route=\/wp\/v2\/types\/post"}],"author":[{"embeddable":true,"href":"https:\/\/obscom.intervozes.org.br\/index.php?rest_route=\/wp\/v2\/users\/4"}],"replies":[{"embeddable":true,"href":"https:\/\/obscom.intervozes.org.br\/index.php?rest_route=%2Fwp%2Fv2%2Fcomments&post=28812"}],"version-history":[{"count":3,"href":"https:\/\/obscom.intervozes.org.br\/index.php?rest_route=\/wp\/v2\/posts\/28812\/revisions"}],"predecessor-version":[{"id":29145,"href":"https:\/\/obscom.intervozes.org.br\/index.php?rest_route=\/wp\/v2\/posts\/28812\/revisions\/29145"}],"wp:attachment":[{"href":"https:\/\/obscom.intervozes.org.br\/index.php?rest_route=%2Fwp%2Fv2%2Fmedia&parent=28812"}],"wp:term":[{"taxonomy":"category","embeddable":true,"href":"https:\/\/obscom.intervozes.org.br\/index.php?rest_route=%2Fwp%2Fv2%2Fcategories&post=28812"},{"taxonomy":"post_tag","embeddable":true,"href":"https:\/\/obscom.intervozes.org.br\/index.php?rest_route=%2Fwp%2Fv2%2Ftags&post=28812"}],"curies":[{"name":"wp","href":"https:\/\/api.w.org\/{rel}","templated":true}]}}