{"id":28806,"date":"2014-09-26T02:20:31","date_gmt":"2014-09-26T02:20:31","guid":{"rendered":"https:\/\/obscom.intervozes.org.br\/?p=28806"},"modified":"2015-08-30T21:47:46","modified_gmt":"2015-08-30T21:47:46","slug":"quero-ver-candidato-defender-fim-do-monopolio-na-tv","status":"publish","type":"post","link":"https:\/\/obscom.intervozes.org.br\/?p=28806","title":{"rendered":"Quero ver candidato defender fim do monop\u00f3lio na TV"},"content":{"rendered":"<div>\n<p><strong>Por Bruno Marinoni* <\/strong><\/p>\n<p>Quem assistiu na TV ou na internet a <a class=\"external-link\" href=\"http:\/\/g1.globo.com\/rio-de-janeiro\/eleicoes\/2014\/noticia\/2014\/09\/rjtv-entrevista-anthony-garotinho-candidato-ao-governo-do-rj.html\" target=\"_blank\">entrevista <\/a>com Anthony Garotinho (PR) no telejornal RJTV, realizada no dia 18 de setembro, deve ter percebido o mal-estar da jornalista Mariana Gross, da Globo. Quando o candidato ao governo do Rio de Janeiro, pressionado para falar sobre seu envolvimento em casos de corrup\u00e7\u00e3o, se defendeu mencionando que a emissora enfrenta uma acusa\u00e7\u00e3o de \u201cdesvio milion\u00e1rio\u201d e de sonega\u00e7\u00e3o de impostos, a apresentadora perdeu o tom.<\/p>\n<p>O inc\u00f4modo foi tanto que a entrevistadora, que deveria estar ali para fazer perguntas ao candidatoT, n\u00e3o p\u00f4de (ou n\u00e3o a deixaram) permanecer em seu papel. Diante do inc\u00f4modo assunto para a emissora, a funcion\u00e1ria saiu em defesa da empresa: \u201cEu queria reiterar que a TV Globo nada sonegou. A TV Globo paga seus impostos\u201d. No dia seguinte, o pr\u00f3prio grupo emitiu nota em que &#8220;reafirma que n\u00e3o tem qualquer d\u00edvida em aberto com a Receita Federal&#8221;.<\/p>\n<p>O fato envolve dois assuntos entrela\u00e7ados e que j\u00e1 foram comentados neste blog. Um deles, a oportunidade aberta pelo momento eleitoral para se <a class=\"external-link\" href=\"http:\/\/www.cartacapital.com.br\/o-voto-na-democratizacao-da-comunicacao-9339.html\">furar o bloqueio do oligop\u00f3lio comercial<\/a> de televis\u00e3o e trazer \u00e0 tona temas fundamentais, dentre os quais a pr\u00f3pria necessidade de democratiza\u00e7\u00e3o da comunica\u00e7\u00e3o. O outro diz respeito ao \u201csil\u00eancio midi\u00e1tico\u201d sobre a acusa\u00e7\u00e3o de que a Globo teria\u00a0<a class=\"external-link\" href=\"http:\/\/www.cartacapital.com.br\/por-que-a-divida-da-globo-nao-e-manchete-de-jornal-670.html\">sonegado mais de R$ 600 milh\u00f5es<\/a> referentes aos direitos de transmiss\u00e3o da Copa de 2002.<\/p>\n<p>Enquanto n\u00e3o temos uma democratiza\u00e7\u00e3o efetiva dos meios de comunica\u00e7\u00e3o no Brasil, nos contentamos a ver raros casos em que uma informa\u00e7\u00e3o avessa ao interesse dos donos da m\u00eddia escapar por entre seus dedos. Comemoramos quando a cr\u00edtica \u00e0 falta de democracia nas comunica\u00e7\u00f5es chega \u00e0 tela, mesmo quando vem do lugar mais inusitado poss\u00edvel, como da boca de um conservador. S\u00e3o chances de tratarmos daquilo que \u00e9 essencial, mas que vem sendo sistematicamente sonegado.<\/p>\n<p>Ao inv\u00e9s de raro, deveria ser comum ver esse bloqueio ser furado a partir da garantia, por parte da Justi\u00e7a, do direito de resposta. Nesse sentido, s\u00e3o emblem\u00e1ticos o caso do direito de resposta conquistado pelo ex-governador do Rio de Janeiro, <a class=\"external-link\" href=\"https:\/\/www.youtube.com\/watch?v=BVOu0zf2_GE\" target=\"_blank\">Leonel Brizola, contra a Rede Globo<\/a> e da s\u00e9rie de programas \u201cDireito de Resposta\u201d, veiculada pelas sociedade civil em <a class=\"external-link\" href=\"https:\/\/www.youtube.com\/watch?v=aWb36MS4q5k\" target=\"_blank\">resposta \u00e0s viola\u00e7\u00f5es promovidas pelo programa \u201cTarde Quente\u201d<\/a>,\u00a0da Rede TV.<\/p>\n<p><strong>O que fazer?<\/strong><\/p>\n<p>Em entrevistas ao vivo e debates t\u00e3o comuns ao per\u00edodo eleitoral, as emissoras, apesar dos filtros inerentes \u00e0s pr\u00e1ticas jornal\u00edsticas mercantilizadas e ao sistema de oligop\u00f3lio, acabam ficando mais expostas.\u00a0As transmiss\u00f5es ao vivo potencializam o risco iminente de que os tabus impostos pela nossa m\u00eddia se desvane\u00e7am, mesmo que por pouco tempo.<\/p>\n<p>Na reta final das elei\u00e7\u00f5es, a temperatura esquenta, o tempo acelera e as aten\u00e7\u00f5es se concentram no pleito. Devem acontecer agora os \u00faltimos debates, justamente aqueles que ser\u00e3o veiculados pelas emissoras mais poderosas, que escolhem este momento para chamar mais aten\u00e7\u00e3o, ter maior lucratividade e ampliar a capacidade de influir no cen\u00e1rio pol\u00edtico geral.<\/p>\n<p>De nossa parte, devemos aproveitar o atual momento para cobrar dos nossos candidatos pautem quest\u00f5es efetivamente relevantes para a sociedade. N\u00e3o basta esperar o resultado das elei\u00e7\u00f5es. J\u00e1 \u00e9 hora de cobrar compromissos assumidos pelos candidatos. Se eles realmente est\u00e3o dispostos a cumprir a defesa dos direitos e interesses da maioria da popula\u00e7\u00e3o, que comecem a faz\u00ea-lo desde j\u00e1. De minha parte, quero ver candidato defender o fim do monop\u00f3lio na TV!<\/p>\n<p><i>* Bruno Marinoni \u00e9 jornalista e doutor em Sociologia pela UFPE.<\/i><\/p>\n<p><em>Texto originalmente publicado no Blog do Intervozes na Carta Capital.<\/em><\/p>\n<\/div>\n","protected":false},"excerpt":{"rendered":"<p>Elei\u00e7\u00e3o \u00e9 oportunidade para furar o bloqueio do oligop\u00f3lio comercial e trazer \u00e0 tona temas fundamentais, como a democratiza\u00e7\u00e3o da comunica\u00e7\u00e3o.<\/p>\n","protected":false},"author":4,"featured_media":0,"comment_status":"open","ping_status":"open","sticky":false,"template":"","format":"standard","meta":{"footnotes":""},"categories":[42],"tags":[717],"_links":{"self":[{"href":"https:\/\/obscom.intervozes.org.br\/index.php?rest_route=\/wp\/v2\/posts\/28806"}],"collection":[{"href":"https:\/\/obscom.intervozes.org.br\/index.php?rest_route=\/wp\/v2\/posts"}],"about":[{"href":"https:\/\/obscom.intervozes.org.br\/index.php?rest_route=\/wp\/v2\/types\/post"}],"author":[{"embeddable":true,"href":"https:\/\/obscom.intervozes.org.br\/index.php?rest_route=\/wp\/v2\/users\/4"}],"replies":[{"embeddable":true,"href":"https:\/\/obscom.intervozes.org.br\/index.php?rest_route=%2Fwp%2Fv2%2Fcomments&post=28806"}],"version-history":[{"count":2,"href":"https:\/\/obscom.intervozes.org.br\/index.php?rest_route=\/wp\/v2\/posts\/28806\/revisions"}],"predecessor-version":[{"id":29147,"href":"https:\/\/obscom.intervozes.org.br\/index.php?rest_route=\/wp\/v2\/posts\/28806\/revisions\/29147"}],"wp:attachment":[{"href":"https:\/\/obscom.intervozes.org.br\/index.php?rest_route=%2Fwp%2Fv2%2Fmedia&parent=28806"}],"wp:term":[{"taxonomy":"category","embeddable":true,"href":"https:\/\/obscom.intervozes.org.br\/index.php?rest_route=%2Fwp%2Fv2%2Fcategories&post=28806"},{"taxonomy":"post_tag","embeddable":true,"href":"https:\/\/obscom.intervozes.org.br\/index.php?rest_route=%2Fwp%2Fv2%2Ftags&post=28806"}],"curies":[{"name":"wp","href":"https:\/\/api.w.org\/{rel}","templated":true}]}}