{"id":28780,"date":"2014-07-31T01:42:05","date_gmt":"2014-07-31T01:42:05","guid":{"rendered":"https:\/\/obscom.intervozes.org.br\/?p=28780"},"modified":"2015-08-30T22:01:13","modified_gmt":"2015-08-30T22:01:13","slug":"por-que-a-divida-da-globo-nao-e-manchete-de-jornal","status":"publish","type":"post","link":"https:\/\/obscom.intervozes.org.br\/?p=28780","title":{"rendered":"Por que a d\u00edvida da Globo n\u00e3o \u00e9 manchete de jornal?"},"content":{"rendered":"<div>\n<p><b>Por Bruno Marinoni*<\/b><\/p>\n<p>\u201cSiga o dinheiro\u201d, aconselhava William Mark Felt, o \u201cgarganta profunda\u201d, aos jovens jornalistas que, nos anos 70, revelaram todo um esquema de espionagem e corrup\u00e7\u00e3o no interior da Casa Branca. O que n\u00e3o descobrir\u00edamos ent\u00e3o se os jornalistas da m\u00eddia brasileira investigassem, por exemplo, a den\u00fancia de que a Globo deve mais de R$ 600 milh\u00f5es aos cofres p\u00fablicos porque sonegou o imposto decorrente da compra dos direitos de transmiss\u00e3o da Copa de 2002?<\/p>\n<p>O caso, que j\u00e1 vinha sendo anunciado h\u00e1 algum tempo, ganhou novo cap\u00edtulo no \u00faltimo dia 17 de julho, quando 29 p\u00e1ginas do processo na Receita Federal contra a Globo foram divulgados em um blog na internet. A emissora teria usado 10 empresas criadas em para\u00edsos fiscais para esconder a fraude. Com o esquema, o sistema Globo teria incorrido em simula\u00e7\u00e3o e evas\u00e3o fiscal. O imposto sobre import\u00e2ncias enviadas para o exterior para aquisi\u00e7\u00e3o de direitos de transmiss\u00e3o no caso da empresa benefici\u00e1ria estar sediada em para\u00edsos fiscais seria de 25%, se fosse pago.<\/p>\n<p>E se os jornalistas da nossa m\u00eddia fossem, por outro exemplo, atr\u00e1s do papel que a Igreja Universal, milion\u00e1ria e com isen\u00e7\u00e3o fiscal por se tratar de uma entidade religiosa, cumpre no financiamento da Record? Uma mat\u00e9ria intitulada \u201cMacedo nega uso do dinheiro da igreja na compra de TV\u201d, publicada na Folha de S\u00e3o Paulo, em setembro de 1998 (quando a emissora n\u00e3o era ainda uma competidora de peso), afirmou que investiga\u00e7\u00f5es da Receita resultaram em uma multa de R$ 265 milh\u00f5es ao grupo. A maior parte do pagamento, ou R$ 118 milh\u00f5es, coube \u00e0 Record; outros R$ 98 milh\u00f5es, \u00e0 pr\u00f3pria Igreja Universal, e mais R$ 6 milh\u00f5es, a Edir Macedo. Esses valores se refeririam a autua\u00e7\u00f5es e multas por sonega\u00e7\u00e3o fiscal e outras irregularidades.<\/p>\n<p>Al\u00e9m disso, a imprensa j\u00e1 veiculou algumas vezes que a Igreja Universal compraria a faixa da madrugada da TV Record, que tem baix\u00edssima audi\u00eancia, por um pre\u00e7o muito acima do mercado. Todavia, at\u00e9 onde sabemos, nada foi feito para resolver essa quest\u00e3o.<\/p>\n<p>Em 2010, foi a vez de S\u00edlvio Santos, dono do SBT, se envolver em um esc\u00e2ndalo de fraude fiscal, uma d\u00edvida de R$ 3,8 bilh\u00f5es. O evento n\u00e3o se relacionava diretamente com os meios de comunica\u00e7\u00e3o, e sim com seu banco, o \u201cPanamericano\u201d. O dono da empresa, por\u00e9m, empenhou todo o seu patrim\u00f4nio, inclusive seus canais de TV, como garantia de que a d\u00edvida seria sanada.<\/p>\n<p>Quando poucos grupos controlam os meios de comunica\u00e7\u00e3o, quando h\u00e1 concentra\u00e7\u00e3o do poder midi\u00e1tico \u00e9 f\u00e1cil criar um bloqueio a informa\u00e7\u00f5es desfavor\u00e1veis aos donos da m\u00eddia por meio de uma estrat\u00e9gia \u201cpositiva\u201d: preenchendo-se a agenda de temas discutidos pela sociedade com uma s\u00e9rie de assuntos que n\u00e3o atinjam os interesses daqueles que controlam os canais de comunica\u00e7\u00e3o.<\/p>\n<p>Esc\u00e2ndalos de corrup\u00e7\u00e3o e desvio de dinheiro p\u00fablico s\u00e3o sempre mat\u00e9rias na nossa imprensa, mas qual a sele\u00e7\u00e3o de casos que \u00e9 feita? O que fica de fora? Quem fica de fora dessas p\u00e1ginas? Se h\u00e1 um grande n\u00famero e diversidade de atores dirigindo os meios de comunica\u00e7\u00e3o, maior a possibilidade de nos relacionarmos com canais suficientemente independentes para nos fornecer informa\u00e7\u00f5es de interesse p\u00fablico. Mas isso \u00e9 algo em falta no Brasil.<\/p>\n<p><i>* Bruno Marinoni \u00e9 rep\u00f3rter do Observat\u00f3rio do Direito \u00e0 Comunica\u00e7\u00e3o, doutor em Sociologia pela UFPE e integrante do Intervozes.<\/i><\/p>\n<p><em>Texto originalmente publicado no Blog do Intervozes na Carta Capital.<\/em><\/p>\n<\/div>\n","protected":false},"excerpt":{"rendered":"<p>O que descobrir\u00edamos se os jornalistas brasileiros fossem atr\u00e1s das den\u00fancias de sonega\u00e7\u00e3o que envolvem grandes grupos de comunica\u00e7\u00e3o e que n\u00e3o viram not\u00edcia no pa\u00eds?<\/p>\n","protected":false},"author":4,"featured_media":0,"comment_status":"open","ping_status":"open","sticky":false,"template":"","format":"standard","meta":{"footnotes":""},"categories":[42],"tags":[1510],"_links":{"self":[{"href":"https:\/\/obscom.intervozes.org.br\/index.php?rest_route=\/wp\/v2\/posts\/28780"}],"collection":[{"href":"https:\/\/obscom.intervozes.org.br\/index.php?rest_route=\/wp\/v2\/posts"}],"about":[{"href":"https:\/\/obscom.intervozes.org.br\/index.php?rest_route=\/wp\/v2\/types\/post"}],"author":[{"embeddable":true,"href":"https:\/\/obscom.intervozes.org.br\/index.php?rest_route=\/wp\/v2\/users\/4"}],"replies":[{"embeddable":true,"href":"https:\/\/obscom.intervozes.org.br\/index.php?rest_route=%2Fwp%2Fv2%2Fcomments&post=28780"}],"version-history":[{"count":3,"href":"https:\/\/obscom.intervozes.org.br\/index.php?rest_route=\/wp\/v2\/posts\/28780\/revisions"}],"predecessor-version":[{"id":29169,"href":"https:\/\/obscom.intervozes.org.br\/index.php?rest_route=\/wp\/v2\/posts\/28780\/revisions\/29169"}],"wp:attachment":[{"href":"https:\/\/obscom.intervozes.org.br\/index.php?rest_route=%2Fwp%2Fv2%2Fmedia&parent=28780"}],"wp:term":[{"taxonomy":"category","embeddable":true,"href":"https:\/\/obscom.intervozes.org.br\/index.php?rest_route=%2Fwp%2Fv2%2Fcategories&post=28780"},{"taxonomy":"post_tag","embeddable":true,"href":"https:\/\/obscom.intervozes.org.br\/index.php?rest_route=%2Fwp%2Fv2%2Ftags&post=28780"}],"curies":[{"name":"wp","href":"https:\/\/api.w.org\/{rel}","templated":true}]}}