{"id":28774,"date":"2014-07-22T01:32:39","date_gmt":"2014-07-22T01:32:39","guid":{"rendered":"https:\/\/obscom.intervozes.org.br\/?p=28774"},"modified":"2015-08-30T22:06:00","modified_gmt":"2015-08-30T22:06:00","slug":"culpados-ate-que-se-prove-o-contrario","status":"publish","type":"post","link":"https:\/\/obscom.intervozes.org.br\/?p=28774","title":{"rendered":"Culpados, at\u00e9 que se prove o contr\u00e1rio"},"content":{"rendered":"<div id=\"textstructured\">\n<p><strong>Por M\u00f4nica Mour\u00e3o*<\/strong><\/p>\n<p>A nega\u00e7\u00e3o do pedido de habeas corpus para 23 manifestantes que tiveram sua pris\u00e3o preventiva decretada a partir de investiga\u00e7\u00e3o do Minist\u00e9rio P\u00fablico traz novamente \u00e0 tona a atua\u00e7\u00e3o da m\u00eddia na criminaliza\u00e7\u00e3o das lutas sociais.<\/p>\n<p>Apesar das manifesta\u00e7\u00f5es contr\u00e1rias \u00e0s pris\u00f5es por parte de mandatos parlamentares e institui\u00e7\u00f5es como sindicatos, federa\u00e7\u00f5es profissionais, al\u00e9m de organiza\u00e7\u00f5es como a Anistia Internacional, Tortura Nunca Mais e a Ordem dos Advogados do Brasil, que chamam aten\u00e7\u00e3o principalmente para a falta de respaldo legal e as evid\u00eancias de persegui\u00e7\u00e3o pol\u00edtica nas a\u00e7\u00f5es, o enquadramento das mat\u00e9rias produzidas pela m\u00eddia conservadora prioriza a vers\u00e3o do Judici\u00e1rio.<\/p>\n<p>O tom da cobertura dos jornais da <i>TV Globo <\/i>e do di\u00e1rio impresso <i>O Globo <\/i>refor\u00e7a a vis\u00e3o de que, quando se tratam de manifestantes, todos s\u00e3o culpados at\u00e9 que se prove o contr\u00e1rio. Obviamente, isso \u00e9 feito de forma a pontuar \u201co outro lado\u201d, jarg\u00e3o usado para manter, na pr\u00e1tica, um ideal de objetividade e neutralidade que serve bem ao discurso de autoridade jornal\u00edstico, mas pouco a uma cobertura efetivamente equilibrada. \u201cO outro lado\u201d est\u00e1, nesse caso, sempre se defendendo de acusa\u00e7\u00f5es j\u00e1 colocadas anteriormente como verdadeiras. \u201cO outro lado\u201d est\u00e1 acuado, est\u00e1 se defendendo no tribunal midi\u00e1tico e no de justi\u00e7a.<\/p>\n<p>A mat\u00e9ria do <i>Bom Dia Brasil <\/i>desta ter\u00e7a-feira (22\/7), que repetia trechos tamb\u00e9m veiculados na noite anterior no <i>Jornal Nacional <\/i>e domingo no <i>Fant\u00e1stico<\/i>, foi aberta com a apresentadora afirmando que, das pessoas acusadas de praticar atos violentos nas manifesta\u00e7\u00f5es de rua no \u00faltimo ano, cinco j\u00e1 est\u00e3o presas. As demais s\u00e3o consideradas, pelo Judici\u00e1rio e pela m\u00eddia, \u201cforagidas\u201d.<\/p>\n<p>O \u201cj\u00e1\u201d de al\u00edvio pela garantia da ordem p\u00fablica conduzia o restante da mat\u00e9ria. Logo depois de apresentar o trecho de um v\u00eddeo em que a advogada Elo\u00edsa Samy, que teve a pris\u00e3o preventiva decretada e pediu asilo pol\u00edtico ao Uruguai, nega qualquer envolvimento com atos violentos, a edi\u00e7\u00e3o da mat\u00e9ria \u00e9 cortante. Um \u201cmas\u201d abre a sequ\u00eancia de acusa\u00e7\u00f5es feitas contra ela em inqu\u00e9rito policial. O jogo textual e de imagens forma um discurso l\u00f3gico: a culpa recai sobre aqueles ombros, sem sombra de d\u00favidas.<\/p>\n<p>Al\u00e9m da falsa neutralidade, as mat\u00e9rias t\u00eam mostrado uma tend\u00eancia antiga no jornalismo brasileiro: a rela\u00e7\u00e3o de subservi\u00eancia com fontes que s\u00e3o autoridades, como a policial. Faz parte de tal rela\u00e7\u00e3o tanto o uso acr\u00edtico de informa\u00e7\u00f5es oriundas da pol\u00edcia como a cess\u00e3o, muitas vezes com exclusividade para certos meios de comunica\u00e7\u00e3o, de materiais sigilosos da investiga\u00e7\u00e3o. (Paradoxalmente, os pr\u00f3prios acusados e seus advogados n\u00e3o conseguem ter acesso aos autos dos processos). Para n\u00e3o restar d\u00favidas da isen\u00e7\u00e3o das informa\u00e7\u00f5es policiais, o tempo de investiga\u00e7\u00e3o para se chegar \u00e0s pris\u00f5es preventivas, de sete meses, foi repetido como mais uma ferramenta de respaldo da dupla autoridade imprensa-pol\u00edcia.<\/p>\n<p>A veicula\u00e7\u00e3o midi\u00e1tica de grava\u00e7\u00f5es feitas para inqu\u00e9ritos policiais est\u00e1 banalizada e foi fartamente utilizada nas mat\u00e9rias de TV dos \u00faltimos tr\u00eas dias. Uma delas, em que a ativista Elisa Quadros, conhecida como Sininho, pede ajuda de seu padrasto para ficar longe de cidades onde pode ser perseguida, prova muito mais o seu temor por uma puni\u00e7\u00e3o do que qualquer a\u00e7\u00e3o criminosa praticada por ela.<\/p>\n<p>Sininho, inclusive, \u00e9 um caso emblem\u00e1tico na cobertura criminalizante, feita desde 2013, sobre os atos de massa. A mo\u00e7a foi catapultada \u00e0 condi\u00e7\u00e3o de l\u00edder pela pr\u00f3pria m\u00eddia, desde mat\u00e9ria no jornal <i>O Globo<\/i>, cuja capa tratava da pris\u00e3o de \u201c70 v\u00e2ndalos\u201d, em outubro de 2013. A condi\u00e7\u00e3o de lideran\u00e7a sempre foi negada por ela e por movimentos sociais e, at\u00e9 hoje, quase um ano depois, nenhuma prova contundente foi apresentada. Desde ent\u00e3o, o jornalismo se retroalimenta de sua pr\u00f3pria cobertura. E Sininho se v\u00ea presa \u2013 tamb\u00e9m \u2013 num emaranhado de narrativas que se sustentam umas nas outras.<\/p>\n<p>E os demais casos? O casal que comemora o lan\u00e7amento de um coquetel molotov e as amigas que combinam uma oficina de fabrica\u00e7\u00e3o de \u201cdrinks\u201d (c\u00f3digo para o coquetel)? Mesmo aqui cabe uma reflex\u00e3o b\u00e1sica: est\u00e3o sendo presas ou procuradas pessoas que ainda n\u00e3o tiveram seu julgamento conclu\u00eddo. N\u00e3o se sabe ainda se s\u00e3o ou n\u00e3o culpadas. E, se forem, n\u00e3o se sabe qual pena ter\u00e3o de cumprir. A a\u00e7\u00e3o, contr\u00e1ria \u00e0s normas democr\u00e1ticas, de punir primeiro para averiguar depois \u00e9 feita pelo Judici\u00e1rio com a aclama\u00e7\u00e3o e o refor\u00e7o de parte da grande m\u00eddia. Pr\u00e1tica corriqueira com presos comuns em programas policialescos, com a repercuss\u00e3o pol\u00edtica das atuais pris\u00f5es preventivas, o modus operandi ganha mais fortes contornos de absurdo.<\/p>\n<p>Outra reflex\u00e3o simples que parece ter faltado ao setor de jornalismo das Organiza\u00e7\u00f5es Globo \u00e9 sobre como s\u00e3o feitas as coberturas quando a viol\u00eancia est\u00e1 do lado de l\u00e1. O que seus jornais tiveram a dizer quando, no ano passado, milhares de pessoas \u2013 muitas que simplesmente tentavam ir embora das manifesta\u00e7\u00f5es \u2013 foram encurraladas pelas ruas do Centro da cidade e da Lapa, no Rio de Janeiro, com bombas de g\u00e1s lacrimog\u00eaneo? O que disseram quando, no dia da final da Copa do Mundo, policiais mantiveram pessoas em c\u00e1rcere a c\u00e9u aberto no entorno da pra\u00e7a Saens Pe\u00f1a, na Tijuca, em meio a bombas de g\u00e1s e chuvas de cassetetes? O sil\u00eancio pode ser t\u00e3o revelador quanto as palavras.<\/p>\n<p>Enquanto isso, longe (de uma dist\u00e2ncia outra, nem sempre geogr\u00e1fica) das grandes avenidas e pra\u00e7as da cidade, quantas vezes Cl\u00e1udias e Amarildos precisam provar o que est\u00e3o fazendo naquele lugar e naquela hora, s\u00e3o sempre aquele \u201coutro lado\u201d que se defende de n\u00e3o ser traficante, de n\u00e3o ser criminoso?<\/p>\n<p>No jornal impresso <i>O Globo<\/i>, pouco espa\u00e7o para brechas, sutilezas, n\u00e3o ditos. Na edi\u00e7\u00e3o de hoje (22\/7), a mat\u00e9ria com o t\u00edtulo \u201cConex\u00e3o sindical\u201d associa sindicatos de professores, da sa\u00fade e de petroleiros (Sepe, Sindprev e Sindpetro) do Rio de Janeiro a \u201cprotestos violentos\u201d, conforme escrito pelo jornal e mostrado em foto com jovem provocando um inc\u00eandio na rua. Boxes com a retranca \u201cOpini\u00e3o\u201d deixam muito evidente: para o ve\u00edculo, tratar as pris\u00f5es como casos de repress\u00e3o pol\u00edtica \u00e9 \u201cbalela\u201d, conforme edi\u00e7\u00e3o de 15 de julho. Dois dias depois, manifestantes em geral e uma professora (Camila Jourdan) foram comparados a grupos que \u201cdesembocaram no terrorismo\u201d na Alemanha, na It\u00e1lia e no Peru. Tamb\u00e9m no \u00faltimo dia 15, o jornal alertou: \u201cO Estado apenas cumpre sua fun\u00e7\u00e3o de defender a sociedade da a\u00e7\u00e3o de grupos violentos\u201d.<\/p>\n<p>E quem nos defende do Estado? Quem nos defende do discurso criminalizante do maior conglomerado de m\u00eddia do pa\u00eds? Melhor buscar rapidamente uma defesa, pois do crime de livre pensamento, manifesta\u00e7\u00e3o e express\u00e3o, do crime de teimar em viver numa democracia, tamb\u00e9m somos culpados.<\/p>\n<p><i>*M\u00f4nica Mour\u00e3o \u00e9 jornalista e integrante do Intervozes.<\/i><\/p>\n<p><em>Texto originalmente publicado no Blog do Intervozes na Carta Capital.<\/em><\/p>\n<\/div>\n","protected":false},"excerpt":{"rendered":"<p>A cobertura acerca da pris\u00e3o dos 23 manifestantes no Rio de Janeiro mostra, mais uma vez, a postura criminalizadora da m\u00eddia conservadora quando o assunto \u00e9 luta social.<\/p>\n","protected":false},"author":4,"featured_media":0,"comment_status":"open","ping_status":"open","sticky":false,"template":"","format":"standard","meta":{"footnotes":""},"categories":[42],"tags":[1832],"_links":{"self":[{"href":"https:\/\/obscom.intervozes.org.br\/index.php?rest_route=\/wp\/v2\/posts\/28774"}],"collection":[{"href":"https:\/\/obscom.intervozes.org.br\/index.php?rest_route=\/wp\/v2\/posts"}],"about":[{"href":"https:\/\/obscom.intervozes.org.br\/index.php?rest_route=\/wp\/v2\/types\/post"}],"author":[{"embeddable":true,"href":"https:\/\/obscom.intervozes.org.br\/index.php?rest_route=\/wp\/v2\/users\/4"}],"replies":[{"embeddable":true,"href":"https:\/\/obscom.intervozes.org.br\/index.php?rest_route=%2Fwp%2Fv2%2Fcomments&post=28774"}],"version-history":[{"count":3,"href":"https:\/\/obscom.intervozes.org.br\/index.php?rest_route=\/wp\/v2\/posts\/28774\/revisions"}],"predecessor-version":[{"id":29175,"href":"https:\/\/obscom.intervozes.org.br\/index.php?rest_route=\/wp\/v2\/posts\/28774\/revisions\/29175"}],"wp:attachment":[{"href":"https:\/\/obscom.intervozes.org.br\/index.php?rest_route=%2Fwp%2Fv2%2Fmedia&parent=28774"}],"wp:term":[{"taxonomy":"category","embeddable":true,"href":"https:\/\/obscom.intervozes.org.br\/index.php?rest_route=%2Fwp%2Fv2%2Fcategories&post=28774"},{"taxonomy":"post_tag","embeddable":true,"href":"https:\/\/obscom.intervozes.org.br\/index.php?rest_route=%2Fwp%2Fv2%2Ftags&post=28774"}],"curies":[{"name":"wp","href":"https:\/\/api.w.org\/{rel}","templated":true}]}}