{"id":28769,"date":"2014-07-12T01:23:27","date_gmt":"2014-07-12T01:23:27","guid":{"rendered":"https:\/\/obscom.intervozes.org.br\/?p=28769"},"modified":"2015-08-30T22:09:10","modified_gmt":"2015-08-30T22:09:10","slug":"a-face-repressiva-da-democracia-durante-a-copa","status":"publish","type":"post","link":"https:\/\/obscom.intervozes.org.br\/?p=28769","title":{"rendered":"A face repressiva da democracia durante a Copa"},"content":{"rendered":"<div id=\"textstructured\">\n<p class=\"western\" align=\"justify\"><strong>Por M\u00f4nica Mour\u00e3o*<\/strong><\/p>\n<p class=\"western\" align=\"justify\">Em que ano estamos? O blog do Intervozes faz hoje um jogo de adivinha\u00e7\u00e3o com leitoras e leitores. Confira as respostas na sequ\u00eancia.<\/p>\n<p class=\"western\" align=\"justify\"><strong>01.<\/strong> Um jornal passa de m\u00e3o em m\u00e3o. Muita gente quer l\u00ea-lo, mas poucas pessoas t\u00eam coragem de assin\u00e1-lo, pois essa lista poderia cair nas m\u00e3os da pol\u00edcia.<\/p>\n<p class=\"western\" align=\"justify\"><strong>02.<\/strong> Policiais entram armados com um fuzil em casa onde estavam uma senhora idosa e uma crian\u00e7a, em busca do pai da menina, que havia se manifestado contra o governo vigente.<\/p>\n<p class=\"western\" align=\"justify\"><strong>03.<\/strong> Jornais e garrafas com material inflam\u00e1vel s\u00e3o usados como prova para pris\u00e3o preventiva de dezenas de pessoas.<\/p>\n<p class=\"western\" align=\"justify\"><strong>04.<\/strong> Livros considerados subversivos s\u00e3o apreendidos pela pol\u00edcia.<\/p>\n<p class=\"western\" align=\"justify\"><strong>05.<\/strong> Rep\u00f3rter que cobria a\u00e7\u00e3o policial \u00e9 presa, espancada e xingada por policiais.<\/p>\n<p class=\"western\" align=\"justify\"><strong>06.<\/strong> Jornalistas s\u00e3o chamados para dar depoimento e acabam sendo presos, mas s\u00e3o bem tratados pela pol\u00edcia.<\/p>\n<p class=\"western\" align=\"justify\"><strong>07.<\/strong> Cinegrafista t\u00eam equipamento interceptado para que n\u00e3o realize seu trabalho.<\/p>\n<p class=\"western\" align=\"justify\"><strong>08.<\/strong> Ve\u00edculo alternativo \u00e9 impedido de participar de coletiva de imprensa.<\/p>\n<p class=\"western\" align=\"justify\"><strong>09.<\/strong> Credenciais para cobrir setores do governo s\u00e3o negadas a jornalistas.<\/p>\n<p class=\"western\" align=\"justify\"><strong>10.<\/strong> Dezenas de pessoas s\u00e3o presas em suas pr\u00f3prias casas ou locais de trabalho como medida preventiva contra dist\u00farbios civis.<\/p>\n<p class=\"western\" align=\"justify\">Mais uma vez: em que ano estamos? Essa pergunta teima em vir \u00e0 cabe\u00e7a quando aparecem not\u00edcias das arbitrariedades cometidas contra manifestantes em 2013 e 2014, pela assombrosa semelhan\u00e7a com a\u00e7\u00f5es repressivas feitas pela ditadura civil-militar (1964-1985). Veja agora em que circunst\u00e2ncias aconteceram os casos.<\/p>\n<p class=\"western\" align=\"justify\"><strong>01.<\/strong> Os leitores do jornal <i>Opini\u00e3o<\/i> temiam ter seu nome associado ao ve\u00edculo, que circulou de 1972 a 1977.<\/p>\n<p class=\"western\" align=\"justify\"><strong>02.<\/strong> A fam\u00edlia de Luiz, conhecido como Game Over, est\u00e1 sofrendo investidas da pol\u00edcia em busca do manifestante, de acordo com relato dele do dia 12 de julho de 2014.<\/p>\n<p class=\"western\" align=\"justify\"><strong>03.<\/strong> Foram expedidos dezenas de mandados de pris\u00e3o preventiva (os n\u00fameros informados pela imprensa variam entre 30 e 60), dois de apreens\u00e3o (por serem de pessoas com menos de 18 anos) e tr\u00eas flagrantes, entre sexta (11\/7) e s\u00e1bado (12\/7). O crime: suposta organiza\u00e7\u00e3o de atos violentos no ano passado e suspeita de viol\u00eancia na final da Copa do Mundo, neste domingo. Uma garrafa com &#8220;material que parece gasolina&#8221;, edi\u00e7\u00f5es do jornal <i>Estudantes do Povo<\/i>, coletes de imprensa e m\u00e1scaras de g\u00e1s fazem parte do material apreendido.<\/p>\n<p class=\"western\" align=\"justify\"><strong>04.<\/strong> No dia 1\u00ba de julho desse ano, em protesto na pra\u00e7a Roosevelt, em S\u00e3o Paulo, um exemplar de uma biografia de Carlos Marighella, que estava na mochila de um estudante, foi apreendido pela pol\u00edcia. Dias antes, tamb\u00e9m em S\u00e3o Paulo, dois ativistas foram (e ainda est\u00e3o) presos com base em acusa\u00e7\u00f5es forjadas.<\/p>\n<p class=\"western\" align=\"justify\"><strong>05.<\/strong> A rep\u00f3rter da M\u00eddia Ninja Karinny de Magalh\u00e3es foi presa no dia 12 de junho de 2014, quando cobria a abertura da Copa do Mundo. Karinny foi mantida por cerca de uma hora numa viatura, conduzida em sigilo a um quartel, espancada por cinco policiais at\u00e9 ficar desacordada e depois deixada em uma delegacia da pol\u00edcia civil.<\/p>\n<p class=\"western\" align=\"justify\"><strong>06.<\/strong> Quase toda a reda\u00e7\u00e3o d\u2019<i>O Pasquim<\/i> foi presa, em 1970. A edi\u00e7\u00e3o de n\u00famero 74 do jornal justificava a aus\u00eancia da equipe a um surto de gripe. Relatos dos jornalistas d\u00e3o conta do bom tratamento recebido na pris\u00e3o, com direito a rodinha de viol\u00e3o com um dos guardas respons\u00e1veis pelo grupo.<\/p>\n<p class=\"western\" align=\"justify\"><strong>07.<\/strong> O coletivo cearense Nig\u00e9ria teve sua c\u00e2mera \u201capreendida\u201d por seguran\u00e7as particulares da Fifa Fan Fest na cidade de Fortaleza, na abertura da Copa do Mundo de 2014.<\/p>\n<p class=\"western\" align=\"justify\"><strong>08.<\/strong> O jornal <i>A Nova Democracia<\/i> foi proibido de participar da coletiva de imprensa realizada neste s\u00e1bado (12\/7) na Cidade da Pol\u00edcia, complexo com delegacias especializadas no Rio de Janeiro. O motivo alegado foi que v\u00e1rios dos detidos nesta v\u00e9spera de final de Copa tinham, em suas casas, exemplares do jornal.<\/p>\n<p class=\"western\" align=\"justify\"><strong>09.<\/strong> Entre 1975 e 1979, 20 jornalistas da sucursal de <i>O Estado de S. Paulo<\/i> em Bras\u00edlia tiveram seus pedidos de credenciais negados, e as credenciais de outros 25 foram canceladas.<\/p>\n<p class=\"western\" align=\"justify\"><strong>10.<\/strong> Houve pris\u00f5es de dezenas de pessoas nas v\u00e9speras dos seguintes acontecimentos: golpe de 1964; promulga\u00e7\u00e3o do Ato Institucional n\u00ba 05 (AI-5), em 1968; abertura e encerramento da Copa do Mundo da Fifa, em 2014.<\/p>\n<p class=\"western\" align=\"justify\">Uma diferen\u00e7a substancial entre o regime instalado em 1964 e hoje deveria ser que atualmente vivemos sob a vig\u00eancia da Constitui\u00e7\u00e3o de 19<a href=\"https:\/\/obscom.intervozes.org.br\/wp-admin\/post-new.php\">Adicionar Novo<\/a>88, considerada um grande avan\u00e7o democr\u00e1tico pela forma participativa como foi elaborada e pelos preceitos que assegura. Um deles \u00e9 justamente a liberdade de manifesta\u00e7\u00e3o, que por envolver a livre divulga\u00e7\u00e3o de ideias, valores e reivindica\u00e7\u00f5es, relaciona-se diretamente com o direito humano \u00e0 comunica\u00e7\u00e3o. Esse direito inclui a garantia de falar e de ser ouvido, o que, no contexto em que vivemos, passa necessariamente pelo acesso aos meios de comunica\u00e7\u00e3o.<\/p>\n<p class=\"western\" align=\"justify\">Contudo, o quadro atual de viola\u00e7\u00f5es revela o cerceamento das m\u00eddias alternativas e populares, ao mesmo tempo em que a cobertura da imprensa tradicional criminaliza uma vez mais os manifestantes, se apropria do jarg\u00e3o policial e considera todos os ativistas como integrantes de uma \u201cquadrilha armada\u201d, considerando as pessoas perseguidas \u201cforagidas\u201d. Neste cen\u00e1rio, m\u00e1scaras de prote\u00e7\u00e3o contra g\u00e1s lacrimog\u00eaneo, celulares, computadores e at\u00e9 joelheiras viram \u201cobjetos suspeitos apreendidos\u201d pela Pol\u00edcia.<\/p>\n<p class=\"western\" align=\"justify\">Tragicamente, o apelo cantado por Chico Buarque, em 1974, ainda ecoa: \u201cacorda, amor, eu tive um pesadelo agora\u201d. Quarenta anos depois, o sono e o despertar permanecem intraquilos, e o termo \u201cdemocracia\u201d soa cada vez mais vazio.<\/p>\n<p class=\"western\" align=\"justify\"><i>*M\u00f4nica Mour\u00e3o \u00e9 integrante do Intervozes. Colaborou Juliana Lug\u00e3o, jornalista.<br \/>\n<\/i><\/p>\n<p class=\"western\" align=\"justify\"><i><em>Texto originalmente publicado no Blog do Intervozes na Carta Capital.<\/em> <\/i><\/p>\n<\/div>\n","protected":false},"excerpt":{"rendered":"<p>Na v\u00e9spera da final, dezenas de pessoas s\u00e3o presas preventivamente, acusadas de organizar atos violentos e de integrar &#8220;quadrilhas armadas&#8221;.<\/p>\n","protected":false},"author":4,"featured_media":0,"comment_status":"open","ping_status":"open","sticky":false,"template":"","format":"standard","meta":{"footnotes":""},"categories":[42],"tags":[1694],"_links":{"self":[{"href":"https:\/\/obscom.intervozes.org.br\/index.php?rest_route=\/wp\/v2\/posts\/28769"}],"collection":[{"href":"https:\/\/obscom.intervozes.org.br\/index.php?rest_route=\/wp\/v2\/posts"}],"about":[{"href":"https:\/\/obscom.intervozes.org.br\/index.php?rest_route=\/wp\/v2\/types\/post"}],"author":[{"embeddable":true,"href":"https:\/\/obscom.intervozes.org.br\/index.php?rest_route=\/wp\/v2\/users\/4"}],"replies":[{"embeddable":true,"href":"https:\/\/obscom.intervozes.org.br\/index.php?rest_route=%2Fwp%2Fv2%2Fcomments&post=28769"}],"version-history":[{"count":3,"href":"https:\/\/obscom.intervozes.org.br\/index.php?rest_route=\/wp\/v2\/posts\/28769\/revisions"}],"predecessor-version":[{"id":29180,"href":"https:\/\/obscom.intervozes.org.br\/index.php?rest_route=\/wp\/v2\/posts\/28769\/revisions\/29180"}],"wp:attachment":[{"href":"https:\/\/obscom.intervozes.org.br\/index.php?rest_route=%2Fwp%2Fv2%2Fmedia&parent=28769"}],"wp:term":[{"taxonomy":"category","embeddable":true,"href":"https:\/\/obscom.intervozes.org.br\/index.php?rest_route=%2Fwp%2Fv2%2Fcategories&post=28769"},{"taxonomy":"post_tag","embeddable":true,"href":"https:\/\/obscom.intervozes.org.br\/index.php?rest_route=%2Fwp%2Fv2%2Ftags&post=28769"}],"curies":[{"name":"wp","href":"https:\/\/api.w.org\/{rel}","templated":true}]}}