{"id":28767,"date":"2014-07-10T01:19:37","date_gmt":"2014-07-10T01:19:37","guid":{"rendered":"https:\/\/obscom.intervozes.org.br\/?p=28767"},"modified":"2015-08-30T22:09:53","modified_gmt":"2015-08-30T22:09:53","slug":"a-novela-da-derrota-da-copa-na-midia-brasileira","status":"publish","type":"post","link":"https:\/\/obscom.intervozes.org.br\/?p=28767","title":{"rendered":"A novela da derrota da Copa na m\u00eddia brasileira"},"content":{"rendered":"<p><strong>Por Ana Carolina Westrup*<\/strong><\/p>\n<p>Bastou um pouco mais de 90 minutos de jogo &#8211; e, claro, o resultado at\u00edpico em termos hist\u00f3ricos &#8211; para que assist\u00edssemos a algo que, se bem analisado, pode se tornar t\u00e3o intrigante quanto o resultado da semi-final que Brasil e Alemanha protagonizaram. A derrota da sele\u00e7\u00e3o brasileira, com o fat\u00eddico 7&#215;1 em favor da Alemanha, trouxe \u00e0 tona mais um epis\u00f3dio de incoer\u00eancia e superficialidade na cobertura da maioria da imprensa brasileira.<\/p>\n<p>Ningu\u00e9m questiona a surpresa gerada pelo placar. Mas t\u00e3o surpreendente quanto foi a r\u00e1pida mudan\u00e7a na linha editorial de dezenas de emissoras de r\u00e1dio e TV, sites, jornais e revistas. Do patriotismo exacerbado, com direito a aterrissagem de helic\u00f3ptero global nos treinos da sele\u00e7\u00e3o, ao quase que linchamento p\u00fablico de alguns jogadores e da comiss\u00e3o t\u00e9cnica, salvo raras e honrosas exce\u00e7\u00f5es.<\/p>\n<p>Editoriais e opini\u00f5es que antes denotavam a sele\u00e7\u00e3o alegre, feliz, o grupo unido do menino \u201cNey\u2019 e de Felip\u00e3o rapidamente mudaram o tom e elevaram as cr\u00edticas \u00e0quela que j\u00e1 chamam como a pior sele\u00e7\u00e3o brasileira dos \u00faltimos tempos. Uma situa\u00e7\u00e3o que beira, inclusive, a esquizofrenia, quando o peso recai sobre os pr\u00f3prios privil\u00e9gios.<\/p>\n<p>O aspecto mais emblem\u00e1tico \u00e9 a critica acerca da exagerada exposi\u00e7\u00e3o da sele\u00e7\u00e3o, com a abertura dos treinos e da concentra\u00e7\u00e3o \u00e0 imprensa, quando, na realidade, s\u00e3o as grandes emissoras, principalmente a Rede Globo, que se beneficiaram com links diretos, entregas de carta das m\u00e3es para os respectivos filhos\/jogadores e at\u00e9 participa\u00e7\u00e3o ao vivo em programas de TV.<\/p>\n<p>J\u00e1 no que diz respeito \u00e0 exposi\u00e7\u00e3o dos jogadores, n\u00e3o \u00e9 exagero falar no circo de horrores ao qual os jogadores da sele\u00e7\u00e3o brasileira, de forma quase que punitiva, foram expostos em entrevistas e imagens nos minutos seguintes ao final do jogo.<\/p>\n<p>As desculpas de David Luiz para o p\u00fablico que lotava o Mineir\u00e3o, acompanhadas pelas c\u00e2meras do \u201cplim-plim\u201d; o choro desconsolado de Thiago Silva, filmado quase que na \u00edntegra; e as perguntas \u00e1cidas dirigidas aos jogadores d\u00e3o a esse enredo um contorno s\u00e1dico e sensacionalista, como se a exposi\u00e7\u00e3o da imagem sofrida dos jogadores fosse um castigo justificado pelo resultado apresentado, ou uma das melhores formas de consolar a popula\u00e7\u00e3o brasileira e tangenciar o verdadeiro debate a ser feito: os problemas estruturais que enfrenta o futebol brasileiro.<\/p>\n<p>De her\u00f3is a vil\u00f5es, meninos, em sua grande maioria, foram taxados como culpados no julgo midi\u00e1tico, a ponto, inclusive, de serem\u00a0 comparados a um outro \u201calgoz\u201d do Brasil da Copa de 50. Em entrevista concedida e reproduzida pelos mais diversos canais de televis\u00e3o, r\u00e1dios e sites de not\u00edcia, a filha de Barbosa &#8211; goleiro que tomou um gol do Uruguai no Maracan\u00e3 &#8211; chegou a dizer que, agora, seu pai poderia descansar em paz. Para ela, Barbosa finalmente havia sido libertado de uma maldi\u00e7\u00e3o de mais de 50 anos e quem deveria carregar esse peso a partir de ent\u00e3o seriam os jogadores da atual sele\u00e7\u00e3o. Quase um pecado original.<\/p>\n<p>Trata-se de um vi\u00e9s que esconde a \u00faltima caracter\u00edstica dos elementos que foram destacados na cobertura da grande m\u00eddia: a superficialidade do debate feito pelos analistas esportivos. Quase em un\u00edssono, as maiores emissoras do pa\u00eds, de forma consciente, definiram um \u00e2ngulo onde a exposi\u00e7\u00e3o dos jogadores e da comiss\u00e3o t\u00e9cnica acabaram desviando do foco o debate central e invisibilizado por tanto tempo que pode ter levado a este resultado: o <i>modus operandi<\/i> do futebol brasileiro, com seus cartolas, privil\u00e9gios e muitas cifras, sobretudo.<\/p>\n<p>Com poucas exce\u00e7\u00f5es, como o programa Linha de Passe na ESPN e o coment\u00e1rio de Kennedy Alencar na CBN, na noite tr\u00e1gica do dia 8 de julho n\u00e3o se discutiu a atual formata\u00e7\u00e3o do futebol brasileiro, n\u00e3o foram problematizadas as quest\u00f5es que envolvem a CBF e os seus dirigentes e, tampouco, foi levada \u00e0 tona uma an\u00e1lise sobre a organiza\u00e7\u00e3o dos campeonatos de futebol no Brasil e o montante financeiro que isso envolve.<\/p>\n<p>Nada disso \u00e9 \u00e0 toa. Os n\u00fameros revelam, por exemplo, o lucro que a mais concentrada empresa de comunica\u00e7\u00e3o do pa\u00eds angariou nesses \u00faltimos dias de Copa. Somente a Rede Globo de Televis\u00e3o faturou mais de 1,4 bilh\u00e3o de reais com cotas de patroc\u00ednios. Segundo a pr\u00f3pria emissora, este seria um dos maiores pacotes de patroc\u00ednio em uma Copa do Mundo.<\/p>\n<p>Em uma entrevista ao Portal Lance Net, Alex, o meio campo do Coritiba e membro do Bom Senso Futebol Clube, traduziu o que se passa no futebol brasileiro e a verdade entre a Rede Globo e o CBF:\u00a0 \u201c<i>A CBF cuida apenas da Sele\u00e7\u00e3o Brasileira. Quem realmente cuida do futebol brasileiro \u00e9 a Globo\u201d, <\/i>afirmou.<i><br \/>\n<\/i><\/p>\n<p>Em uma situa\u00e7\u00e3o de vacas t\u00e3o gordas, democratizar a discuss\u00e3o sobre o cen\u00e1rio atual do futebol brasileiro seria extremamente arriscado. Melhor, portanto, criar uma novela da derrota da sele\u00e7\u00e3o, onde nenhum cap\u00edtulo, at\u00e9 agora, retratou ou problematizou a reforma estrutural t\u00e3o necess\u00e1ria para a nossa dita paix\u00e3o nacional.<br \/>\n<i><br \/>\n<\/i><i>* Ana Carolina Westrup \u00e9 jornalista e integrante do Intervozes.<\/i><\/p>\n<p><em>Texto originalmente publicado no Blog do Intervozes na Carta Capital.<\/em><\/p>\n","protected":false},"excerpt":{"rendered":"<p>T\u00e3o surpreendente quanto o resultado de 7 X 1 entre Alemanha e Brasil foi a r\u00e1pida mudan\u00e7a de posi\u00e7\u00e3o de dezenas de emissoras de r\u00e1dio e TV, sites, jornais e revistas.<\/p>\n","protected":false},"author":4,"featured_media":0,"comment_status":"open","ping_status":"open","sticky":false,"template":"","format":"standard","meta":{"footnotes":""},"categories":[42],"tags":[],"_links":{"self":[{"href":"https:\/\/obscom.intervozes.org.br\/index.php?rest_route=\/wp\/v2\/posts\/28767"}],"collection":[{"href":"https:\/\/obscom.intervozes.org.br\/index.php?rest_route=\/wp\/v2\/posts"}],"about":[{"href":"https:\/\/obscom.intervozes.org.br\/index.php?rest_route=\/wp\/v2\/types\/post"}],"author":[{"embeddable":true,"href":"https:\/\/obscom.intervozes.org.br\/index.php?rest_route=\/wp\/v2\/users\/4"}],"replies":[{"embeddable":true,"href":"https:\/\/obscom.intervozes.org.br\/index.php?rest_route=%2Fwp%2Fv2%2Fcomments&post=28767"}],"version-history":[{"count":2,"href":"https:\/\/obscom.intervozes.org.br\/index.php?rest_route=\/wp\/v2\/posts\/28767\/revisions"}],"predecessor-version":[{"id":29181,"href":"https:\/\/obscom.intervozes.org.br\/index.php?rest_route=\/wp\/v2\/posts\/28767\/revisions\/29181"}],"wp:attachment":[{"href":"https:\/\/obscom.intervozes.org.br\/index.php?rest_route=%2Fwp%2Fv2%2Fmedia&parent=28767"}],"wp:term":[{"taxonomy":"category","embeddable":true,"href":"https:\/\/obscom.intervozes.org.br\/index.php?rest_route=%2Fwp%2Fv2%2Fcategories&post=28767"},{"taxonomy":"post_tag","embeddable":true,"href":"https:\/\/obscom.intervozes.org.br\/index.php?rest_route=%2Fwp%2Fv2%2Ftags&post=28767"}],"curies":[{"name":"wp","href":"https:\/\/api.w.org\/{rel}","templated":true}]}}