{"id":28764,"date":"2014-07-01T01:18:18","date_gmt":"2014-07-01T01:18:18","guid":{"rendered":"https:\/\/obscom.intervozes.org.br\/?p=28764"},"modified":"2015-08-30T22:10:15","modified_gmt":"2015-08-30T22:10:15","slug":"brasil-x-argentina-a-promocao-disfarcada-do-odio","status":"publish","type":"post","link":"https:\/\/obscom.intervozes.org.br\/?p=28764","title":{"rendered":"Brasil x Argentina: a promo\u00e7\u00e3o disfar\u00e7ada do \u00f3dio"},"content":{"rendered":"<div id=\"textstructured\">\n<p><b>Por Bruno Marinoni*<\/b><\/p>\n<p>Todos eles foram levados para dentro de uma pequena casa \u00e0 beira-mar, trancafiados e eliminados. Mais um filme sobre o genoc\u00eddio nazista? N\u00e3o. Trata-se de uma \u201chumorada\u201d publicidade de cerveja sobre a \u201crivalidade\u201d entre brasileiros e argentinos, que vem sendo veiculada desde a partida Argentina e Nig\u00e9ria, no dia 25 de junho. Qual o problema de os nossos ve\u00edculos de comunica\u00e7\u00e3o alimentarem a xenofobia? De fazerem gra\u00e7a com a proposta de que os hermanos devem ser lan\u00e7ados ao mar, ou ao espa\u00e7o por n\u00f3s?<\/p>\n<p>O portal Di\u00e1rio na Copa, do grupo Di\u00e1rio do Nordeste (CE), no mesmo dia 25, publicou uma mat\u00e9ria com a manchete \u201cArgentinos assaltam torcedores e roubam ingressos antes de partida em Porto Alegre\u201d. O conte\u00fado da not\u00edcia aponta que os suspeitos s\u00e3o argentinos, pois vestiam camisas da sele\u00e7\u00e3o argentina. E, assim, nossa imprensa acredita possuir elementos suficientes para associar as imagens do crime \u00e0 de uma nacionalidade espec\u00edfica. Essa \u00e9 uma equa\u00e7\u00e3o bem conhecida pelas v\u00edtimas de campanhas racistas e xen\u00f3fobas. Qual o problema de chamar de \u201cassaltantes argentinos\u201d pessoas que vestem camisa da argentina e roubam ingressos?<\/p>\n<p>Uma mat\u00e9ria do site do Globo Esporte do dia 21 anunciava que \u201ca Copa do Mundo registrou na madrugada deste s\u00e1bado a primeira grande briga entre brasileiros e argentinos\u201d. Qual o problema de se naturalizar a briga entre representantes das duas nacionalidades, j\u00e1 insinuando que ela \u00e9 a primeira de uma s\u00e9rie?<\/p>\n<p>Temos assim exemplos nos quais o espet\u00e1culo da Copa do Mundo, a grande competi\u00e7\u00e3o entre as na\u00e7\u00f5es, mostra-se um prato cheio para que a nossa ind\u00fastria cultural alimente e se alimente da viol\u00eancia (simb\u00f3lica?). Promover a criminaliza\u00e7\u00e3o de um determinado grupo, a naturaliza\u00e7\u00e3o da viol\u00eancia e a necessidade de elimina\u00e7\u00e3o do outro: eis um mecanismo comum que se volta de diferentes maneiras para diversos atores no nosso cotidiano e para o qual \u00e9 preciso estarmos atentos.<\/p>\n<p>Enquanto na publicidade temos um exemplo que se vale do humor para tentar neutralizar qualquer possibilidade de cr\u00edtica, tem-se por outro lado a imprensa utilizando a estrat\u00e9gia do \u201crealismo\u201d, na qual o \u201crelato objetivo do fato\u201d esconde o papel ativo do jornalismo na constru\u00e7\u00e3o do discurso sobre a realidade. Dessa forma, o discurso que demoniza um determinado grupo tenta nos seduzir tanto de forma indireta (foi s\u00f3 uma piada!) como de forma direta (essa \u00e9 a verdade).<\/p>\n<p>Algu\u00e9m pode minorar o fato de que o futebol \u00e9 um fen\u00f4meno midi\u00e1tico e argumentar que essa rivalidade entre brasileiros e argentinos n\u00e3o foi criada pela m\u00eddia. T\u00e1 legal, eu aceito o argumento. O que n\u00e3o d\u00e1 para aceitar \u00e9 que nossa m\u00eddia promova tend\u00eancias \u00e0 xenofobia e ao preconceito na sua busca por vender cervejas e aumentar sua audi\u00eancia. Seu papel deveria ser problematizar e combater, ao inv\u00e9s de estimular, o espet\u00e1culo do \u00f3dio travestido de rivalidade.<\/p>\n<p><i>* Bruno Marinoni \u00e9 rep\u00f3rter do Observat\u00f3rio do Direito \u00e0 Comunica\u00e7\u00e3o, doutor em Sociologia pela UFPE e integrante do Conselho Diretor do Intervozes.<\/i><\/p>\n<p><em>Texto originalmente publicado no Blog do Intervozes na Carta Capital.<\/em><\/p>\n<\/div>\n","protected":false},"excerpt":{"rendered":"<p>N\u00e3o d\u00e1 para aceitar que nossa m\u00eddia promova tend\u00eancias \u00e0 xenofobia e ao preconceito na sua busca por vender cervejas e aumentar sua audi\u00eancia.<\/p>\n","protected":false},"author":4,"featured_media":0,"comment_status":"open","ping_status":"open","sticky":false,"template":"","format":"standard","meta":{"footnotes":""},"categories":[42],"tags":[1694],"_links":{"self":[{"href":"https:\/\/obscom.intervozes.org.br\/index.php?rest_route=\/wp\/v2\/posts\/28764"}],"collection":[{"href":"https:\/\/obscom.intervozes.org.br\/index.php?rest_route=\/wp\/v2\/posts"}],"about":[{"href":"https:\/\/obscom.intervozes.org.br\/index.php?rest_route=\/wp\/v2\/types\/post"}],"author":[{"embeddable":true,"href":"https:\/\/obscom.intervozes.org.br\/index.php?rest_route=\/wp\/v2\/users\/4"}],"replies":[{"embeddable":true,"href":"https:\/\/obscom.intervozes.org.br\/index.php?rest_route=%2Fwp%2Fv2%2Fcomments&post=28764"}],"version-history":[{"count":4,"href":"https:\/\/obscom.intervozes.org.br\/index.php?rest_route=\/wp\/v2\/posts\/28764\/revisions"}],"predecessor-version":[{"id":29183,"href":"https:\/\/obscom.intervozes.org.br\/index.php?rest_route=\/wp\/v2\/posts\/28764\/revisions\/29183"}],"wp:attachment":[{"href":"https:\/\/obscom.intervozes.org.br\/index.php?rest_route=%2Fwp%2Fv2%2Fmedia&parent=28764"}],"wp:term":[{"taxonomy":"category","embeddable":true,"href":"https:\/\/obscom.intervozes.org.br\/index.php?rest_route=%2Fwp%2Fv2%2Fcategories&post=28764"},{"taxonomy":"post_tag","embeddable":true,"href":"https:\/\/obscom.intervozes.org.br\/index.php?rest_route=%2Fwp%2Fv2%2Ftags&post=28764"}],"curies":[{"name":"wp","href":"https:\/\/api.w.org\/{rel}","templated":true}]}}