{"id":28762,"date":"2014-06-26T01:14:15","date_gmt":"2014-06-26T01:14:15","guid":{"rendered":"https:\/\/obscom.intervozes.org.br\/?p=28762"},"modified":"2015-08-30T22:10:31","modified_gmt":"2015-08-30T22:10:31","slug":"a-grande-farsa-do-avanco-em-telecom-para-a-copa","status":"publish","type":"post","link":"https:\/\/obscom.intervozes.org.br\/?p=28762","title":{"rendered":"A grande farsa do avan\u00e7o em Telecom para a Copa"},"content":{"rendered":"<p>A Copa do Mundo era uma desculpa para o Brasil resolver as quest\u00f5es de infraestrutura do Pa\u00eds. Entre elas, a de telecomunica\u00e7\u00f5es, especialmente no que diz respeito \u00e0 internet. Esse \u00e9, pelo menos, o discurso oficial. Analisando os avan\u00e7os no setor, contudo, o que se percebe \u00e9 que ficamos com os custos de garantir a transmiss\u00e3o para a FIFA, mas pouco avan\u00e7amos em amplia\u00e7\u00e3o de acesso \u00e0 conex\u00e3o ou em pre\u00e7o e em infraestrutura.<\/p>\n<p>A realidade \u00e9 que, ap\u00f3s uma queda de bra\u00e7o entre o governo brasileiro e a FIFA, a organizadora do evento venceu. Em outubro de 2012, durante a Futurecom, o ministro das Comunica\u00e7\u00f5es, Paulo Bernardo, sustentou: &#8220;Eles [FIFA] colocam tudo como infraestrutura, mas temos que negociar. E vamos fazer isso. N\u00e3o vamos ficar com a conta toda\u201d. N\u00e3o foi o que ocorreu.<\/p>\n<p>Assim como em diversas outras disputas, o governo Dilma cedeu e, por Medida Provis\u00f3ria, viabilizou a oferta de servi\u00e7o pela Telebras. A MP 600, de 28 de dezembro de 2012, definiu que a presta\u00e7\u00e3o seria feita por meio da subsidi\u00e1ria Telebras Copa.<\/p>\n<p>A Telebras tornou-se, assim, a empresa respons\u00e1vel pela constru\u00e7\u00e3o da rede de fibra \u00f3ptica que est\u00e1 sendo usada na transmiss\u00e3o de imagens de alta defini\u00e7\u00e3o (HDTV \u2013 v\u00eddeo e \u00e1udio) entre as 12 arenas e o Centro Internacional de Coordena\u00e7\u00e3o de Transmiss\u00e3o (IBC), no Rio de Janeiro. De 2012 at\u00e9 maio de 2014, a companhia investiu R$ 89,4 milh\u00f5es na implanta\u00e7\u00e3o dessa infraestrutura para atender as demandas da Copa do Mundo de 2014.<\/p>\n<p>A rubrica equivale a quase todo um ano de aporte no desenvolvimento de rede para o Plano Nacional de Banda Larga (em 2013, foram investidos R$ 112,8 milh\u00f5es no PNBL. Em 2012, o valor foi de R$ 104,4 milh\u00f5es, conforme relat\u00f3rios apresentados \u00e0 Comiss\u00e3o de Valores Mobili\u00e1rios).<\/p>\n<p>A op\u00e7\u00e3o pelo investimento em infraestrutura de transmiss\u00e3o para a Fifa parece ainda mais chocante quando se tem em mente que, at\u00e9 dezembro de 2013, a Telebras podia atender diretamente apenas 295 munic\u00edpios, onde vivem 30% da popula\u00e7\u00e3o brasileira (cerca de 18,3 milh\u00f5es de domic\u00edlios). Em 2012, a estatal atendia o PNBL em 268 munic\u00edpios. Ou seja, em um ano, a Telebras chegou apenas a 22 novos munic\u00edpios, de um universo de mais de 5 mil existentes no pa\u00eds \u2013 que, sim, tem propor\u00e7\u00f5es continentais.<\/p>\n<p>Ou seja, o desafio de interiorizar o acesso \u00e0 banda larga por meio de provedores regionais e avan\u00e7ar na concorr\u00eancia de links no atacado para for\u00e7ar para baixo os pre\u00e7os praticados ainda segue como uma promessa. E mais de mil provedores regionais de conex\u00e3o \u00e0 internet (ISPs) aguardam ansiosamente, segundo informa a pr\u00f3pria estatal, para contratar o servi\u00e7o da Telebras e oferecer acesso mais barato e de maior capacidade, nas diversas localidades nas quais as grandes operadoras ainda n\u00e3o chegaram com suas redes fixas.<\/p>\n<p>Para piorar, se coube \u00e0 Telebras investir no anel \u00f3ptico que interliga os 12 palcos dos jogos da Copa do Mundo ao centro da Fifa no Riocentro (RJ), a conta do servi\u00e7o de transmiss\u00e3o foi entregue diretamente a ele, Paulo Bernardo. Ou a n\u00f3s. Apesar de aparentemente ter esbo\u00e7ado resist\u00eancia, o ministro das Comunica\u00e7\u00f5es sentou na ponta da mesa e desembolsou R$ 110 milh\u00f5es para pagar os servi\u00e7os de telecomunica\u00e7\u00f5es e transporte de dados para a transmiss\u00e3o de \u00e1udio e v\u00eddeo durante a Copa do Mundo 2014. Mais uma vez, estamos falando do or\u00e7amento anual da Telebras para o PNBL. Enquanto a conta vai ser paga pelo contribuinte, os lucros do evento ficar\u00e3o com a Fifa.<\/p>\n<p><em>Texto originalmente publicado no Blog do Intervozes na Carta Capital.<\/em><\/p>\n","protected":false},"excerpt":{"rendered":"<p>A Telebras investiu R$ 89,4 milh\u00f5es na implanta\u00e7\u00e3o de infraestrutura para o Mundial. A rubrica equivale a quase todo um ano de aporte no desenvolvimento de rede para o Plano Nacional de Banda Larga.<\/p>\n","protected":false},"author":4,"featured_media":0,"comment_status":"open","ping_status":"open","sticky":false,"template":"","format":"standard","meta":{"footnotes":""},"categories":[42],"tags":[81],"_links":{"self":[{"href":"https:\/\/obscom.intervozes.org.br\/index.php?rest_route=\/wp\/v2\/posts\/28762"}],"collection":[{"href":"https:\/\/obscom.intervozes.org.br\/index.php?rest_route=\/wp\/v2\/posts"}],"about":[{"href":"https:\/\/obscom.intervozes.org.br\/index.php?rest_route=\/wp\/v2\/types\/post"}],"author":[{"embeddable":true,"href":"https:\/\/obscom.intervozes.org.br\/index.php?rest_route=\/wp\/v2\/users\/4"}],"replies":[{"embeddable":true,"href":"https:\/\/obscom.intervozes.org.br\/index.php?rest_route=%2Fwp%2Fv2%2Fcomments&post=28762"}],"version-history":[{"count":3,"href":"https:\/\/obscom.intervozes.org.br\/index.php?rest_route=\/wp\/v2\/posts\/28762\/revisions"}],"predecessor-version":[{"id":29185,"href":"https:\/\/obscom.intervozes.org.br\/index.php?rest_route=\/wp\/v2\/posts\/28762\/revisions\/29185"}],"wp:attachment":[{"href":"https:\/\/obscom.intervozes.org.br\/index.php?rest_route=%2Fwp%2Fv2%2Fmedia&parent=28762"}],"wp:term":[{"taxonomy":"category","embeddable":true,"href":"https:\/\/obscom.intervozes.org.br\/index.php?rest_route=%2Fwp%2Fv2%2Fcategories&post=28762"},{"taxonomy":"post_tag","embeddable":true,"href":"https:\/\/obscom.intervozes.org.br\/index.php?rest_route=%2Fwp%2Fv2%2Ftags&post=28762"}],"curies":[{"name":"wp","href":"https:\/\/api.w.org\/{rel}","templated":true}]}}