{"id":28760,"date":"2014-06-23T01:10:46","date_gmt":"2014-06-23T01:10:46","guid":{"rendered":"https:\/\/obscom.intervozes.org.br\/?p=28760"},"modified":"2015-08-30T22:12:26","modified_gmt":"2015-08-30T22:12:26","slug":"uma-torcida-e-muitas-vozes-pela-democratizacao-da-midia","status":"publish","type":"post","link":"https:\/\/obscom.intervozes.org.br\/?p=28760","title":{"rendered":"Uma torcida e muitas vozes pela democratiza\u00e7\u00e3o da m\u00eddia"},"content":{"rendered":"<div>\n<p>O futebol \u00e9 uma paix\u00e3o nacional. E o exerc\u00edcio da nossa liberdade de express\u00e3o tamb\u00e9m precisa ser. Infelizmente, a intensa campanha midi\u00e1tica em torno do Mundial no Brasil tem dado pouco espa\u00e7o a setores que apresentam, legitimamente, cr\u00edticas \u00e0 organiza\u00e7\u00e3o e realiza\u00e7\u00e3o da Copa do Mundo em nosso pa\u00eds. A grande m\u00eddia brasileira foi r\u00e1pida ao destacar os atrasos na constru\u00e7\u00e3o dos est\u00e1dios e aeroportos \u2013 se aproveitando disso para atacar o governo federal \u2013, mas deixou de lado problemas resultantes das imposi\u00e7\u00f5es da Fifa ao pa\u00eds e dos lucros estratosf\u00e9ricos que o pr\u00f3prio setor midi\u00e1tico ter\u00e1 com a Copa.<\/p>\n<p class=\"western\">A realidade \u00e9 que, mais que um grande evento esportivo, a Copa do Mundo tornou-se um gigantesco espet\u00e1culo midi\u00e1tico. Mas alguns fatos ficaram longe do centro do notici\u00e1rio nacional:<\/p>\n<p class=\"western\"><strong>* Acesso \u00e0 informa\u00e7\u00e3o sobre os impactos da Lei Geral da Copa:<\/strong> a Lei 12.663\/13 estabelece uma s\u00e9rie de exig\u00eancias para a realiza\u00e7\u00e3o do Mundial no Brasil \u2013 entre elas, o direito da Fifa e aos grupos por ela indicados terem exclusividade de vender produtos nas chamadas \u00c1reas de Restri\u00e7\u00e3o Comercial, que agregam tudo o que existe em um per\u00edmetro at\u00e9 2 km em volta dos locais oficiais de competi\u00e7\u00e3o. Pesquisa feita pela StreetNet Internacional, que re\u00fane organiza\u00e7\u00f5es de vendedores informais de diversos pa\u00edses, mostra que faltam informa\u00e7\u00f5es para a popula\u00e7\u00e3o em geral sobre as condi\u00e7\u00f5es estabelecidas pela Fifa atrav\u00e9s da Lei. Em um caso como a Copa, a informa\u00e7\u00e3o deveria ser primordial para participarmos efetivamente como cidad\u00e3os\/\u00e3s sobre o que est\u00e3o fazendo em nosso pa\u00eds e o que deixar\u00e3o para n\u00f3s como legado deste grande evento.<\/p>\n<p class=\"western\"><strong>* O monop\u00f3lio da TV Globo sobre os direitos de transmiss\u00e3o do evento: <\/strong>o neg\u00f3cio para a transmiss\u00e3o da Copa de 2014 foi fechado h\u00e1 oito anos, no final de 2006. A Globo n\u00e3o informou o valor pago \u00e0 Fifa para conquistar esse direito. Mas a parceria \u00e9 antiga: desde 1970 as duas poderosas fazem acordos entre si. Para a detentora dos direitos, tamb\u00e9m n\u00e3o importa se o valor a ser pago \u00e9 cada vez mais alto. O retorno \u00e9 garantido. S\u00f3 com o que \u00e9 pago pelos patrocinadores, a Globo embolsou cerca de R$ 1,44 bilh\u00e3o. O pre\u00e7o de tabela por cota de patroc\u00ednio era de cerca de R$ 180 milh\u00f5es. Adicione \u00e0 conta o que o grupo ganha com a retransmiss\u00e3o dos jogos para outros ve\u00edculos. Tal medida refor\u00e7a a concentra\u00e7\u00e3o de poder midi\u00e1tico deste conglomerado das comunica\u00e7\u00f5es, na contram\u00e3o de toda a luta pela democratiza\u00e7\u00e3o da comunica\u00e7\u00e3o no pa\u00eds, transformando a principal festa do futebol mundial num grande com\u00e9rcio de venda de marcas e produtos e excluindo as redes p\u00fablicas de comunica\u00e7\u00e3o de todos os pa\u00edses de poderem oferecer este produto em suas m\u00eddias aos seus respectivos povos.<\/p>\n<p class=\"western\"><strong>* Os servi\u00e7os agregados aos direitos de transmiss\u00e3o dos jogos: <\/strong>o investimento na compra dos direitos de transmiss\u00e3o tamb\u00e9m volta para a empresa de m\u00eddia com uma m\u00e3ozinha generosa do poder p\u00fablico. Um exemplo foi a festa que antecedeu o sorteio das eliminat\u00f3rias da Copa, em 2011, no Rio de Janeiro. Prefeitura e Governo do Rio pagaram R$ 30 milh\u00f5es para a Globo comandar o evento. Entre recursos p\u00fablicos e privados, o faturamento originado por toda a divulga\u00e7\u00e3o da Copa chega a um valor inestim\u00e1vel, j\u00e1 que n\u00e3o h\u00e1 transpar\u00eancia em sua divulga\u00e7\u00e3o.<\/p>\n<p class=\"western\"><strong>* Repress\u00e3o \u00e0s r\u00e1dios comunit\u00e1rias: <\/strong>enquanto os grandes grupos de comunica\u00e7\u00e3o lucram com a Copa, a Anatel (Ag\u00eancia Nacional de Telecomunica\u00e7\u00f5es) anuncia, <a class=\"external-link\" href=\"http:\/\/www.cartacapital.com.br\/200b200bpor-causa-da-copa-anatel-anuncia-aumento-da-criminalizacao-das-radios-comunitarias-2865.html\">como j\u00e1 mostrou este blog<\/a>, que, durante todo o Mundial, seu aparato de fiscaliza\u00e7\u00e3o \u2013 e repress\u00e3o \u2013 \u00e0s emissoras comunit\u00e1rias estar\u00e1 refor\u00e7ado. Em comunicado oficial enviado \u00e0s organiza\u00e7\u00f5es que trabalham com a comunica\u00e7\u00e3o comunit\u00e1ria, a ag\u00eancia anunciou que vai refor\u00e7ar a fiscaliza\u00e7\u00e3o para \u201cgarantir a viabilidade das comunica\u00e7\u00f5es para a Copa do Mundo de 2014\u201d.<\/p>\n<p class=\"western\">Diante desses fatos, \u00e9 fundamental a defesa do acesso \u00e0 informa\u00e7\u00e3o e do exerc\u00edcio da liberdade de express\u00e3o dos mais diferentes setores da popula\u00e7\u00e3o. Desde os protestos na Copa das Confedera\u00e7\u00f5es, diferentes coletivos de m\u00eddia, ao fazer a cobertura dos atos, viabilizar a transmiss\u00e3o ao vivo de protestos e apresentar imagens que desmontaram fal\u00e1cias policiais, provocaram um importante debate importante sobre a produ\u00e7\u00e3o e difus\u00e3o de informa\u00e7\u00e3o e conte\u00fados audiovisuais no pa\u00eds. Ao mesmo tempo, a m\u00eddia hegem\u00f4nica foi, ela mesma, justamente em fun\u00e7\u00e3o do hist\u00f3rico de manipula\u00e7\u00e3o da informa\u00e7\u00e3o que tem em nosso pa\u00eds, alvo de protestos em cidades como Rio de Janeiro e S\u00e3o Paulo.<\/p>\n<p class=\"western\">Tudo isso deixou muito clara a necessidade dos diferentes movimentos sociais, organiza\u00e7\u00f5es da sociedade civil, coletivos e ativistas debaterem a s\u00e9rio o tema das comunica\u00e7\u00f5es e lutarem pela democratiza\u00e7\u00e3o da m\u00eddia no pa\u00eds. Na Copa e durante outros importantes momentos da hist\u00f3ria do nosso pa\u00eds, o oligop\u00f3lio dos meios de comunica\u00e7\u00e3o invisibiliza e tenta calar as lutas populares. Mais uma vez, em rela\u00e7\u00e3o ao direito \u00e0 comunica\u00e7\u00e3o, \u00e9 a popula\u00e7\u00e3o que est\u00e1 perdendo a partida. E virar este jogo \u00e9 um desafio de depende de cada um\/a de n\u00f3s.<\/p>\n<p class=\"western\"><em>Texto originalmente publicado no Blog do Intervozes na Carta Capital.<\/em><\/p>\n<\/div>\n","protected":false},"excerpt":{"rendered":"<p>A imprensa comercial foi r\u00e1pida ao destacar os atrasos nos est\u00e1dios e aeroportos, mas deixou de lado as imposi\u00e7\u00f5es da Fifa e os lucros do pr\u00f3prio setor midi\u00e1tico.<\/p>\n","protected":false},"author":4,"featured_media":0,"comment_status":"open","ping_status":"open","sticky":false,"template":"","format":"standard","meta":{"footnotes":""},"categories":[42],"tags":[327],"_links":{"self":[{"href":"https:\/\/obscom.intervozes.org.br\/index.php?rest_route=\/wp\/v2\/posts\/28760"}],"collection":[{"href":"https:\/\/obscom.intervozes.org.br\/index.php?rest_route=\/wp\/v2\/posts"}],"about":[{"href":"https:\/\/obscom.intervozes.org.br\/index.php?rest_route=\/wp\/v2\/types\/post"}],"author":[{"embeddable":true,"href":"https:\/\/obscom.intervozes.org.br\/index.php?rest_route=\/wp\/v2\/users\/4"}],"replies":[{"embeddable":true,"href":"https:\/\/obscom.intervozes.org.br\/index.php?rest_route=%2Fwp%2Fv2%2Fcomments&post=28760"}],"version-history":[{"count":2,"href":"https:\/\/obscom.intervozes.org.br\/index.php?rest_route=\/wp\/v2\/posts\/28760\/revisions"}],"predecessor-version":[{"id":29186,"href":"https:\/\/obscom.intervozes.org.br\/index.php?rest_route=\/wp\/v2\/posts\/28760\/revisions\/29186"}],"wp:attachment":[{"href":"https:\/\/obscom.intervozes.org.br\/index.php?rest_route=%2Fwp%2Fv2%2Fmedia&parent=28760"}],"wp:term":[{"taxonomy":"category","embeddable":true,"href":"https:\/\/obscom.intervozes.org.br\/index.php?rest_route=%2Fwp%2Fv2%2Fcategories&post=28760"},{"taxonomy":"post_tag","embeddable":true,"href":"https:\/\/obscom.intervozes.org.br\/index.php?rest_route=%2Fwp%2Fv2%2Ftags&post=28760"}],"curies":[{"name":"wp","href":"https:\/\/api.w.org\/{rel}","templated":true}]}}