{"id":28755,"date":"2014-06-12T00:57:49","date_gmt":"2014-06-12T00:57:49","guid":{"rendered":"https:\/\/obscom.intervozes.org.br\/?p=28755"},"modified":"2015-08-30T22:14:57","modified_gmt":"2015-08-30T22:14:57","slug":"midia-e-forcas-de-seguranca-em-guerra-contra-criticos","status":"publish","type":"post","link":"https:\/\/obscom.intervozes.org.br\/?p=28755","title":{"rendered":"M\u00eddia e for\u00e7as de seguran\u00e7a em guerra contra cr\u00edticos"},"content":{"rendered":"<p class=\"western\"><b>Por Bruno Marinoni*<\/b><\/p>\n<p>Acordei nesta quarta, dia 11, com a not\u00edcia de que a pol\u00edcia estava levando para deten\u00e7\u00e3o um punhado de ativistas, dentre eles, dois midialivristas (Tiago Rocha e Eduardo Castro). As justificativas estavam relacionadas \u00e0 convoca\u00e7\u00e3o de manifesta\u00e7\u00f5es, forma\u00e7\u00e3o de quadrilha, incita\u00e7\u00e3o \u00e0 viol\u00eancia e compra irregular de fogos de artif\u00edcio. Em outras palavras, algo que poderia facilmente se dizer de qualquer grupo que se organize para assistir a uma partida de futebol.<\/p>\n<p class=\"western\">Desde a quarta s\u00e9rie, tenho problemas de concentra\u00e7\u00e3o em v\u00e9spera e em dia de jogo do Brasil. A equa\u00e7\u00e3o que come\u00e7ou a se formar na minha cabe\u00e7a ap\u00f3s ler a not\u00edcia que envolvia 10 pessoas detidas, 14 delegacias, 17 mandados de deten\u00e7\u00e3o, busca e apreens\u00e3o, 15 mil homens extras nas ruas do Rio de Janeiro (entre policiais e militares), 15 mil seguran\u00e7as privados contratados pela Fifa, 57 mil homens das For\u00e7as Armadas mobilizados pelo pa\u00eds, 100 mil homens das pol\u00edcias estaduais e federais, 12 prefeituras, 11 governos estaduais, 1 Distrito Federal, 1 governo federal, 1 federa\u00e7\u00e3o internacional de futebol, 1 rede nacional de televis\u00e3o, X empreiteiras, Y marcas de cerveja&#8230; N\u00e3o consegui fazer o c\u00e1lculo. O resultado, por\u00e9m, me pareceu assustador.<\/p>\n<p class=\"western\">Suspeitei que estivesse havendo algum \u201cexcesso\u201d. Afinal, que perigo representariam um punhado de garotos liderados pela famosa Sininho?! A fadinha das hist\u00f3rias infantis \u00e9 conhecida (apropriadamente ou n\u00e3o) por ser a mentora intelectual do grupo conhecido como \u201cgarotos perdidos\u201d (vulgo Black Blocks), que t\u00eam por objetivo principal da vida promover a anarquia na Terra do Nunca (vulgo, Copa do Mundo). Teve sua foto estampada na capa d\u2019O Globo no ano passado, como se fosse uma bandida. Nunca lhe deram o direito de resposta. Mas ela n\u00e3o foi a \u00fanica. O jornal tamb\u00e9m estampou a condena\u00e7\u00e3o pr\u00e9via de diversos ativistas, sob o t\u00edtulo nada discreto \u201cCrime e Castigo\u201d, em outubro, quando 70 dos 190 presos em uma manifesta\u00e7\u00e3o no centro do Rio foram indiciados pela nova lei do crime organizado.<\/p>\n<p class=\"western\"><b>Not\u00edcias do front<\/b><\/p>\n<p class=\"western\">De acordo com o relat\u00f3rio \u201cViola\u00e7\u00f5es \u00e0 Liberdade de Express\u00e3o\u201d, publicado pela Artigo 19, agentes do Estado (pol\u00edcia, pol\u00edticos e agentes p\u00fablicos) estariam envolvidos em 23 (77%) dos casos graves de viol\u00eancia contra comunicadores registrados em 2013 como mandantes. Uma boa amostra da participa\u00e7\u00e3o e disposi\u00e7\u00e3o do Estado no projeto de silenciamento da sociedade em \u201cdias normais\u201d.<\/p>\n<p class=\"western\">Agora, j\u00e1 \u00e9 tarde para afirmar: imagina na Copa! Pode-se dizer que o juiz j\u00e1 apitou e foi dada a partida. Os detidos de ontem, embora j\u00e1 liberados, est\u00e3o tendo a suas vidas devassadas. As opera\u00e7\u00f5es policiais convergiram para a Delegacia de Repress\u00e3o aos Crimes de Inform\u00e1tica (DRCI) e seus computadores est\u00e3o sendo vasculhados. Curiosamente, ningu\u00e9m os acusou ainda de tr\u00e1fico de p\u00f3 de pirilimpimpim. Liberdade de express\u00e3o e privacidade que se v\u00e3o para as cucuias!<\/p>\n<p class=\"western\">A opera\u00e7\u00e3o de criminaliza\u00e7\u00e3o e intimida\u00e7\u00e3o est\u00e1 em processo. Re\u00fane um amplo espectro partid\u00e1rio que vai dos governos do DEM aos do PT, mobilizando todo o aparelho repressivo do Estado. J\u00e1 havia acontecido algo semelhante na ter\u00e7a-feira (10), no Distrito Federal, quando membros do Comit\u00ea Popular da Copa foram \u201cvisitados\u201d por supostos fiscais do Tribunal Regional Eleitoral (TRE), o que mobilizou a Anistia Internacional e a OAB na defesa das liberdades pol\u00edticas. At\u00e9 agora o caso n\u00e3o foi esclarecido.<\/p>\n<p class=\"western\">De um lado, o interesse econ\u00f4mico das empresas e corruptos (lucro da Fifa, dos patrocinadores, das empreiteiras, da m\u00eddia etc) e, de outro, o interesse pol\u00edtico dos governos e partidos no poder (c\u00e1lculo eleitoral e afirma\u00e7\u00e3o ideol\u00f3gica de projetos pol\u00edticos) precisam, nesse contexto, de um grande discurso autorit\u00e1rio capaz de sintetizar as variadas dimens\u00f5es do ufanismo e do terror que podem paralisar e mobilizar a popula\u00e7\u00e3o. Para isso, por\u00e9m, n\u00e3o operam sozinhos. Obviamente, os donos da m\u00eddia, propriet\u00e1rios dos meios de produ\u00e7\u00e3o de ideologias, n\u00e3o deixariam nossos caros conservadores na m\u00e3o.<\/p>\n<p class=\"western\"><b>Propaganda de guerra<\/b><\/p>\n<p class=\"western\">Vejamos as principais manchetes da p\u00e1gina na internet d\u2019O Globo que se referem \u00e0 Copa do Mundo na noite do dia 11, v\u00e9spera da abertura da Copa: \u201cPol\u00edcia do Rio investiga ativistas ligados a Black Block\u201d, \u201cProtestos no dia da abertura preocupam For\u00e7as Armadas\u201d, \u201cDilma: n\u00e3o teremos toler\u00e2ncia com vandalismo\u201d, \u201cMetrovi\u00e1rios de SP descartam greve na abertura da Copa\u201d e \u201cEm clima de Mundial, Congresso fica esvaziado na v\u00e9spera\u201d.<\/p>\n<p class=\"western\">O recado est\u00e1 dado: as for\u00e7as de seguran\u00e7a est\u00e3o mobilizadas para deter \u201cativistas, v\u00e2ndalos e manifestantes\u201d; estes est\u00e3o mobilizados e preocupam as for\u00e7as de seguran\u00e7a; o resto da sociedade se mobiliza para assistir a Copa. Cada um no seu quadrado. No quadrado do discurso da m\u00eddia, esquadrinhou-se o lugar dos \u201ccriminosos\u201d e dos \u201ccidad\u00e3os de bem\u201d (vulgo, torcedores). Chamem a pol\u00edcia, o Ex\u00e9rcito, a Marinha e a Aeron\u00e1utica para garantir uma dist\u00e2ncia segura!<\/p>\n<p class=\"western\">Uma das mat\u00e9rias da segunda-feira (9) do mesmo jornal poderia ser considerada um verdadeiro desfile militar impresso. A manchete dizia praticamente tudo que desfila pelas linhas que se seguem: \u201cMilitares assumem policiamento de estradas, aeroportos, hot\u00e9is e centros de treinamento\u201d. Nunca antes na hist\u00f3ria desse pa\u00eds&#8230; Ou, quem sabe, nos tempos de Ditadura Civil-Militar.<\/p>\n<p class=\"western\">Esse mesmo grupo que fomenta o discurso ideol\u00f3gico da criminaliza\u00e7\u00e3o e intimida\u00e7\u00e3o tem tido, al\u00e9m dos lucros advindos da exclusividade de transmiss\u00e3o (leia-se monop\u00f3lio), alguns benef\u00edcios dos nossos beneficentes governantes. Segundo mat\u00e9ria do portal UOL de fevereiro, a prefeitura do Rio de Janeiro vai gastar, por meio da Rio Eventos, mais de R$ 3,8 milh\u00f5es em um est\u00fadio de TV em Copacabana para emissoras privadas cobrirem a Copa do Mundo. Assim, quem se beneficia com o dinheiro p\u00fablico \u00e9 a Rede Globo, que det\u00e9m os direitos de transmiss\u00e3o no Brasil. Al\u00e9m disso, utiliza o espa\u00e7o da Universidade do Estado do Rio de Janeiro (UERJ) para realizar a cobertura. Apropria\u00e7\u00e3o privada do bem p\u00fablico, voc\u00ea v\u00ea por aqui! Plim-plim.<\/p>\n<p class=\"western\">Enquanto isso, a direita tradicional vem a p\u00fablico dizer que se a Copa n\u00e3o der certo a culpa \u00e9 do governo federal. O governo federal e seus defensores v\u00eam a p\u00fablico dizer que se a Copa n\u00e3o der certo a culpa \u00e9 da direita e dos manifestantes. Espremidos em meio \u00e0 politicagem e a m\u00e1fia das megacorpora\u00e7\u00f5es encontram-se os removidos, os silenciados, os devassados, os manifestantes, os grevistas, os NINJAS e uma s\u00e9rie de sujeitos de uma sociedade em ebuli\u00e7\u00e3o.<\/p>\n<p class=\"western\"><i>* Bruno Marinoni \u00e9 rep\u00f3rter do Observat\u00f3rio do Direito \u00e0 Comunica\u00e7\u00e3o, doutor em Sociologia pela UFPE e integrante do Conselho Diretor do Intervozes.<\/i><\/p>\n<p class=\"western\"><em>Texto originalmente publicado no Blog do Intervozes na Carta Capital.<\/em><\/p>\n","protected":false},"excerpt":{"rendered":"<p>A opera\u00e7\u00e3o contra a liberdade de manifesta\u00e7\u00e3o come\u00e7ou. O Intervozes entra no clima da Copa para falar das viola\u00e7\u00f5es de direitos pelo Pa\u00eds. <\/p>\n","protected":false},"author":4,"featured_media":0,"comment_status":"open","ping_status":"open","sticky":false,"template":"","format":"standard","meta":{"footnotes":""},"categories":[42],"tags":[1694],"_links":{"self":[{"href":"https:\/\/obscom.intervozes.org.br\/index.php?rest_route=\/wp\/v2\/posts\/28755"}],"collection":[{"href":"https:\/\/obscom.intervozes.org.br\/index.php?rest_route=\/wp\/v2\/posts"}],"about":[{"href":"https:\/\/obscom.intervozes.org.br\/index.php?rest_route=\/wp\/v2\/types\/post"}],"author":[{"embeddable":true,"href":"https:\/\/obscom.intervozes.org.br\/index.php?rest_route=\/wp\/v2\/users\/4"}],"replies":[{"embeddable":true,"href":"https:\/\/obscom.intervozes.org.br\/index.php?rest_route=%2Fwp%2Fv2%2Fcomments&post=28755"}],"version-history":[{"count":3,"href":"https:\/\/obscom.intervozes.org.br\/index.php?rest_route=\/wp\/v2\/posts\/28755\/revisions"}],"predecessor-version":[{"id":29189,"href":"https:\/\/obscom.intervozes.org.br\/index.php?rest_route=\/wp\/v2\/posts\/28755\/revisions\/29189"}],"wp:attachment":[{"href":"https:\/\/obscom.intervozes.org.br\/index.php?rest_route=%2Fwp%2Fv2%2Fmedia&parent=28755"}],"wp:term":[{"taxonomy":"category","embeddable":true,"href":"https:\/\/obscom.intervozes.org.br\/index.php?rest_route=%2Fwp%2Fv2%2Fcategories&post=28755"},{"taxonomy":"post_tag","embeddable":true,"href":"https:\/\/obscom.intervozes.org.br\/index.php?rest_route=%2Fwp%2Fv2%2Ftags&post=28755"}],"curies":[{"name":"wp","href":"https:\/\/api.w.org\/{rel}","templated":true}]}}