{"id":28740,"date":"2015-08-17T20:30:40","date_gmt":"2015-08-17T20:30:40","guid":{"rendered":"https:\/\/obscom.intervozes.org.br\/?p=28740"},"modified":"2015-08-30T20:26:13","modified_gmt":"2015-08-30T20:26:13","slug":"os-protestos-de-domingo-e-a-estrategia-da-globo","status":"publish","type":"post","link":"https:\/\/obscom.intervozes.org.br\/?p=28740","title":{"rendered":"Os protestos de domingo e a estrat\u00e9gia da Globo"},"content":{"rendered":"<p><strong>Por Gustavo Gindre*<\/strong><\/p>\n<p>Muita gente estranhou o recente comportamento da Globo, depois de uma conversa de dirigentes da empresa com senadores petistas. O grupo passou a moderar sua cobertura do governo Dilma e, em editorial do jornal impresso <em>O Globo<\/em>, chegou a pedir que as for\u00e7as pol\u00edticas atuem em prol da governabilidade. Da surpresa surgiram diversas explica\u00e7\u00f5es estapaf\u00fardias. De um lado, petistas achando que a Globo teria se rendido \u00e0 for\u00e7a dos governos do PT. De outro lado, nas passeatas deste domingo 16, houve quem dissesse que a Globo era comunista.<\/p>\n<p>Na verdade, n\u00e3o deveria haver surpresa alguma. A Globo faz o que sempre fez. Atua a favor de seus pr\u00f3prios interesses, quase como se fosse um partido pol\u00edtico. Tra\u00e7a uma estrat\u00e9gia, analisa a conjuntura e faz alian\u00e7as de curto, m\u00e9dio e longo prazo. E a cobertura da emissora dos protestos deste final de semana n\u00e3o nega este racioc\u00ednio.<\/p>\n<p>No segundo mandato de Dilma, quando percebeu que a <a href=\"http:\/\/www.cartacapital.com.br\/operacao-lava-jato\" target=\"_blank\">Opera\u00e7\u00e3o Lava Jato<\/a> teria potencial para derrubar o governo, a Globo chegou a flertar com a hip\u00f3tese de impeachment. Com isso, seus notici\u00e1rios recrudesceram a cobertura e a ordem, aos seus obedientes jornalistas, era criticar o governo de todos os modos poss\u00edveis. Mas a Globo se assustou, tanto com o crescimento de <a href=\"http:\/\/www.cartacapital.com.br\/revista\/849\/cunha-e-o-caos-336.html\" target=\"_blank\">Eduardo Cunha<\/a> quanto com o festival de posi\u00e7\u00f5es reacion\u00e1rias ensandecidas que foi \u00e0s ruas contra o governo.<\/p>\n<p>No caso de Cunha, preocupa tanto sua liga\u00e7\u00e3o com o pentecostalismo (do qual a Globo nunca foi muito pr\u00f3xima) quanto o fato de ele parecer ter agenda pr\u00f3pria, descolada do establishment da pol\u00edtica nacional \u2013 al\u00e9m de fazer pol\u00edtica com o f\u00edgado.<\/p>\n<p>A \u00faltima experi\u00eancia da Globo em apoiar algu\u00e9m com um perfil semelhante (Collor) acabou n\u00e3o sendo boa para os interesses dos Marinho. Collor se virou contra a emissora, que o criara como \u201cca\u00e7ador de maraj\u00e1s\u201d, tentou articular a constru\u00e7\u00e3o de um imp\u00e9rio pr\u00f3prio nas comunica\u00e7\u00f5es e acabou apeado do poder com ajuda fundamental da pr\u00f3pria Globo. Outra iniciativa deste tipo s\u00f3 ser\u00e1 tentada se n\u00e3o houver alternativas, o que n\u00e3o \u00e9 o caso.<\/p>\n<p>Foi, ent\u00e3o, que a Globo concluiu que manter um governo petista em frangalhos pode ser um bom neg\u00f3cio. Fr\u00e1gil, lutando para sobreviver, o governo Dilma pode aceitar uma agenda imposta de fora para dentro, que acentue a virada liberal iniciada com a chegada de Levy ao governo. Ficariam na conta do governo Dilma as pol\u00edticas impopulares dessa virada liberal, o que de resto teria a vantagem de liquidar as chances de um novo governo petista em 2018.<\/p>\n<p><strong>Plano B<\/strong><\/p>\n<p>Ao mesmo tempo que aposta na governabilidade, a Globo sabe que mais den\u00fancias da Lava Jato podem acabar inviabilizando de vez o governo Dilma. A\u00ed \u00e9 necess\u00e1rio construir um plano B. A alternativa seria um governo Temer, absolutamente submisso aos interesses do grande capital, defendidos pela Globo. Mas, para que Temer possa governar com tranquilidade, \u00e9 preciso neutralizar Eduardo Cunha. Para isso, foi escalado o presidente do Senado, Renan Calheiros. A Globo conta, tamb\u00e9m, que a Opera\u00e7\u00e3o Lava Jato acabe, enfim, alcan\u00e7ando tamb\u00e9m o presidente da C\u00e2mara.<\/p>\n<p>Contribui ainda para a an\u00e1lise da Globo a percep\u00e7\u00e3o de que os tucanos n\u00e3o conseguiram galvanizar a crise do governo Dilma e acabaram a reboque da extrema-direita, que tomou as ruas. Definitivamente, o PSDB foi uma decep\u00e7\u00e3o para os interesses defendidos pela Globo.<\/p>\n<p>O que impressiona mesmo \u00e9 que o restante dos grandes grupos de m\u00eddia (exceto a Record) n\u00e3o consiga ter uma agenda pr\u00f3pria e, nos momentos cr\u00edticos, abaixe a cabe\u00e7a e siga o rumo definido pelos Marinho. No fundo, eles reconhecem seu car\u00e1ter ancilar e o predom\u00ednio avassalador da Globo.<\/p>\n<p><strong>Hist\u00f3ria<\/strong><\/p>\n<p>Para entender o comportamento da Globo, \u00e9 preciso analisar um pouco de nossa hist\u00f3ria recente. At\u00e9 a d\u00e9cada de 70, a imprensa brasileira era criada a partir de interesses da vida partid\u00e1ria. Havia o jornal getulista, o peri\u00f3dico lacerdista, etc. Mas o surgimento da TV Globo muda esse cen\u00e1rio.<\/p>\n<p>J\u00e1 no in\u00edcio dos anos 70, setores dentro da ditadura come\u00e7aram a se preocupar com o crescimento da Globo e com o fato de que ela viesse a construir uma agenda pr\u00f3pria, n\u00e3o necessariamente dependente dos militares. Esses setores acabaram derrotados por aliados da Globo, como o ent\u00e3o Ministro da Justi\u00e7a, Armando Falc\u00e3o, e a Globo teve carta branca para crescer, com todo o apoio, inclusive financeiro, do Estado brasileiro.<\/p>\n<p>A Globo ainda chegou a retribuir o apoio da ditadura no caso Proconsult e na cobertura das Diretas J\u00e1, mas pagou caro, sendo hostilizada nas ruas. Desde ent\u00e3o, o grupo percebeu a utilidade de ter uma agenda pr\u00f3pria. Foi assim, por exemplo, que a Globo apoiou a Nova Rep\u00fablica e recebeu em troca o Minist\u00e9rio das Comunica\u00e7\u00f5es, dado ao homem de confian\u00e7a, Ant\u00f4nio Carlos Magalh\u00e3es (o \u00fanico ministro civil escolhido por Tancredo que ficou at\u00e9 o final do governo Sarney, demonstrando a for\u00e7a dos Marinho).<\/p>\n<p>Mas, veio, ent\u00e3o, a op\u00e7\u00e3o Collor, que se revelou um desastre. Collor usou laranjas para comprar a TV Manchete, construir a OM (hoje uma p\u00e1lida sombra chamada CNT) e a TV Jovem Pan, e ajudou Edir Macedo a montar a Record. Obviamente a Globo percebeu a movimenta\u00e7\u00e3o de Collor e PC Farias e entrou de vez na canoa da oposi\u00e7\u00e3o, definindo o jogo a favor do impeachment.<\/p>\n<p>Sob a dire\u00e7\u00e3o dos filhos de Roberto Marinho, mais pragm\u00e1ticos que o pai, a Globo percebeu a vantagem de n\u00e3o tentar movimentos bruscos, aceitar alguns fatos da pol\u00edtica e procurar tirar vantagem deles. Foi assim que \u201caceitou\u201d a vit\u00f3ria de Lula em 2002, mas tratou de garantir que seus interesses n\u00e3o seriam afetados. A ida de Luiz In\u00e1cio ao Jornal Nacional, logo ap\u00f3s a vit\u00f3ria, sinalizou que o novo mandat\u00e1rio havia entendido o recado.<\/p>\n<p>Em 2006, no auge do &#8220;mensal\u00e3o&#8221;, a Globo novamente demonstrou como atua na pol\u00edtica. Bateu bastante no governo. N\u00e3o ao ponto de criar uma crise institucional ou de inviabilizar a reelei\u00e7\u00e3o de Lula. Mas, o suficiente para que o presidente nomeasse um ex-empregado da Globo como Ministro das Comunica\u00e7\u00f5es (H\u00e9lio Costa), acatando todas as demandas da empresa e garantindo um decreto presidencial para a transi\u00e7\u00e3o \u00e0 TV digital que liquidou qualquer expectativa democratizante. A Globo trocou inteligentemente a reelei\u00e7\u00e3o de Lula pela manuten\u00e7\u00e3o de seu absoluto predom\u00ednio na TV aberta (ainda a galinha dos ovos de ouro).<\/p>\n<p>E assim chegamos \u00e0s elei\u00e7\u00f5es de 2014. Em 2012 (R$ 2,9 bilh\u00f5es), 2013 (R$ 2,6 bilh\u00f5es) e 2014 (R$ 2,3 bilh\u00f5es), mesmo com a crise econ\u00f4mica, a Globo teve sucessivamente o maior lucro l\u00edquido de uma empresa de capital fechado no Brasil. Ficou para tr\u00e1s o per\u00edodo do in\u00edcio dos anos 2000, onde a empresa dos Marinho quase quebrou. A Globo hoje \u00e9 uma pot\u00eancia econ\u00f4mica sem paralelo nas comunica\u00e7\u00f5es brasileiras. Nunca houve um grupo de m\u00eddia com tanto poder pol\u00edtico e econ\u00f4mico.<\/p>\n<p>Seu \u00fanico desafio \u00e9 o cen\u00e1rio de converg\u00eancia, que atrai ainda mais grupos estrangeiros e aumenta a influ\u00eancia da internet.<\/p>\n<p>Mas, na pol\u00edtica, n\u00e3o h\u00e1 com que se preocupar, especialmente com um governo fraco. Foi por isso que, ao contr\u00e1rio do que pensavam alguns petistas, a Globo n\u00e3o usou o Jornal Nacional da v\u00e9spera do domingo do segundo turno para tentar uma bala de prata contra Dilma. Por que a Globo se arriscaria a tanto? O que ela teria a perder com Dilma no poder? A resposta vem sendo dada agora, com a atual crise: nada!<\/p>\n<p>O que vivemos hoje \u00e9 a consequ\u00eancia da op\u00e7\u00e3o dos sucessivos governos do PT em compor com os interesses dos grandes grupos de m\u00eddia e n\u00e3o alterar a estrutura do sistema midi\u00e1tico brasileiro; em <a href=\"http:\/\/www.cartacapital.com.br\/blogs\/intervozes\/governo-enterrou-de-novo-o-debate-da-regulacao-da-midia-3331.html\" target=\"_blank\">n\u00e3o enfrentar a agenda da regula\u00e7\u00e3o das comunica\u00e7\u00f5es<\/a>; em aceitar tacitamente <a href=\"http:\/\/www.cartacapital.com.br\/blogs\/intervozes\/regulacao-da-midia-nao-e-censura-2340.html\" target=\"_blank\">a mentira de que um novo marco regulat\u00f3rio seria uma forma de censura<\/a>.<\/p>\n<p>Agora, acuado pelas crises econ\u00f4mica e pol\u00edtica, n\u00e3o h\u00e1 muita esperan\u00e7a de que este governo venha a adotar qualquer iniciativa para quebrar a nefasta influ\u00eancia que a Globo exerce sobre a pol\u00edtica nacional. Ao contr\u00e1rio, o governo \u00e9 cada vez mais ref\u00e9m dos interesses dos Marinho e busca apenas a sua sobreviv\u00eancia at\u00e9 2018.<\/p>\n<p>Aos militantes em prol da democratiza\u00e7\u00e3o da comunica\u00e7\u00e3o, cabe a tarefa de manter viva essa luta e seguir acreditando que um dia acertaremos e ser\u00e1 cumprida essa tarefa imprescind\u00edvel para a efetiva constru\u00e7\u00e3o de nossa democracia. Apesar da Globo.<\/p>\n<p><em>* Gustavo Gindre \u00e9 jornalista e integrante do Intervozes.<\/em><\/p>\n<p><em>Texto originalmente publicado no Blog do Intervozes na Carta Capital.<\/em><\/p>\n","protected":false},"excerpt":{"rendered":"<p>A cobertura das manifesta\u00e7\u00f5es pelos ve\u00edculos do grupo reafirma a op\u00e7\u00e3o da emissora pela chamada governabilidade. Para a Globo, manter um governo petista em frangalhos pode ser um bom neg\u00f3cio<\/p>\n","protected":false},"author":3,"featured_media":0,"comment_status":"open","ping_status":"open","sticky":false,"template":"","format":"standard","meta":{"footnotes":""},"categories":[42],"tags":[313],"_links":{"self":[{"href":"https:\/\/obscom.intervozes.org.br\/index.php?rest_route=\/wp\/v2\/posts\/28740"}],"collection":[{"href":"https:\/\/obscom.intervozes.org.br\/index.php?rest_route=\/wp\/v2\/posts"}],"about":[{"href":"https:\/\/obscom.intervozes.org.br\/index.php?rest_route=\/wp\/v2\/types\/post"}],"author":[{"embeddable":true,"href":"https:\/\/obscom.intervozes.org.br\/index.php?rest_route=\/wp\/v2\/users\/3"}],"replies":[{"embeddable":true,"href":"https:\/\/obscom.intervozes.org.br\/index.php?rest_route=%2Fwp%2Fv2%2Fcomments&post=28740"}],"version-history":[{"count":8,"href":"https:\/\/obscom.intervozes.org.br\/index.php?rest_route=\/wp\/v2\/posts\/28740\/revisions"}],"predecessor-version":[{"id":29079,"href":"https:\/\/obscom.intervozes.org.br\/index.php?rest_route=\/wp\/v2\/posts\/28740\/revisions\/29079"}],"wp:attachment":[{"href":"https:\/\/obscom.intervozes.org.br\/index.php?rest_route=%2Fwp%2Fv2%2Fmedia&parent=28740"}],"wp:term":[{"taxonomy":"category","embeddable":true,"href":"https:\/\/obscom.intervozes.org.br\/index.php?rest_route=%2Fwp%2Fv2%2Fcategories&post=28740"},{"taxonomy":"post_tag","embeddable":true,"href":"https:\/\/obscom.intervozes.org.br\/index.php?rest_route=%2Fwp%2Fv2%2Ftags&post=28740"}],"curies":[{"name":"wp","href":"https:\/\/api.w.org\/{rel}","templated":true}]}}