{"id":27728,"date":"2014-07-31T18:37:48","date_gmt":"2014-07-31T18:37:48","guid":{"rendered":"https:\/\/obscom.intervozes.org.br\/wordpress\/?p=27728"},"modified":"2014-09-09T05:07:43","modified_gmt":"2014-09-09T05:07:43","slug":"atos-publicos-defendem-direito-de-protestar-no-brasil","status":"publish","type":"post","link":"https:\/\/obscom.intervozes.org.br\/?p=27728","title":{"rendered":"Atos p\u00fablicos defendem direito de protestar no Brasil"},"content":{"rendered":"<p>O ato p\u00fablico \u201cProtestar n\u00e3o \u00e9 crime\u201d foi realizado em diversas capitais brasileiras no dia 30 de julho. A manifesta\u00e7\u00e3o, que defende o direito \u00e0 livre express\u00e3o, condena tamb\u00e9m as pris\u00f5es arbitr\u00e1rias de pessoas que participaram de manifesta\u00e7\u00f5es no \u00faltimo ano.<\/p>\n<p><!--more--><\/p>\n<p>As pris\u00f5es de manifestantes s\u00e3o apontadas por entidades de defesa de direitos humanos e movimentos sociais como inconsistentes, ilegais e pol\u00edticas, baseadas em acusa\u00e7\u00f5es improcedentes e provas forjadas. Em S\u00e3o Paulo, quatro pessoas continuam presas at\u00e9 o momento. No Rio de Janeiro, na v\u00e9spera da final da Copa do Mundo, 21 indiv\u00edduos foram detidos (soltos cerca de 12 dias depois). No dia seguinte, cerca de 500 manifestantes foram submetidos ao c\u00e1rcere privado da Pol\u00edcia Militar por cerca de quatro horas em plena pra\u00e7a Saens Pe\u00f1a, sem direito a ir e vir, e atacados com gases, sprays e cassetetes.<\/p>\n<p>Rio de Janeiro, S\u00e3o Paulo, Fortaleza e Goi\u00e2nia foram algumas das cidades que organizaram a a\u00e7\u00e3o do dia 30. Na capital fluminense, algumas faixas, cartazes e palavras de ordem se referiam \u00e0s rela\u00e7\u00f5es da Rede Globo com os governos autorit\u00e1rios e ditatoriais. Em uma faixa estava escrito, logo ap\u00f3s o s\u00edmbolo da emissora, \u201cSensacionalismo com a dor do povo\u201d. Na capital paulista, o ato praticamente n\u00e3o teve a presen\u00e7a da PM.<\/p>\n<p><strong>Relatores internacionais<\/strong><\/p>\n<p>Est\u00e1 previsto para o dia 18 de agosto, na Faculdade de Direito da Universidade de S\u00e3o Paulo (USP), um debate com os relatores especiais para a liberdade de express\u00e3o da ONU e da OEA. Com o tema &#8220;Liberdade de express\u00e3o: na m\u00eddia, nas redes e nas ruas&#8221;, o evento deve tratar do tema da viol\u00eancia contra comunicadores e dos acontecimentos relacionados \u00e0 express\u00e3o das manifesta\u00e7\u00f5es de rua no Brasil<\/p>\n","protected":false},"excerpt":{"rendered":"<p>O ato p\u00fablico \u201cProtestar n\u00e3o \u00e9 crime\u201d foi realizado em diversas capitais brasileiras no dia 30 de julho. A manifesta\u00e7\u00e3o, que defende o direito \u00e0 livre express\u00e3o, condena tamb\u00e9m as pris\u00f5es arbitr\u00e1rias de pessoas que participaram de manifesta\u00e7\u00f5es no \u00faltimo ano.<\/p>\n","protected":false},"author":1,"featured_media":28363,"comment_status":"open","ping_status":"open","sticky":false,"template":"","format":"standard","meta":{"footnotes":""},"categories":[40],"tags":[90],"_links":{"self":[{"href":"https:\/\/obscom.intervozes.org.br\/index.php?rest_route=\/wp\/v2\/posts\/27728"}],"collection":[{"href":"https:\/\/obscom.intervozes.org.br\/index.php?rest_route=\/wp\/v2\/posts"}],"about":[{"href":"https:\/\/obscom.intervozes.org.br\/index.php?rest_route=\/wp\/v2\/types\/post"}],"author":[{"embeddable":true,"href":"https:\/\/obscom.intervozes.org.br\/index.php?rest_route=\/wp\/v2\/users\/1"}],"replies":[{"embeddable":true,"href":"https:\/\/obscom.intervozes.org.br\/index.php?rest_route=%2Fwp%2Fv2%2Fcomments&post=27728"}],"version-history":[{"count":2,"href":"https:\/\/obscom.intervozes.org.br\/index.php?rest_route=\/wp\/v2\/posts\/27728\/revisions"}],"predecessor-version":[{"id":28364,"href":"https:\/\/obscom.intervozes.org.br\/index.php?rest_route=\/wp\/v2\/posts\/27728\/revisions\/28364"}],"wp:featuredmedia":[{"embeddable":true,"href":"https:\/\/obscom.intervozes.org.br\/index.php?rest_route=\/wp\/v2\/media\/28363"}],"wp:attachment":[{"href":"https:\/\/obscom.intervozes.org.br\/index.php?rest_route=%2Fwp%2Fv2%2Fmedia&parent=27728"}],"wp:term":[{"taxonomy":"category","embeddable":true,"href":"https:\/\/obscom.intervozes.org.br\/index.php?rest_route=%2Fwp%2Fv2%2Fcategories&post=27728"},{"taxonomy":"post_tag","embeddable":true,"href":"https:\/\/obscom.intervozes.org.br\/index.php?rest_route=%2Fwp%2Fv2%2Ftags&post=27728"}],"curies":[{"name":"wp","href":"https:\/\/api.w.org\/{rel}","templated":true}]}}