{"id":27721,"date":"2014-05-26T09:35:41","date_gmt":"2014-05-26T09:35:41","guid":{"rendered":"https:\/\/obscom.intervozes.org.br\/wordpress\/?p=27721"},"modified":"2015-08-30T22:19:41","modified_gmt":"2015-08-30T22:19:41","slug":"ser-rico-e-dono-da-midia-que-mal-tem","status":"publish","type":"post","link":"https:\/\/obscom.intervozes.org.br\/?p=27721","title":{"rendered":"Ser rico e dono da m\u00eddia, que mal tem?"},"content":{"rendered":"<p><strong>Por \u00a0Bruno Marinoni*<\/strong><\/p>\n<p>No \u00faltimo dia 13, a Revista Forbes divulgou seu ranking de \u201crica\u00e7os\u201d do Brasil. Os Marinho lideram a competi\u00e7\u00e3o com uma fortuna estimada em US$ 28,9 bilh\u00f5es. Qual o problema de a fam\u00edlia mais rica do Brasil ser dona dos principais meios de comunica\u00e7\u00e3o do pa\u00eds? Resposta: poder demais. Poder econ\u00f4mico e cultural (ideol\u00f3gico, simb\u00f3lico ou como se quiser chamar). Isso se falarmos genericamente.<\/p>\n<p>Se pensamos de forma mais concreta, observando a hist\u00f3ria do setor da comunica\u00e7\u00e3o social no Brasil, responderemos de outra forma. O total dom\u00ednio do interesse privado-comercial, o jogo de influ\u00eancias (e privil\u00e9gios) pol\u00edticas, a inexist\u00eancia de mecanismos democr\u00e1ticos de participa\u00e7\u00e3o social na comunica\u00e7\u00e3o (o que gera um s\u00e9rio problema para a garantia da liberdade de express\u00e3o), a extrema oligopoliza\u00e7\u00e3o e uma s\u00e9rie de outros problemas nos fazem pensar que a resposta mais correta, na verdade \u00e9: domina\u00e7\u00e3o demais.<\/p>\n<p>Uma sociedade que pressup\u00f5e que \u201ctodo o poder emana do povo\u201d, que se pretende \u201clivre, justa e solid\u00e1ria\u201d e que afirma que \u201chomens e mulheres s\u00e3o iguais em direitos e obriga\u00e7\u00f5es\u201d deve fazer os ajustes necess\u00e1rios para que possa garantir liberdade, justi\u00e7a, solidariedade, igualdade e poder popular. E isso significa n\u00e3o permitir que o poder se concentre nas m\u00e3os de alguns poucos indiv\u00edduos. E dinheiro \u00e9 poder. E comunica\u00e7\u00e3o \u00e9 poder.<\/p>\n<p>Opa! Ouvi algu\u00e9m ali comentando: \u201cm\u00e9rito!\u201d. Ser\u00e1? Dos 65 bilion\u00e1rios constantes na lista de rica\u00e7os do Brasil, 25 s\u00e3o \u201cherdeiros\u201d. Assim tamb\u00e9m acontece coincidentemente com o trio de irm\u00e3os Marinho. Ainda que n\u00e3o fosse isso, por\u00e9m, quem disse que \u00e9 leg\u00edtimo o assassinato da democracia pela meritocracia? E que m\u00e9rito se tem em ser mais poderoso porque se tem mais recursos do que os outros?<\/p>\n<p>Imediatamente atr\u00e1s dos Marinho, no ranking, est\u00e3o as fam\u00edlias de banqueiros. Safra (da fam\u00edlia hom\u00f4nima), Erm\u00edrio de Moraes (Votorantim), Moreira Salles (Unibanco-Ita\u00fa). Os governos do Brasil p\u00f3s-ditadura n\u00e3o ousaram mexer com os primeiros, magnatas da comunica\u00e7\u00e3o, e nutriram os \u00faltimos, senhores do vil metal. Quem se atreveria a enfrentar tamanho poder, diante de compromissos mais urgentes como a garantia da governabilidade? J\u00e1 pensou o que seria de um governo deslegitimado por todos os meios de comunica\u00e7\u00e3o? Melhor n\u00e3o mexer a\u00ed, ganhar confian\u00e7a, oferecer uma vaga de ministro ao H\u00e9lio Costa, n\u00e3o insistir com esse papo de man\u00e9 projeto de Ag\u00eancia Nacional do Audiovisual&#8230; Vai que os Marinho se zangam&#8230; J\u00e1 pensou? Nem pensar!<\/p>\n<p>Ali\u00e1s, os Marinho j\u00e1 constam no ranking da Forbes desde 1987, primeira vez em que foi publicado, acompanhados pelas fam\u00edlias Erm\u00edrio de Moraes e Camargo (Camargo Correa). E, assim, se d\u00e1 prosseguimento \u00e0 triste tradi\u00e7\u00e3o brasileira de mandar quem pode (e tem poder) e obedecer quem tem ju\u00edzo. Ou n\u00e3o.<\/p>\n<p><em>* Bruno Marinoni \u00e9 rep\u00f3rter do Observat\u00f3rio do Direito \u00e0 Comunica\u00e7\u00e3o, doutor em Sociologia pela UFPE e integrante do Conselho Diretor do Intervozes.<\/em><\/p>\n<p><em>Texto originalmente publicado no Blog do Intervozes na Carta Capital.<\/em><\/p>\n","protected":false},"excerpt":{"rendered":"<p>Qual o problema de a fam&iacute;lia mais rica do Brasil ser dona dos principais meios de comunica&ccedil;&atilde;o do pa&iacute;s? Resposta: poder demais<\/p>\n","protected":false},"author":1,"featured_media":0,"comment_status":"open","ping_status":"open","sticky":false,"template":"","format":"standard","meta":{"footnotes":""},"categories":[42],"tags":[1772],"_links":{"self":[{"href":"https:\/\/obscom.intervozes.org.br\/index.php?rest_route=\/wp\/v2\/posts\/27721"}],"collection":[{"href":"https:\/\/obscom.intervozes.org.br\/index.php?rest_route=\/wp\/v2\/posts"}],"about":[{"href":"https:\/\/obscom.intervozes.org.br\/index.php?rest_route=\/wp\/v2\/types\/post"}],"author":[{"embeddable":true,"href":"https:\/\/obscom.intervozes.org.br\/index.php?rest_route=\/wp\/v2\/users\/1"}],"replies":[{"embeddable":true,"href":"https:\/\/obscom.intervozes.org.br\/index.php?rest_route=%2Fwp%2Fv2%2Fcomments&post=27721"}],"version-history":[{"count":2,"href":"https:\/\/obscom.intervozes.org.br\/index.php?rest_route=\/wp\/v2\/posts\/27721\/revisions"}],"predecessor-version":[{"id":29198,"href":"https:\/\/obscom.intervozes.org.br\/index.php?rest_route=\/wp\/v2\/posts\/27721\/revisions\/29198"}],"wp:attachment":[{"href":"https:\/\/obscom.intervozes.org.br\/index.php?rest_route=%2Fwp%2Fv2%2Fmedia&parent=27721"}],"wp:term":[{"taxonomy":"category","embeddable":true,"href":"https:\/\/obscom.intervozes.org.br\/index.php?rest_route=%2Fwp%2Fv2%2Fcategories&post=27721"},{"taxonomy":"post_tag","embeddable":true,"href":"https:\/\/obscom.intervozes.org.br\/index.php?rest_route=%2Fwp%2Fv2%2Ftags&post=27721"}],"curies":[{"name":"wp","href":"https:\/\/api.w.org\/{rel}","templated":true}]}}