{"id":27712,"date":"2014-05-14T15:26:33","date_gmt":"2014-05-14T15:26:33","guid":{"rendered":"https:\/\/obscom.intervozes.org.br\/wordpress\/?p=27712"},"modified":"2014-05-14T15:26:33","modified_gmt":"2014-05-14T15:26:33","slug":"audiencia-discutiu-cobertura-das-eleicoes-pela-ebc","status":"publish","type":"post","link":"https:\/\/obscom.intervozes.org.br\/?p=27712","title":{"rendered":"Audi\u00eancia discutiu cobertura das elei\u00e7\u00f5es pela EBC"},"content":{"rendered":"<p>O Conselho Curador da Empresa Brasil de Comunica&ccedil;&atilde;o promoveu, no dia 13 de maio, em S&atilde;o Paulo, um debate com o tema &ldquo;Elei&ccedil;&otilde;es e M&iacute;dia P&uacute;blica: a cobertura eleitoral pelos ve&iacute;culos da EBC&rdquo;. A audi&ecirc;ncia foi a primeira promovida em 2014 pelo &oacute;rg&atilde;o, que tem a obriga&ccedil;&atilde;o de realizar duas por ano em diferentes regi&otilde;es do pa&iacute;s. &Eacute; tamb&eacute;m a primeira vez que aborda o tema, embora j&aacute; tenha passado por tr&ecirc;s elei&ccedil;&otilde;es. Os participantes apresentaram opini&otilde;es, cr&iacute;ticas e sugest&otilde;es, baseando-se na cobertura que j&aacute; foi realizada nos pleitos anteriores.<\/p>\n<p>As contribui&ccedil;&otilde;es abordaram v&aacute;rios aspectos. Jacira Melo, representante do Instituto Patr&iacute;cia Galv&atilde;o, comparou a cobertura feita pela m&iacute;dia em geral a um &ldquo;FlaFlu&rdquo; [disputa cl&aacute;ssica do futebol carioca entre Flamengo e Fluminense], quando deveria ser focada na &ldquo;voz dos telespectadores&rdquo;. &ldquo;S&oacute; o que eu enxergo s&atilde;o os bastidores da pol&iacute;tica. N&atilde;o se pauta pol&iacute;ticas p&uacute;blicas. N&atilde;o se pauta como a vida das pessoas poderia se transformar no curto, m&eacute;dio e longo prazo a partir de uma discuss&atilde;o mais s&eacute;ria sobre elei&ccedil;&otilde;es&rdquo;, criticou.<\/p>\n<p>Renata Mielli, do Centro de Estudos Bar&atilde;o de Itarar&eacute;, defendeu que &ldquo;o fundamental &eacute; sair da armadilha de fazer aquilo que &eacute; o convencional&rdquo;. Segundo ela, deveria haver um maior foco sobre a informa&ccedil;&atilde;o e diminuir o espa&ccedil;o restrito ao an&uacute;ncio da agenda dos candidatos. Para ela , o a cobertura deveria ressaltar o &ldquo;projeto pol&iacute;tico de Brasil&rdquo;.<\/p>\n<p>A funcion&aacute;ria da EBC, Camila Maciel, apontou os problemas organizacionais da EBC que interferem na cobertura, como a &ldquo;falta de planejamento&rdquo; e o &ldquo;ru&iacute;do entre os setores&rdquo;. Como exemplo, cita os casos em que elei&ccedil;&otilde;es passadas rep&oacute;rteres foram deslocados de suas cidades para cobrir as elei&ccedil;&otilde;es e o conte&uacute;do produzido e enviado por eles n&atilde;o foi utilizado na transmiss&atilde;o. Al&eacute;m disso, criticou a &ldquo;falta de esp&iacute;rito de desafio&rdquo;, afirmando que a EBC assume, em boa parte dos casos, &ldquo;o papel de assessoria do TSE&rdquo;, entrando nas quest&otilde;es t&eacute;cnicas e abandonando as quest&otilde;es &ldquo;caras aos eleitores&rdquo;.<\/p>\n<p>A conselheira e representante da sociedade civil, Rita Freire, apontou a necessidade de valorizar como fonte &ldquo;os setores da sociedade que se mobilizam&rdquo;, pois os movimentos sociais estariam entre os sujeitos que melhores discutem os temas de relev&acirc;ncia social. O presidente da EBC, Nelson Breve, respondeu afirmando que &eacute; preciso tomar cuidado com essa proposta e completou dizendo que &ldquo;n&oacute;s jornalistas n&atilde;o estamos para participar do embate pol&iacute;tico, n&oacute;s estamos para retratar o embate pol&iacute;tico&rdquo;.<\/p>\n<p>A diretora de jornalismo da EBC, Nereide Beir&atilde;o, falou do &ldquo;plano de cobertura para as elei&ccedil;&otilde;es&rdquo;. Segundo ela, o proposta considera a necessidade de &ldquo;mostrar o Brasil&rdquo; &ndash; n&atilde;o se ater aos grandes centros &ndash;,&nbsp; d&aacute; especial aten&ccedil;&atilde;o &agrave; quest&atilde;o de g&ecirc;nero, refor&ccedil;a o protagonismo do cidad&atilde;o, ressalta o bom uso de ferramentas de iteratividade e do jornalismo colaborativo, busca realizar uma cobertura tem&aacute;tica, sem focar nas trocas de acusa&ccedil;&otilde;es e sem se prender &agrave; cobertura das pesquisa.<\/p>\n","protected":false},"excerpt":{"rendered":"<p>Partcipantes destacaram a necessidade de escapar &agrave;s pr&aacute;ticas costumeiras da m&iacute;dia e de focalizar nos temas de interesse dos cidad&atilde;o e cidad&atilde;s.<\/p>\n","protected":false},"author":1,"featured_media":0,"comment_status":"open","ping_status":"open","sticky":false,"template":"","format":"standard","meta":{"footnotes":""},"categories":[40],"tags":[703],"_links":{"self":[{"href":"https:\/\/obscom.intervozes.org.br\/index.php?rest_route=\/wp\/v2\/posts\/27712"}],"collection":[{"href":"https:\/\/obscom.intervozes.org.br\/index.php?rest_route=\/wp\/v2\/posts"}],"about":[{"href":"https:\/\/obscom.intervozes.org.br\/index.php?rest_route=\/wp\/v2\/types\/post"}],"author":[{"embeddable":true,"href":"https:\/\/obscom.intervozes.org.br\/index.php?rest_route=\/wp\/v2\/users\/1"}],"replies":[{"embeddable":true,"href":"https:\/\/obscom.intervozes.org.br\/index.php?rest_route=%2Fwp%2Fv2%2Fcomments&post=27712"}],"version-history":[{"count":0,"href":"https:\/\/obscom.intervozes.org.br\/index.php?rest_route=\/wp\/v2\/posts\/27712\/revisions"}],"wp:attachment":[{"href":"https:\/\/obscom.intervozes.org.br\/index.php?rest_route=%2Fwp%2Fv2%2Fmedia&parent=27712"}],"wp:term":[{"taxonomy":"category","embeddable":true,"href":"https:\/\/obscom.intervozes.org.br\/index.php?rest_route=%2Fwp%2Fv2%2Fcategories&post=27712"},{"taxonomy":"post_tag","embeddable":true,"href":"https:\/\/obscom.intervozes.org.br\/index.php?rest_route=%2Fwp%2Fv2%2Ftags&post=27712"}],"curies":[{"name":"wp","href":"https:\/\/api.w.org\/{rel}","templated":true}]}}