{"id":27708,"date":"2014-05-07T11:01:40","date_gmt":"2014-05-07T11:01:40","guid":{"rendered":"https:\/\/obscom.intervozes.org.br\/wordpress\/?p=27708"},"modified":"2014-05-07T11:01:40","modified_gmt":"2014-05-07T11:01:40","slug":"observatorio-latinoamericano-monitora-comunicacao-na-regiao","status":"publish","type":"post","link":"https:\/\/obscom.intervozes.org.br\/?p=27708","title":{"rendered":"Observat\u00f3rio latinoamericano monitora comunica\u00e7\u00e3o na regi\u00e3o"},"content":{"rendered":"<p>A plataforma digital &ldquo;Observatorio Latinoamericano de Regulaci&oacute;n, Medios y Convergencia&rdquo; monitora o desenvolvimento das pol&iacute;ticas p&uacute;blicas e dos marcos regulat&oacute;rios de comunica&ccedil;&atilde;o na Am&eacute;rica Latina. A iniciativa, organizada por pesquisadores e especialistas, disponibiliza an&aacute;lises e informa&ccedil;&otilde;es do setor que permitem avalia&ccedil;&otilde;es sobre os seus impactos na liberdade de express&atilde;o, na diversidade e no pluralismo dos sistemas de comunica&ccedil;&atilde;o.<\/p>\n<p>Al&eacute;m de an&aacute;lises de especialistas e not&iacute;cias atuais, a plataforma disponibiliza uma base de dados legislativos abrangendo atualmente 15 pa&iacute;ses latinoamericanos, incluindo em alguns casos projetos de lei em tramita&ccedil;&atilde;o. Uma sess&atilde;o espec&iacute;fica &eacute; dedicada ao tema da televis&atilde;o digital, sua regula&ccedil;&atilde;o, pol&iacute;ticas e processo de implementa&ccedil;&atilde;o.<\/p>\n<p>O conte&uacute;do se encontra na maior parte dispon&iacute;vel em espanhol, mas tamb&eacute;m &eacute; poss&iacute;vel encontrar alguns textos em portugu&ecirc;s. A dire&ccedil;&atilde;o geral do projeto fica por conta do uruguaio Gustavo G&oacute;mez (professor, pesquisador e ex-diretor de telecomunica&ccedil;&atilde;o do Uruguai), que conta tamb&eacute;m com uma coordena&ccedil;&atilde;o e um comit&ecirc; editorial compostos atualmente por integrantes do M&eacute;xico, Brasil, Argentina, Peru, Espanha e Canad&aacute;.<\/p>\n<p>Conhe&ccedil;a a plataforma atrav&eacute;s do link: <a href=\"http:\/\/observacom.org\/\">http:\/\/observacom.org\/<\/a> <\/p>\n","protected":false},"excerpt":{"rendered":"<p>A plataforma digital &ldquo;Observatorio Latinoamericano de Regulaci&oacute;n, Medios y Convergencia&rdquo; monitora o desenvolvimento das pol&iacute;ticas p&uacute;blicas e dos marcos regulat&oacute;rios de comunica&ccedil;&atilde;o na Am&eacute;rica Latina. A iniciativa, organizada por pesquisadores e especialistas, disponibiliza an&aacute;lises e informa&ccedil;&otilde;es do setor que permitem avalia&ccedil;&otilde;es sobre os seus impactos na liberdade de express&atilde;o, na diversidade e no pluralismo dos &hellip; <a href=\"https:\/\/obscom.intervozes.org.br\/?p=27708\" class=\"more-link\">Continue lendo <span class=\"screen-reader-text\">Observat\u00f3rio latinoamericano monitora comunica\u00e7\u00e3o na regi\u00e3o<\/span> <span class=\"meta-nav\">&rarr;<\/span><\/a><\/p>\n","protected":false},"author":1,"featured_media":0,"comment_status":"open","ping_status":"open","sticky":false,"template":"","format":"standard","meta":{"footnotes":""},"categories":[40],"tags":[1795],"_links":{"self":[{"href":"https:\/\/obscom.intervozes.org.br\/index.php?rest_route=\/wp\/v2\/posts\/27708"}],"collection":[{"href":"https:\/\/obscom.intervozes.org.br\/index.php?rest_route=\/wp\/v2\/posts"}],"about":[{"href":"https:\/\/obscom.intervozes.org.br\/index.php?rest_route=\/wp\/v2\/types\/post"}],"author":[{"embeddable":true,"href":"https:\/\/obscom.intervozes.org.br\/index.php?rest_route=\/wp\/v2\/users\/1"}],"replies":[{"embeddable":true,"href":"https:\/\/obscom.intervozes.org.br\/index.php?rest_route=%2Fwp%2Fv2%2Fcomments&post=27708"}],"version-history":[{"count":0,"href":"https:\/\/obscom.intervozes.org.br\/index.php?rest_route=\/wp\/v2\/posts\/27708\/revisions"}],"wp:attachment":[{"href":"https:\/\/obscom.intervozes.org.br\/index.php?rest_route=%2Fwp%2Fv2%2Fmedia&parent=27708"}],"wp:term":[{"taxonomy":"category","embeddable":true,"href":"https:\/\/obscom.intervozes.org.br\/index.php?rest_route=%2Fwp%2Fv2%2Fcategories&post=27708"},{"taxonomy":"post_tag","embeddable":true,"href":"https:\/\/obscom.intervozes.org.br\/index.php?rest_route=%2Fwp%2Fv2%2Ftags&post=27708"}],"curies":[{"name":"wp","href":"https:\/\/api.w.org\/{rel}","templated":true}]}}