{"id":27705,"date":"2014-05-06T14:49:35","date_gmt":"2014-05-06T14:49:35","guid":{"rendered":"https:\/\/obscom.intervozes.org.br\/wordpress\/?p=27705"},"modified":"2014-05-06T14:49:35","modified_gmt":"2014-05-06T14:49:35","slug":"oficinas-promovem-formacao-em-liberdade-de-expressao-e-direito-a-comunicacao","status":"publish","type":"post","link":"https:\/\/obscom.intervozes.org.br\/?p=27705","title":{"rendered":"Oficinas promovem forma\u00e7\u00e3o em \u201cLiberdade de Express\u00e3o e Direito \u00e0 Comunica\u00e7\u00e3o\u201d"},"content":{"rendered":"<p><strong>Reda&ccedil;&atilde;o &#8211; Intervozes<\/strong><\/p>\n<p>Ter&aacute; in&iacute;cio, no pr&oacute;ximo dia 19 de maio, o Ciclo de Oficinas Formativas &ldquo;Liberdade de Express&atilde;o e Direito &agrave; Comunica&ccedil;&atilde;o&rdquo;, promovido pelo Intervozes em parceria com a Incubadora de Projetos da Secretaria Municipal de Direitos Humanos e Cidadania (SMDHC) da Prefeitura de S&atilde;o Paulo. O ciclo abordar&aacute; distintos temas numa perspectiva de forma&ccedil;&atilde;o conceitual, com pedagogia participativa, divididos em oito m&oacute;dulos.<\/p>\n<p>Ao todo, devem ser formados 100 jovens e ativistas de grupos e organiza&ccedil;&otilde;es de direitos humanos nesta tem&aacute;tica, visando sua capacita&ccedil;&atilde;o para a reivindica&ccedil;&atilde;o de direitos neste campo e a amplia&ccedil;&atilde;o do reconhecimento do direito &agrave; comunica&ccedil;&atilde;o como um direito fundamental da cidadania.<\/p>\n<p>As oficinas contar&atilde;o com material did&aacute;tico pr&oacute;prio, envolvendo conte&uacute;dos impressos e audiovisuais. Para a exposi&ccedil;&atilde;o dos temas a serem trabalhados, ser&atilde;o convidados especialistas e atores sociais ativos na luta em defesa dos direitos humanos. <\/p>\n<p>As inscri&ccedil;&otilde;es para os dois ciclos de oficinas j&aacute; est&atilde;o abertas e podem ser feitas no link <a href=\"http:\/\/bit.ly\/1okcOfD\">http:\/\/bit.ly\/1okcOfD<\/a> .<\/p>\n<p>Saiba mais <a href=\"http:\/\/intervozes.org.br\/projeto-do-intervozes-em-parceria-com-a-prefeitura-de-sp-inicia-formacao-em-direito-a-comunicacao-dia-19-de-maio\/\">clicando aqui<\/a> . <\/p>\n","protected":false},"excerpt":{"rendered":"<p>Reda&ccedil;&atilde;o &#8211; Intervozes Ter&aacute; in&iacute;cio, no pr&oacute;ximo dia 19 de maio, o Ciclo de Oficinas Formativas &ldquo;Liberdade de Express&atilde;o e Direito &agrave; Comunica&ccedil;&atilde;o&rdquo;, promovido pelo Intervozes em parceria com a Incubadora de Projetos da Secretaria Municipal de Direitos Humanos e Cidadania (SMDHC) da Prefeitura de S&atilde;o Paulo. O ciclo abordar&aacute; distintos temas numa perspectiva de &hellip; <a href=\"https:\/\/obscom.intervozes.org.br\/?p=27705\" class=\"more-link\">Continue lendo <span class=\"screen-reader-text\">Oficinas promovem forma\u00e7\u00e3o em \u201cLiberdade de Express\u00e3o e Direito \u00e0 Comunica\u00e7\u00e3o\u201d<\/span> <span class=\"meta-nav\">&rarr;<\/span><\/a><\/p>\n","protected":false},"author":1,"featured_media":0,"comment_status":"open","ping_status":"open","sticky":false,"template":"","format":"standard","meta":{"footnotes":""},"categories":[39],"tags":[],"_links":{"self":[{"href":"https:\/\/obscom.intervozes.org.br\/index.php?rest_route=\/wp\/v2\/posts\/27705"}],"collection":[{"href":"https:\/\/obscom.intervozes.org.br\/index.php?rest_route=\/wp\/v2\/posts"}],"about":[{"href":"https:\/\/obscom.intervozes.org.br\/index.php?rest_route=\/wp\/v2\/types\/post"}],"author":[{"embeddable":true,"href":"https:\/\/obscom.intervozes.org.br\/index.php?rest_route=\/wp\/v2\/users\/1"}],"replies":[{"embeddable":true,"href":"https:\/\/obscom.intervozes.org.br\/index.php?rest_route=%2Fwp%2Fv2%2Fcomments&post=27705"}],"version-history":[{"count":0,"href":"https:\/\/obscom.intervozes.org.br\/index.php?rest_route=\/wp\/v2\/posts\/27705\/revisions"}],"wp:attachment":[{"href":"https:\/\/obscom.intervozes.org.br\/index.php?rest_route=%2Fwp%2Fv2%2Fmedia&parent=27705"}],"wp:term":[{"taxonomy":"category","embeddable":true,"href":"https:\/\/obscom.intervozes.org.br\/index.php?rest_route=%2Fwp%2Fv2%2Fcategories&post=27705"},{"taxonomy":"post_tag","embeddable":true,"href":"https:\/\/obscom.intervozes.org.br\/index.php?rest_route=%2Fwp%2Fv2%2Ftags&post=27705"}],"curies":[{"name":"wp","href":"https:\/\/api.w.org\/{rel}","templated":true}]}}