{"id":27704,"date":"2014-05-05T10:30:54","date_gmt":"2014-05-05T10:30:54","guid":{"rendered":"https:\/\/obscom.intervozes.org.br\/wordpress\/?p=27704"},"modified":"2015-08-30T22:23:50","modified_gmt":"2015-08-30T22:23:50","slug":"os-absurdos-da-fusao-da-oi-com-a-portugal-telecom","status":"publish","type":"post","link":"https:\/\/obscom.intervozes.org.br\/?p=27704","title":{"rendered":"Os absurdos da fus\u00e3o da Oi com a Portugal Telecom"},"content":{"rendered":"<p>A Oi \u00e9 fruto de uma hist\u00f3ria repleta de absurdos. A montagem do cons\u00f3rcio que comprou a Telemar no processo de privatiza\u00e7\u00e3o foi chamada, pelo pr\u00f3prio ministro que coordendou a venda, de \u201crataiada\u201d. Durante muito tempo, BNDES, Previ e Petros foram seus principais acionistas, mas, por motivos desconhecidos, renunciaram ao direito de dirigir a empresa em prol de dois s\u00f3cios privados: Carlos Jereissati (irm\u00e3o de Tasso Jereissati, lideran\u00e7a tucana) e S\u00e9rgio Andrade (da construtora Andrade Gutierrez e um dos principais financiadores das campanhas de Lula). O governo alterou o Plano Geral de Outorgas (PGO) exclusivamente para permitir que a Telemar comprasse a Brasil Telecom, se transformando na atual Oi. E, aos poucos, os s\u00f3cios estatais foram se retirando da empresa, em condi\u00e7\u00f5es ainda n\u00e3o totalmente esclarecidas, e em benef\u00edcio dos dois s\u00f3cios privados nacionais e da Portugal Telecom. Uma hist\u00f3ria de esc\u00e2ndalos que s\u00f3 fazem aumentar.<\/p>\n<p>Atualmente, a Oi \u00e9 uma empresa em s\u00e9rios problemas. Sua d\u00edvida ultrapassou os R$ 30 bilh\u00f5es, mesmo depois da venda de ativos importantes como todas as suas torres de telefonia celular e seus cabos submarinos. Sua infra-estrutura envelhece e n\u00e3o est\u00e1 em condi\u00e7\u00f5es de prover o acesso a Internet com a velocidade e qualidade que os anos futuros necessitar\u00e3o. Como resultado disso, seu valor de mercado vive depreciado e a empresa hoje vale menos de R$ 9 bilh\u00f5es.<\/p>\n<p>Mas, talvez o maior dos absurdos de sua hist\u00f3ria esteja acontecendo justamente agora, no processo de fus\u00e3o com a Portugal Telecom, empresa que j\u00e1 det\u00e9m cerca de 25% da Oi.<\/p>\n<p>Os s\u00f3cios da Portugal Telecom n\u00e3o aportar\u00e3o um \u00fanico real na fus\u00e3o entre as empresas e entrar\u00e3o apenas com o patrim\u00f4nio da pr\u00f3pria Portugal Telecom. O valor da empresa portuguesa foi avaliado pelo Santander, em laudo contratado pelos controladores da Oi. A \u00e1rea t\u00e9cnica da Comiss\u00e3o de Valores Mobili\u00e1rios (CVM) alegou que os controladores n\u00e3o poderiam votar na assembl\u00e9ia da empresa pela aprova\u00e7\u00e3o do laudo que eles pr\u00f3prios haviam encomendado. J\u00e1 a diretoria da CVM, contrariando posi\u00e7\u00f5es da pr\u00f3pria CVM em casos semelhantes, permitiu o voto dos controladores, o que implicou, obviamente, na aprova\u00e7\u00e3o do laudo.<\/p>\n<p>Os controladores brasileiros (Carlos Jereissati e S\u00e9rgio Andrade) ganham duas vezes. Primeiro, porque a nova empresa assumir\u00e1 a d\u00edvida dos controladores e n\u00e3o apenas da Oi. Segundo, porque as a\u00e7\u00f5es dos controladores foram avaliadas em mais de 10 vezes o valor das demais a\u00e7\u00f5es em bolsa, em um dos maiores pr\u00eamios por controle j\u00e1 pagos na hist\u00f3ria do mercado acion\u00e1rio brasileiro.<\/p>\n<p>Como se n\u00e3o bastasse, o prospecto de venda das a\u00e7\u00f5es no mercado acion\u00e1rio foi considerado indevido pela CVM. Nele os controladores afirmavam que um cons\u00f3rcio de bancos compraria as a\u00e7\u00f5es que n\u00e3o fossem adquiridas por outros investidores. A medida, chamada de \u201cgarantia firme\u201d, visa dar seguran\u00e7a de que n\u00e3o sobrar\u00e3o pap\u00e9is sem compradores, desvalorizando o pre\u00e7o das a\u00e7\u00f5es. Na verdade, contudo, os bancos garantem adquirir apenas aquelas a\u00e7\u00f5es cujos compradores n\u00e3o honrarem o neg\u00f3cio. As demais a\u00e7\u00f5es ficar\u00e3o mesmo sem adquirintes. A situa\u00e7\u00e3o ganha ares de delito quando se sabe que o prospecto direcionado ao mercado internacional n\u00e3o trazia essa informa\u00e7\u00e3o inver\u00eddica de \u201cgarantia firme\u201d pelo cons\u00f3rcio de bancos.<\/p>\n<p>Ao final do processo, os atuais s\u00f3cios da Portugal Telecom ter\u00e3o, direta e indiretamente, cerca de 38% da nova empresa, resultado da fus\u00e3o. Some-se a isso as a\u00e7\u00f5es que ser\u00e3o vendidas para novos investidores estrangeiros. Assim, completa-se o processo que levar\u00e1 a \u00faltima grande empresa de telecomunica\u00e7\u00f5es de controle nacional a ter maioria de capital estrangeiro.<\/p>\n<p><em>Texto originalmente publicado no Blog do Intervozes na Carta Capital.<\/em><\/p>\n","protected":false},"excerpt":{"rendered":"<p>A emaranhada hist&oacute;ria da empresa Oi expressa a pol&iacute;tica de telecomunica&ccedil;&otilde;es dos &uacute;ltimos 20 anos, em seu processo de internacionaliza&ccedil;&atilde;o e favorecimento de determinados grupos econ&ocirc;micos.<\/p>\n","protected":false},"author":1,"featured_media":0,"comment_status":"open","ping_status":"open","sticky":false,"template":"","format":"standard","meta":{"footnotes":""},"categories":[42],"tags":[1665],"_links":{"self":[{"href":"https:\/\/obscom.intervozes.org.br\/index.php?rest_route=\/wp\/v2\/posts\/27704"}],"collection":[{"href":"https:\/\/obscom.intervozes.org.br\/index.php?rest_route=\/wp\/v2\/posts"}],"about":[{"href":"https:\/\/obscom.intervozes.org.br\/index.php?rest_route=\/wp\/v2\/types\/post"}],"author":[{"embeddable":true,"href":"https:\/\/obscom.intervozes.org.br\/index.php?rest_route=\/wp\/v2\/users\/1"}],"replies":[{"embeddable":true,"href":"https:\/\/obscom.intervozes.org.br\/index.php?rest_route=%2Fwp%2Fv2%2Fcomments&post=27704"}],"version-history":[{"count":1,"href":"https:\/\/obscom.intervozes.org.br\/index.php?rest_route=\/wp\/v2\/posts\/27704\/revisions"}],"predecessor-version":[{"id":29205,"href":"https:\/\/obscom.intervozes.org.br\/index.php?rest_route=\/wp\/v2\/posts\/27704\/revisions\/29205"}],"wp:attachment":[{"href":"https:\/\/obscom.intervozes.org.br\/index.php?rest_route=%2Fwp%2Fv2%2Fmedia&parent=27704"}],"wp:term":[{"taxonomy":"category","embeddable":true,"href":"https:\/\/obscom.intervozes.org.br\/index.php?rest_route=%2Fwp%2Fv2%2Fcategories&post=27704"},{"taxonomy":"post_tag","embeddable":true,"href":"https:\/\/obscom.intervozes.org.br\/index.php?rest_route=%2Fwp%2Fv2%2Ftags&post=27704"}],"curies":[{"name":"wp","href":"https:\/\/api.w.org\/{rel}","templated":true}]}}