{"id":27701,"date":"2014-04-30T13:01:43","date_gmt":"2014-04-30T13:01:43","guid":{"rendered":"https:\/\/obscom.intervozes.org.br\/wordpress\/?p=27701"},"modified":"2014-04-30T13:01:43","modified_gmt":"2014-04-30T13:01:43","slug":"seminario-discute-desafios-para-comunicacao-contra-hegemonica","status":"publish","type":"post","link":"https:\/\/obscom.intervozes.org.br\/?p=27701","title":{"rendered":"Semin\u00e1rio discute desafios para comunica\u00e7\u00e3o contra-hegem\u00f4nica"},"content":{"rendered":"<p>Acreditando na possibilidade de as manifesta&ccedil;&otilde;es iniciadas em junho de 2013 terem colocado a comunica&ccedil;&atilde;o em outro patamar na sociedade brasileira, alguns grupos t&ecirc;m se esfor&ccedil;ado para refletir sobre o papel desempenhado pelas m&iacute;dias n&atilde;o ligadas aos conglomerados brasileiros do setor. Nesse sentido, os Projetos &ldquo;Pol&iacute;ticas P&uacute;blicas de Sa&uacute;de&rdquo; e &ldquo;Sa&uacute;de, Servi&ccedil;o Social e Movimentos Sociais&rdquo;, da Faculdade de Servi&ccedil;o Social da Universidade do Estado do Rio de Janeiro (UERJ) e o F&oacute;rum de Sa&uacute;de do Rio de Janeiro realizaram, no dia 29 de abril, o semin&aacute;rio &ldquo;Democratiza&ccedil;&atilde;o da Informa&ccedil;&atilde;o, Imprensa alternativa e luta contra-hegem&ocirc;nica: desafios na conjuntura atual&rdquo;.<\/p>\n<p>A realiza&ccedil;&atilde;o do evento articulada com o movimento que luta contra a privatiza&ccedil;&atilde;o da sa&uacute;de demonstra que a pauta da democratiza&ccedil;&atilde;o da comunica&ccedil;&atilde;o t&ecirc;m conseguido extrapolar o c&iacute;rculo do campo profissional e das iniciativas individuais. O interesse se justificaria, conforme o que expressa o material de divulga&ccedil;&atilde;o do semin&aacute;rio, porque &ldquo;de forma in&eacute;dita na hist&oacute;ria do pa&iacute;s, os movimentos de comunica&ccedil;&atilde;o contra-hegem&ocirc;nicos conseguiram disputar a aten&ccedil;&atilde;o dos acontecimentos com os grandes meios de comunica&ccedil;&atilde;o empresariais que foram obrigados a se adequar a uma nova realidade&rdquo;.<\/p>\n<p>A primeira mesa intitulada &ldquo;Experi&ecirc;ncias da luta contra-hegem&ocirc;nica. O papel da imprensa alternativa&rdquo;, contou com a participa&ccedil;&atilde;o do N&uacute;cleo Piratininga de Comunica&ccedil;&atilde;o (NPC), a Associa&ccedil;&atilde;o Mundial de R&aacute;dios Comunit&aacute;rias (Amarc) e do jornal do Sindicato dos Trabalhadores da Sa&uacute;de, Trabalho e Previd&ecirc;ncia Social do Estado Rio de Janeiro (Sindsprev-RJ).<\/p>\n<p>Cl&aacute;udia Santiago, coordenadora do NPC, criticou a dificuldade que as organiza&ccedil;&otilde;es de esquerda t&ecirc;m para se comunicar com determinados setores da popula&ccedil;&atilde;o. &ldquo;A esquerda &eacute; extremamente elitista na sua linguagem&rdquo;, afirmou. Al&eacute;m disso, destacou a import&acirc;ncia de se fazer um &ldquo;corte de classe&rdquo; na comunica&ccedil;&atilde;o, pois a comunica&ccedil;&atilde;o alternativa n&atilde;o seria necessariamente &ldquo;contra-hegem&ocirc;nica&rdquo;.<\/p>\n<p>O jornalista do Sindsprev, H&eacute;lcio Duarte, considerou que &ldquo;a imprensa sindical vem se tornando cada vez mais corporativa e imediatista&rdquo; e que foi pega despreparada, assim como a grande m&iacute;dia, quando ocorreram as manifesta&ccedil;&otilde;es em junho de 2013.<\/p>\n<p>O representante da Amarc, Pedro Martins, lembrou que a apropria&ccedil;&atilde;o do r&aacute;dio e televis&atilde;o no Brasil se deu de forma privada, em detrimento do seu car&aacute;ter de &ldquo;bem p&uacute;blico&rdquo;. Segundo ele, os sucessivos governos priorizaram atender as demandas comerciais dos empres&aacute;rios resultando em um quadro no qual hoje algumas r&aacute;dios empresariais sozinhas t&ecirc;m uma pot&ecirc;ncia maior do que a soma de todas as pot&ecirc;ncias das r&aacute;dios comunit&aacute;rias outorgadas. Al&eacute;m disso, a Ag&ecirc;ncia Nacional de Telecomunica&ccedil;&otilde;es (Anatel) prometeu intensificar a repress&atilde;o contra os comunicadores populares at&eacute; a Copa do Mundo.<\/p>\n<p>Durante a segunda mesa, que debateu &ldquo;Hegemonia e contra-hegemonia no cen&aacute;rio brasileiro atual: a quest&atilde;o midi&aacute;tica&rdquo;, C&aacute;tia Guimar&atilde;es, jornalista da Revista Poli (Fiocruz), apresentou o que considera algumas &ldquo;armadilhas&rdquo; da imprensa alternativa. Dentre elas, a naturaliza&ccedil;&atilde;o do modelo de produ&ccedil;&atilde;o de not&iacute;cias e a sobrevaloriza&ccedil;&atilde;o do papel da informa&ccedil;&atilde;o para a mudan&ccedil;a social. Segundo ela, &ldquo;desde junho est&aacute; se abrindo uma janela para outra sociedade&rdquo;.<\/p>\n<p>Doutorando do programa de Hist&oacute;ria Social da Universidade Federal Fluminense (UFF), Hugo Bellucco, destacou que &ldquo;a imprensa alternativa, para ser contra-hegem&ocirc;nica, precisa ser uma imprensa classista&rdquo;.<\/p>\n<p>O professor Mauro Iasi, da Escola de Servi&ccedil;o Social da Universidade Federal do Rio de Janeiro (UFRJ), defendeu que &ldquo;a linha contra-hegem&ocirc;nica foi destru&iacute;da pelo Estado burgu&ecirc;s nos &uacute;ltimos anos em todas as &aacute;reas&rdquo;. Ele lembrou que na d&eacute;cada de 80 o Diret&oacute;rio Nacional do PT abriu m&atilde;o de ter o seu pr&oacute;prio jornal e revista, optando por disputar espa&ccedil;os das institui&ccedil;&otilde;es burguesas.<\/p>\n<p>O semin&aacute;rio reuniu cerca de 150 pessoas na UERJ.<\/p>\n","protected":false},"excerpt":{"rendered":"<p>Evento promovido pelo movimento de Sa&uacute;de no Rio de Janeiro enfoca desdobramentos das mobiliza&ccedil;&otilde;es de junho no setor da comunica&ccedil;&atilde;o e na luta contra-hegem&ocirc;nica<\/p>\n","protected":false},"author":1,"featured_media":0,"comment_status":"open","ping_status":"open","sticky":false,"template":"","format":"standard","meta":{"footnotes":""},"categories":[40],"tags":[1793],"_links":{"self":[{"href":"https:\/\/obscom.intervozes.org.br\/index.php?rest_route=\/wp\/v2\/posts\/27701"}],"collection":[{"href":"https:\/\/obscom.intervozes.org.br\/index.php?rest_route=\/wp\/v2\/posts"}],"about":[{"href":"https:\/\/obscom.intervozes.org.br\/index.php?rest_route=\/wp\/v2\/types\/post"}],"author":[{"embeddable":true,"href":"https:\/\/obscom.intervozes.org.br\/index.php?rest_route=\/wp\/v2\/users\/1"}],"replies":[{"embeddable":true,"href":"https:\/\/obscom.intervozes.org.br\/index.php?rest_route=%2Fwp%2Fv2%2Fcomments&post=27701"}],"version-history":[{"count":0,"href":"https:\/\/obscom.intervozes.org.br\/index.php?rest_route=\/wp\/v2\/posts\/27701\/revisions"}],"wp:attachment":[{"href":"https:\/\/obscom.intervozes.org.br\/index.php?rest_route=%2Fwp%2Fv2%2Fmedia&parent=27701"}],"wp:term":[{"taxonomy":"category","embeddable":true,"href":"https:\/\/obscom.intervozes.org.br\/index.php?rest_route=%2Fwp%2Fv2%2Fcategories&post=27701"},{"taxonomy":"post_tag","embeddable":true,"href":"https:\/\/obscom.intervozes.org.br\/index.php?rest_route=%2Fwp%2Fv2%2Ftags&post=27701"}],"curies":[{"name":"wp","href":"https:\/\/api.w.org\/{rel}","templated":true}]}}