{"id":27699,"date":"2014-04-29T11:07:49","date_gmt":"2014-04-29T11:07:49","guid":{"rendered":"https:\/\/obscom.intervozes.org.br\/wordpress\/?p=27699"},"modified":"2015-08-30T22:27:44","modified_gmt":"2015-08-30T22:27:44","slug":"tupinambas-processam-rede-bandeirantes-e-exigem-direito-de-resposta","status":"publish","type":"post","link":"https:\/\/obscom.intervozes.org.br\/?p=27699","title":{"rendered":"Tupinamb\u00e1s processam Rede Bandeirantes e exigem direito de resposta"},"content":{"rendered":"<p><strong>Por Tha\u00eds Brito*<\/strong><\/p>\n<p>A not\u00edcia intitulada \u201cBandeirantes contra \u00edndios Tupinamb\u00e1s\u201d poderia ser uma refer\u00eancia a algum acontecimento do s\u00e9culo XVI, mas \u00e9 o mais atual epis\u00f3dio no cen\u00e1rio de luta dos Tupinamb\u00e1s de Oliven\u00e7a, pela demarca\u00e7\u00e3o de seu territ\u00f3rio na regi\u00e3o sul da Bahia.<\/p>\n<p>Os Tupinamb\u00e1s est\u00e3o processando a Rede Bandeirantes por incitar o \u00f3dio, promover a viol\u00eancia e a deslegitima\u00e7\u00e3o da luta dos ind\u00edgenas em duas reportagens veiculadas, em rede nacional, nos dias 25 e 26 de fevereiro de 2014. O processo \u00e9 de autoria da comunidade ind\u00edgena da Serra do Padeiro, em nome de Rosival Ferreira de Jesus, o cacique Babau. Hoje Babau encontra-se preso em Bras\u00edlia. O cacique foi impedido de encontrar o Papa Francisco no Vaticano, por conta de uma acusa\u00e7\u00e3o sobre a morte de um agricultor na \u00e1rea ind\u00edgena. Ao saber da acusa\u00e7\u00e3o, Babau se entregou \u00e0 Pol\u00edcia Federal.<\/p>\n<p>\u201cTiraram n\u00f3s do nosso territ\u00f3rio e agora continuamos no mesmo impasse. Est\u00e3o querendo nos matar. Querendo, n\u00e3o, est\u00e3o nos matando. Quero que este parlamento ou nos mate de uma vez ou fa\u00e7a alguma coisa. Daqui eu vou sair pra pris\u00e3o, daqui a pouco\u201d, disse Babau ao chegar \u00e0 C\u00e2mara Federal. Babau disse ainda que n\u00e3o ir\u00e1 fugir: &#8220;N\u00e3o devo nada. Tupinamb\u00e1 n\u00e3o foge. Vamos at\u00e9 o fim&#8221;.<\/p>\n<p>A mat\u00e9ria da Rede Bandeirantes, certamente, colabora para o clima de tens\u00e3o e cal\u00fanias contra os Tupinamb\u00e1. Os ind\u00edgenas pedem liminarmente o direito de resposta da comunidade Tupinamb\u00e1 \u00e0 Rede Bandeirantes pelas reportagens transmitidas no Jornal da Band. Nas reportagens, o povo ind\u00edgena \u00e9 acusado invadir fazendas, amea\u00e7ar e expulsar moradores, de pr\u00e1ticas de roubo e extors\u00e3o. Os caciques Babau e Valdelice s\u00e3o os alvos das mat\u00e9rias, que criminalizam os Tupinamb\u00e1s de Oliven\u00e7a.<\/p>\n<p>Retomada \u00e9 o termo correto para o que ocorre hoje no territ\u00f3rio Tupinamb\u00e1 e em outras terras ind\u00edgenas em processo de demarca\u00e7\u00e3o. \u201cRetomamos de volta o que nos foi tomado\u201d, \u00e9 como conta Lorena Tupinamb\u00e1, 29, m\u00e3e de cinco filhos, criados nas \u00e1reas de retomadas.<\/p>\n<p>Todas essas retomadas de terra s\u00e3o feitas dentro dos limites do territ\u00f3rio que consta no relat\u00f3rio publicado pela Funda\u00e7\u00e3o Nacional do \u00cdndio (Funai), delimitando a Terra Ind\u00edgena (TI) Tupinamb\u00e1 de Oliven\u00e7a em cerca de 47mil hectares. A primeira fase de demarca\u00e7\u00e3o teve in\u00edcio, em 2009, com a publica\u00e7\u00e3o do resumo do relat\u00f3rio de identifica\u00e7\u00e3o e delimita\u00e7\u00e3o da Terra Ind\u00edgena Tupinamb\u00e1 de Oliven\u00e7a. A conclus\u00e3o do processo de demarca\u00e7\u00e3o depende da assinatura da portaria declarat\u00f3ria da TI pelo ministro da Justi\u00e7a, Jos\u00e9 Eduardo Cardozo. Entretanto, a presen\u00e7a do Estado, atualmente, tem se limitado \u00e0 ocupa\u00e7\u00e3o do territ\u00f3rio ind\u00edgena com 5000 homens do Ex\u00e9rcito Brasileiro e \u00e0 determina\u00e7\u00e3o do \u201cestado de exce\u00e7\u00e3o\u201d na \u00e1rea.<\/p>\n<p>O territ\u00f3rio Tupinamb\u00e1 tem registros hist\u00f3ricos que remetem a 1680, quando mission\u00e1rios jesu\u00edtas criaram o aldeamento Nossa Senhora da Escada. A terra em processo de demarca\u00e7\u00e3o fica na regi\u00e3o de Mata Atl\u00e2ntica do sul da Bahia, nas proximidades da cidade de Ilh\u00e9us, Una e Buararema e se estende da costa mar\u00edtima da vila de Oliven\u00e7a at\u00e9 a Serra das Trempes e a Serra do Padeiro.<\/p>\n<p>Rede Bandeirantes<\/p>\n<p>Em 1926, foi criada a Reserva Caramuru-Paragua\u00e7u no sul da Bahia, reunindo \u00edndios de diferentes etnias. Uma das fam\u00edlias com hist\u00f3rico de mobiliza\u00e7\u00e3o contra \u00edndios, os Kruschewsky, lideraram, na d\u00e9cada de 1930, um grupo de fazendeiros que se mobilizou para extinguir a Reserva Ind\u00edgena Caramuru-Paragua\u00e7u. N\u00e3o por acaso, esse \u00e9, tamb\u00e9m, o sobrenome de uma das fontes da reportagem da Band. O secret\u00e1rio de turismo de Ilh\u00e9us, Alcides Kruschewsky, que aparece na reportagem como agente do poder p\u00fablico lamentando as retomadas ind\u00edgenas, \u00e9 tamb\u00e9m propriet\u00e1rio de \u00e1rea no interior da Terra Ind\u00edgena.<\/p>\n<p>Como reclama o ind\u00edgena Case Angatu, \u201co problema \u00e9 que o Jornal da Band, n\u00e3o assume junto ao p\u00fablico sua parcialidade, como fazemos em nossos espa\u00e7os na rede social virtual. Um bom exemplo \u00e9 este nosso perfil, que defende abertamente: a Demarca\u00e7\u00e3o J\u00e1 do Territ\u00f3rio Tupinamb\u00e1 de Oliven\u00e7a por sermos ind\u00edgenas e acreditarmos na ancestralidade do Povo que reivindica seus direitos origin\u00e1rios.\u201d<\/p>\n<p>A Rede Bandeirantes faz jus a sua marca e n\u00e3o apenas faz uma reportagem parcial e claramente contr\u00e1ria aos ind\u00edgenas, mas aos princ\u00edpios fundamentais da \u00e9tica jornal\u00edstica e do respeito aos direitos humanos. A postura da emissora \u00e9 recorrente. O Minist\u00e9rio P\u00fablico Federal na Bahia prop\u00f4s, em 2012, um a\u00e7\u00e3o civil p\u00fablica* contra a Band Bahia por veicular conte\u00fados violadores da dignidade humana.<\/p>\n<p>Na reportagem \u201cPessoas s\u00e3o coagidas a fazer cadastro na FUNAI\u201d, a Band, al\u00e9m de descontextualizar a quest\u00e3o ind\u00edgena, n\u00e3o ouve um \u00edndio sequer. Tamb\u00e9m n\u00e3o cita, como lembram as antrop\u00f3logas Daniela Fernandes e Patricia Navarro, o assassinato de tr\u00eas ind\u00edgenas do povo Tupinamb\u00e1 em uma emboscada, no interior da TI. As v\u00edtimas \u2013 Aurino Santos Calazans (31 anos), Agenor Monteiro de Souza (30 anos) e Ademilson Vieira dos Santos (36) \u2013 foram atacadas a tiros e golpes de fac\u00e3o por quatro homens, que se aproximaram em duas motocicletas. A esposa de Aurino tamb\u00e9m estava no local, mas conseguiu escapar. Ela descreveu um ataque brutal. Um dos ind\u00edgenas foi encontrado quase decepado, apresentando sinais de tortura (foi chicoteado) e muitos ferimentos provocados por fac\u00e3o.<\/p>\n<p>No texto da a\u00e7\u00e3o dos Tupinamb\u00e1s contra a emissora, os ind\u00edgenas pedem uma posi\u00e7\u00e3o da judici\u00e1rio e exigem direito de resposta: \u201cAp\u00f3s todos esses anos, ao arrepio da hist\u00f3ria, o mesmo povo, que vem lutando para n\u00e3o ser dizimado, sofre persegui\u00e7\u00e3o midi\u00e1tica, sendo taxado de terrorista, criminoso, assassino e estuprador, como se nota das reportagens aqui questionadas. O judici\u00e1rio n\u00e3o pode quedar-se inerte ante esse atentado aos direitos dos povos ind\u00edgenas, muito menos ante as falsas informa\u00e7\u00f5es injuriosas, caluniosas e de m\u00e1 f\u00e9 do canal de televis\u00e3o r\u00e9u, numa tentativa de jogar a sociedade contra aqueles que foram acossados, perseguidos e mortos em fun\u00e7\u00e3o da gana de n\u00e3o-ind\u00edgenas pela terra naquela regi\u00e3o, historicamente habitada pelo Povo Tupinamb\u00e1\u201d<\/p>\n<p>N\u00e3o \u00e9 por acaso que a rela\u00e7\u00e3o entre a propriedade de terra e a propriedade dos meios de comunica\u00e7\u00e3o caminham de m\u00e3os dadas no Brasil. Assim como as capitanias heredit\u00e1rias, as concess\u00f5es de televis\u00e3o foram distribu\u00eddas de forma arbitr\u00e1ria e heredit\u00e1ria. A atualidade da mat\u00e9ria revela o atraso na abordagem da quest\u00e3o ind\u00edgena no pa\u00eds e a perman\u00eancia da rela\u00e7\u00e3o intr\u00ednseca entre a concentra\u00e7\u00e3o de terras e a concentra\u00e7\u00e3o dos meios de comunica\u00e7\u00e3o.<\/p>\n<p><em>* Tha\u00eds Brito \u00e9 integrante do Intervozes, representante da sociedade civil no Conselho de Comunica\u00e7\u00e3o Social da Bahia e doutoranda em Antropologia Social na UFBA.<\/em><\/p>\n<p><em>Texto originalmente publicado no Blog do Intervozes na Carta Capital.<\/em><\/p>\n","protected":false},"excerpt":{"rendered":"<p>Reportagens feitas pela Bandeirantes promovem viol&ecirc;ncia e buscam deslegitimar a luta dos ind&iacute;genas, que moveram a&ccedil;&atilde;o judicial contra a emissora. O processo pede o direito de resposta da comunidade. <\/p>\n","protected":false},"author":1,"featured_media":0,"comment_status":"open","ping_status":"open","sticky":false,"template":"","format":"standard","meta":{"footnotes":""},"categories":[42],"tags":[1834],"_links":{"self":[{"href":"https:\/\/obscom.intervozes.org.br\/index.php?rest_route=\/wp\/v2\/posts\/27699"}],"collection":[{"href":"https:\/\/obscom.intervozes.org.br\/index.php?rest_route=\/wp\/v2\/posts"}],"about":[{"href":"https:\/\/obscom.intervozes.org.br\/index.php?rest_route=\/wp\/v2\/types\/post"}],"author":[{"embeddable":true,"href":"https:\/\/obscom.intervozes.org.br\/index.php?rest_route=\/wp\/v2\/users\/1"}],"replies":[{"embeddable":true,"href":"https:\/\/obscom.intervozes.org.br\/index.php?rest_route=%2Fwp%2Fv2%2Fcomments&post=27699"}],"version-history":[{"count":2,"href":"https:\/\/obscom.intervozes.org.br\/index.php?rest_route=\/wp\/v2\/posts\/27699\/revisions"}],"predecessor-version":[{"id":29208,"href":"https:\/\/obscom.intervozes.org.br\/index.php?rest_route=\/wp\/v2\/posts\/27699\/revisions\/29208"}],"wp:attachment":[{"href":"https:\/\/obscom.intervozes.org.br\/index.php?rest_route=%2Fwp%2Fv2%2Fmedia&parent=27699"}],"wp:term":[{"taxonomy":"category","embeddable":true,"href":"https:\/\/obscom.intervozes.org.br\/index.php?rest_route=%2Fwp%2Fv2%2Fcategories&post=27699"},{"taxonomy":"post_tag","embeddable":true,"href":"https:\/\/obscom.intervozes.org.br\/index.php?rest_route=%2Fwp%2Fv2%2Ftags&post=27699"}],"curies":[{"name":"wp","href":"https:\/\/api.w.org\/{rel}","templated":true}]}}