{"id":27680,"date":"2014-03-26T16:07:35","date_gmt":"2014-03-26T16:07:35","guid":{"rendered":"https:\/\/obscom.intervozes.org.br\/wordpress\/?p=27680"},"modified":"2014-03-26T16:07:35","modified_gmt":"2014-03-26T16:07:35","slug":"acordo-garante-aprovacao-do-marco-civil-da-internet-na-camara","status":"publish","type":"post","link":"https:\/\/obscom.intervozes.org.br\/?p=27680","title":{"rendered":"Acordo garante aprova\u00e7\u00e3o do Marco Civil da Internet na C\u00e2mara"},"content":{"rendered":"<p>Ap&oacute;s quase tr&ecirc;s anos de tramita&ccedil;&atilde;o na C&acirc;mara, finalmente foi aprovado na noite desta ter&ccedil;a-feira (25\/3) o texto do Marco Civil da Internet. O projeto de lei foi constru&iacute;do de forma colaborativa, por meio de consulta p&uacute;blica, e a reda&ccedil;&atilde;o final &eacute; considerada pela sociedade civil em boa medida fiel &agrave;quilo que foi discutido durante o processo de elabora&ccedil;&atilde;o. A mat&eacute;ria encontrava-se estacionada por for&ccedil;a de press&otilde;es pol&iacute;ticas e econ&ocirc;micas, trancando a pauta j&aacute; havia quase cinco meses. <\/p>\n<p>O l&iacute;der do PMDB na C&acirc;mara, deputado Eduardo Cunha, defensor do interesse das empresas multinacionais de telecomunica&ccedil;&atilde;o no Congresso, conseguiu mobilizar a oposi&ccedil;&atilde;o e parte da base aliada nos &uacute;ltimos meses para arrancar uma negocia&ccedil;&atilde;o com o governo. Especula-se nos bastidores que a aprova&ccedil;&atilde;o por quase unanimidade (s&oacute; o PPS votou contra) pode ter sa&iacute;do ap&oacute;s um acordo entre os l&iacute;deres das bancadas que passa pelo interesse em destrancar a pauta, por modifica&ccedil;&otilde;es pontuais no texto, pela oferta de alguns cargos e pelo apoio &agrave; aprova&ccedil;&atilde;o de algumas mat&eacute;rias, como a da Medida Provis&oacute;ria 627\/2013, que versa sobre tributa&ccedil;&atilde;o (como a entrada de multinacionais e bancos no Programa de Restitui&ccedil;&atilde;o Fiscal &#8211; Refis) e tem como relator o l&iacute;der do &ldquo;motim&rdquo; pemedebista.<\/p>\n<p>O projeto que segue agora para o Senado se mant&eacute;m em regime de urg&ecirc;ncia constitucional e, caso n&atilde;o seja votado em at&eacute; 45 dias, passa a trancar a pauta da Casa. Se for aprovado sem altera&ccedil;&otilde;es, ser&aacute; enviado diretamente para a san&ccedil;&atilde;o da presidenta. Na ocorr&ecirc;ncia de modifica&ccedil;&otilde;es, volta para a C&acirc;mara, que ir&aacute; apreciar as altera&ccedil;&otilde;es.<br \/><strong><br \/>Mudan&ccedil;as<br \/><\/strong><br \/>Na apresenta&ccedil;&atilde;o do acordo feito entre as lideran&ccedil;as, o relator do projeto de lei, Alessandro Molon (PT-RJ), explicou as &uacute;ltimas modifica&ccedil;&otilde;es textuais que justificaram o entendimento entre as bancadas. Assegurou em sua fala que a neutralidade de rede seria mantida.<\/p>\n<p>A obrigatoriedade de que as empresas estrangeiras mantivessem centros de armazenamento de dados no Brasil foi retirada, sob a justificativa de que acarretaria custos e afugentaria investimentos. Em contrapartida foi inclu&iacute;da a reda&ccedil;&atilde;o que afirma que para a prote&ccedil;&atilde;o de dados de brasileiros ser&aacute; aplicada a legisla&ccedil;&atilde;o brasileira, &ldquo;independente de onde os dados estejam armazenados&rdquo;.<\/p>\n<p>A regulamenta&ccedil;&atilde;o da neutralidade da rede, conforme o texto proposto pelo Minist&eacute;rio da Justi&ccedil;a, ficou &agrave; cargo da Presid&ecirc;ncia da Rep&uacute;blica, que deve dispor do assessoramento do Comit&ecirc; Gestor da Internet e da Ag&ecirc;ncia Nacional da Telecomunica&ccedil;&otilde;es. As medidas devem se restringir a requisitos t&eacute;cnicos indispens&aacute;veis &agrave; presta&ccedil;&atilde;o adequada de servi&ccedil;os e aplica&ccedil;&otilde;es e dar prioridade a servi&ccedil;os de emerg&ecirc;ncia.<\/p>\n<p>Al&eacute;m disso, foram acrescentados dispositivos contra o chamado &ldquo;porn&ocirc; de vingan&ccedil;a&rdquo; (divulga&ccedil;&atilde;o de conte&uacute;do sexual sem autoriza&ccedil;&atilde;o do participante), classificado como viola&ccedil;&atilde;o da intimidade, e em defesa do controle do conte&uacute;do acessado por crian&ccedil;as e adolescentes por seus pais.<\/p>\n<p><strong>Balan&ccedil;o <\/strong><\/p>\n<p>Para Luiz Moncau , pesquisador do Centro de Tecnologia e Sociedade da Funda&ccedil;&atilde;o Get&uacute;lio Vargas (CTS\/FGV), o saldo das disputas em torno do projeto de lei do Marco Civil da Internet &eacute; bastante positivo. &ldquo;Certamente n&atilde;o &eacute; o texto que a sociedade civil elaboraria e aprovaria para ser entregue como um projeto de lei, mas por ter passado por um Congresso conservador e resultado no que resultou, est&aacute; muito bom&rdquo;, afirma.<\/p>\n<p>A advogada do Instituo de Defesa do Consumidor (Idec), Veridiana Alimonti considera que a vers&atilde;o aprovada pela C&acirc;mara garante em boa medida a prote&ccedil;&atilde;o dos tr&ecirc;s princ&iacute;pios fundamentais do Marco Civil da Internet. Ela destaca, por&eacute;m, que, em rela&ccedil;&atilde;o &agrave; privacidade, o estabelecido em rela&ccedil;&atilde;o ao armazenamento e tratamento dos registros de acesso a aplica&ccedil;&otilde;es (redes sociais, email, sites de busca etc.) &ldquo;n&atilde;o est&aacute; a altura da prote&ccedil;&atilde;o que se d&aacute; a outros princ&iacute;pios (neutralidade de rede e liberdade de express&atilde;o)&rdquo;.<\/p>\n<p>O tratamento escolhido para o armazenamento dos registros de acesso poderia inclusive ser um obst&aacute;culo para a promo&ccedil;&atilde;o de iniciativas que possuem posturas mais radicais em rela&ccedil;&atilde;o &agrave; defesa da privacidade quanto ao uso das informa&ccedil;&otilde;es pessoais produzidas pela navega&ccedil;&atilde;o na rede. Segundo Alimonti, &ldquo;obrigar a guarda de registro para provedores de aplica&ccedil;&atilde;o em alguns casos pode inclusive ferir a filosofia de alguns grupos&rdquo;.<\/p>\n<p>O coordenador do Grupo de Pesquisa em Pol&iacute;ticas P&uacute;blicas para o Acesso &agrave; Informa&ccedil;&atilde;o (Gpopai) da USP, Pablo Ortellado, postou em seu perfil no Facebook sua preocupa&ccedil;&atilde;o com o fato de que&nbsp; &ldquo;as prote&ccedil;&otilde;es trazidas pelo Marco Civil n&atilde;o v&atilde;o impedir que o Estado tenha acesso a dados cadastrais, seja de provedores de conex&atilde;o, seja de provedores de servi&ccedil;o&rdquo;.<\/p>\n<p>As empresas de telecomunica&ccedil;&atilde;o, por meio do seu sindicato, se declaram tamb&eacute;m satisfeitas com o resultado da vota&ccedil;&atilde;o do Marco Civil. &ldquo;O Sindicato Nacional das Empresas de Telefonia e de Servi&ccedil;o M&oacute;vel Celular e Pessoal (SindiTelebrasil) recebeu de forma positiva a aprova&ccedil;&atilde;o pela C&acirc;mara dos Deputados do projeto de lei do Marco Civil da Internet&rdquo;, afirmou em nota.<\/p>\n<p>Entre os descontentes, ficou o deputado Eduardo Cunha. &quot; Minha concep&ccedil;&atilde;o pessoal &eacute; que seria melhor n&atilde;o ter regulamento para a internet. Mas o PMDB vai acompanhar os demais partidos e votar a favor do Marco Civil com essas modifica&ccedil;&otilde;es feitas pelo relator&quot;, afirmou, pouco antes da vota&ccedil;&atilde;o.<\/p>\n","protected":false},"excerpt":{"rendered":"<p>Projeto segue para o Senado em regime de urg&ecirc;ncia. Neutralidade de rede fica garantida e defensores dos direitos digitais consideram que reda&ccedil;&atilde;o final &eacute; &quot;saldo positivo&quot; para quem lutou.<\/p>\n","protected":false},"author":1,"featured_media":0,"comment_status":"open","ping_status":"open","sticky":false,"template":"","format":"standard","meta":{"footnotes":""},"categories":[40],"tags":[1783],"_links":{"self":[{"href":"https:\/\/obscom.intervozes.org.br\/index.php?rest_route=\/wp\/v2\/posts\/27680"}],"collection":[{"href":"https:\/\/obscom.intervozes.org.br\/index.php?rest_route=\/wp\/v2\/posts"}],"about":[{"href":"https:\/\/obscom.intervozes.org.br\/index.php?rest_route=\/wp\/v2\/types\/post"}],"author":[{"embeddable":true,"href":"https:\/\/obscom.intervozes.org.br\/index.php?rest_route=\/wp\/v2\/users\/1"}],"replies":[{"embeddable":true,"href":"https:\/\/obscom.intervozes.org.br\/index.php?rest_route=%2Fwp%2Fv2%2Fcomments&post=27680"}],"version-history":[{"count":0,"href":"https:\/\/obscom.intervozes.org.br\/index.php?rest_route=\/wp\/v2\/posts\/27680\/revisions"}],"wp:attachment":[{"href":"https:\/\/obscom.intervozes.org.br\/index.php?rest_route=%2Fwp%2Fv2%2Fmedia&parent=27680"}],"wp:term":[{"taxonomy":"category","embeddable":true,"href":"https:\/\/obscom.intervozes.org.br\/index.php?rest_route=%2Fwp%2Fv2%2Fcategories&post=27680"},{"taxonomy":"post_tag","embeddable":true,"href":"https:\/\/obscom.intervozes.org.br\/index.php?rest_route=%2Fwp%2Fv2%2Ftags&post=27680"}],"curies":[{"name":"wp","href":"https:\/\/api.w.org\/{rel}","templated":true}]}}