{"id":27677,"date":"2014-03-24T11:50:08","date_gmt":"2014-03-24T11:50:08","guid":{"rendered":"https:\/\/obscom.intervozes.org.br\/wordpress\/?p=27677"},"modified":"2014-03-24T11:50:08","modified_gmt":"2014-03-24T11:50:08","slug":"seminario-debate-midia-e-educacao-em-direitos-humanos","status":"publish","type":"post","link":"https:\/\/obscom.intervozes.org.br\/?p=27677","title":{"rendered":"Semin\u00e1rio debate M\u00eddia e Educa\u00e7\u00e3o em Direitos Humanos"},"content":{"rendered":"<p><strong>Reda&ccedil;&atilde;o &#8211; Intervozes<\/strong><\/p>\n<p>Nos pr&oacute;ximos dias 4 e 5 de abril, o Intervozes realiza, em Bras&iacute;lia, o semin&aacute;rio &quot;M&iacute;dia e Educa&ccedil;&atilde;o em Direitos Humanos&quot;. Fruto de uma parceria com a Secretaria de Direitos Humanos da Presid&ecirc;ncia da Rep&uacute;blica, o semin&aacute;rio ter&aacute; como principal objetivo debater o papel dos meios de comunica&ccedil;&atilde;o para a promo&ccedil;&atilde;o e valoriza&ccedil;&atilde;o dos direitos humanos e definir caminhos para o enfrentamento &agrave;s viola&ccedil;&otilde;es de direitos praticadas pela m&iacute;dia.<\/p>\n<p>Ser&atilde;o discutidos temas como a realidade brasileira sob as perspectivas de &oacute;rg&atilde;os p&uacute;blicos e de entidades da sociedade civil, experi&ecirc;ncias internacionais de combate e den&uacute;ncia &agrave; viola&ccedil;&atilde;o de direitos nos meios de comunica&ccedil;&atilde;o e as alternativas e possibilidades de mecanismos previstos na legisla&ccedil;&atilde;o brasileira. Tamb&eacute;m ser&aacute; lan&ccedil;ado um guia sobre o assunto, voltado a jornalistas.<\/p>\n<p>As inscri&ccedil;&otilde;es s&atilde;o gratuitas e podem ser feitas <a href=\"https:\/\/docs.google.com\/forms\/d\/1R1Y_fDSG5I541UU7UQtohfr6Mk21i4bWUDn3EdcDYFU\/viewform\">clicando aqui<\/a> .<br \/>Confira <a href=\"http:\/\/www.intervozes.org.br\/direitoshumanos\/index.php?option=com_content&amp;view=article&amp;id=56:divulgada-a-programacao-do-seminario-nacional-midia-e-direitos-humanos&amp;catid=7&amp;Itemid=132\">neste link a programa&ccedil;&atilde;o geral do evento<\/a> , que acontece na C&acirc;mara dos Deputados.<br \/>Para saber mais sobre o projeto &quot;M&iacute;dia e Educa&ccedil;&atilde;o em Direitos Humanos&quot;, <a href=\"http:\/\/intervozes.org.br\/direitoshumanos\/\">clique aqui<\/a> .<\/p>\n","protected":false},"excerpt":{"rendered":"<p>Reda&ccedil;&atilde;o &#8211; Intervozes Nos pr&oacute;ximos dias 4 e 5 de abril, o Intervozes realiza, em Bras&iacute;lia, o semin&aacute;rio &quot;M&iacute;dia e Educa&ccedil;&atilde;o em Direitos Humanos&quot;. Fruto de uma parceria com a Secretaria de Direitos Humanos da Presid&ecirc;ncia da Rep&uacute;blica, o semin&aacute;rio ter&aacute; como principal objetivo debater o papel dos meios de comunica&ccedil;&atilde;o para a promo&ccedil;&atilde;o e &hellip; <a href=\"https:\/\/obscom.intervozes.org.br\/?p=27677\" class=\"more-link\">Continue lendo <span class=\"screen-reader-text\">Semin\u00e1rio debate M\u00eddia e Educa\u00e7\u00e3o em Direitos Humanos<\/span> <span class=\"meta-nav\">&rarr;<\/span><\/a><\/p>\n","protected":false},"author":1,"featured_media":0,"comment_status":"open","ping_status":"open","sticky":false,"template":"","format":"standard","meta":{"footnotes":""},"categories":[39],"tags":[],"_links":{"self":[{"href":"https:\/\/obscom.intervozes.org.br\/index.php?rest_route=\/wp\/v2\/posts\/27677"}],"collection":[{"href":"https:\/\/obscom.intervozes.org.br\/index.php?rest_route=\/wp\/v2\/posts"}],"about":[{"href":"https:\/\/obscom.intervozes.org.br\/index.php?rest_route=\/wp\/v2\/types\/post"}],"author":[{"embeddable":true,"href":"https:\/\/obscom.intervozes.org.br\/index.php?rest_route=\/wp\/v2\/users\/1"}],"replies":[{"embeddable":true,"href":"https:\/\/obscom.intervozes.org.br\/index.php?rest_route=%2Fwp%2Fv2%2Fcomments&post=27677"}],"version-history":[{"count":0,"href":"https:\/\/obscom.intervozes.org.br\/index.php?rest_route=\/wp\/v2\/posts\/27677\/revisions"}],"wp:attachment":[{"href":"https:\/\/obscom.intervozes.org.br\/index.php?rest_route=%2Fwp%2Fv2%2Fmedia&parent=27677"}],"wp:term":[{"taxonomy":"category","embeddable":true,"href":"https:\/\/obscom.intervozes.org.br\/index.php?rest_route=%2Fwp%2Fv2%2Fcategories&post=27677"},{"taxonomy":"post_tag","embeddable":true,"href":"https:\/\/obscom.intervozes.org.br\/index.php?rest_route=%2Fwp%2Fv2%2Ftags&post=27677"}],"curies":[{"name":"wp","href":"https:\/\/api.w.org\/{rel}","templated":true}]}}