{"id":27676,"date":"2014-03-20T09:27:01","date_gmt":"2014-03-20T09:27:01","guid":{"rendered":"https:\/\/obscom.intervozes.org.br\/wordpress\/?p=27676"},"modified":"2014-03-20T09:27:01","modified_gmt":"2014-03-20T09:27:01","slug":"brasil-tera-observatorio-da-violencia-contra-comunicadores","status":"publish","type":"post","link":"https:\/\/obscom.intervozes.org.br\/?p=27676","title":{"rendered":"Brasil ter\u00e1 Observat\u00f3rio da Viol\u00eancia contra Comunicadores"},"content":{"rendered":"<p>O Brasil pode em breve ter um Observat&oacute;rio da Viol&ecirc;ncia contra Comunicadores. A proposta foi apresentada no dia 11 de mar&ccedil;o pelo Grupo de Trabalho Direitos Humanos dos Profissionais de Comunica&ccedil;&atilde;o no Brasil, vinculado ao Conselho de Defesa dos Direitos da Pessoa Humana (CDDPH), da Secretaria de Direitos Humanos (SDH) da Presid&ecirc;ncia da Rep&uacute;blica. <\/p>\n<p>A cria&ccedil;&atilde;o do observat&oacute;rio tem por objetivo monitorar casos de viol&ecirc;ncia, de amea&ccedil;a e a extens&atilde;o dos programas de prote&ccedil;&atilde;o a comunicadores v&iacute;timas de agress&otilde;es pelo exerc&iacute;cio de suas atividades. O &oacute;rg&atilde;o ter&aacute; uma unidade de recebimento de den&uacute;ncias, al&eacute;m de mecanismos de prote&ccedil;&atilde;o aos comunicadores e acompanhamento das investiga&ccedil;&otilde;es, para assegurar puni&ccedil;&atilde;o aos criminosos.<\/p>\n<p>A proposta do observat&oacute;rio &eacute; apenas uma dentre aquelas que est&atilde;o contidas no relat&oacute;rio final apresentado pelo Grupo de Trabalho. O documento &eacute; produto de um esfor&ccedil;o de um ano, no qual foram discutidas em audi&ecirc;ncias p&uacute;blicas e internamente formas de se combater a viol&ecirc;ncia contra comunicadores.<\/p>\n<p>O observat&oacute;rio ser&aacute; uma iniciativa que ir&aacute; contar com a coopera&ccedil;&atilde;o entre a Organiza&ccedil;&atilde;o das Na&ccedil;&otilde;es Unidas (ONU), o Minist&eacute;rio da Justi&ccedil;a e a SDH. Segundo membros do GT, o processo se encontra adiantado, tendo sido iniciado o envio dos of&iacute;cios e tratativas para a implementa&ccedil;&atilde;o do &oacute;rg&atilde;o.<\/p>\n<p>Nos &uacute;ltimos oito anos, foram registrados 321 casos de viol&ecirc;ncia contra comunicadores, dos quais 18 resultaram em morte. Sabe-se que em algumas situa&ccedil;&otilde;es as ocorr&ecirc;ncias envolvem grupos de exterm&iacute;nio, autoridades e crime organizado.<\/p>\n<p>&ldquo;N&oacute;s n&atilde;o podemos ver a impunidade dos crimes contra comunicadores como algo recorrente&rdquo;, afirmou a ministra Maria do Ros&aacute;rio, respons&aacute;vel pela SDH, durante o lan&ccedil;amento do relat&oacute;rio do GT. Uma audi&ecirc;ncia no Senado para discutir os casos de viol&ecirc;ncia contra comunicadores havia sido marcada para a &uacute;ltima segunda-feira (17), mas foi adiada com o prop&oacute;sito de garantir a presen&ccedil;a do Ministro da Justi&ccedil;a, Jos&eacute; Eduardo Cardozo.<\/p>\n<p>Ros&aacute;rio informou tamb&eacute;m que o Minist&eacute;rio da Justi&ccedil;a deve editar, em breve, uma diretriz para todas as pol&iacute;cias determinando que n&atilde;o podem ser apreendidos os equipamentos de trabalho dos profissionais de comunica&ccedil;&atilde;o. Isso inclui c&acirc;meras fotogr&aacute;ficas, gravadores, telefones, cart&otilde;es de mem&oacute;rias, entre outros.<\/p>\n<p>Uma vers&atilde;o resumida do relat&oacute;rio final pode ser acessada <a href=\" http:\/\/www.sdh.gov.br\/sobre\/participacao-social\/cddph\/relatorios\/relatorio_gt_resumido\">clicando aqui<\/a> .<\/p>\n","protected":false},"excerpt":{"rendered":"<p>Relat&oacute;rio final de Grupo de Trabalho prop&otilde;e cria&ccedil;&atilde;o de observat&oacute;rio e ministra Maria do Ros&aacute;rio defende o fim da impunidade nos crimes contra comunicadores<\/p>\n","protected":false},"author":1,"featured_media":0,"comment_status":"open","ping_status":"open","sticky":false,"template":"","format":"standard","meta":{"footnotes":""},"categories":[40],"tags":[291],"_links":{"self":[{"href":"https:\/\/obscom.intervozes.org.br\/index.php?rest_route=\/wp\/v2\/posts\/27676"}],"collection":[{"href":"https:\/\/obscom.intervozes.org.br\/index.php?rest_route=\/wp\/v2\/posts"}],"about":[{"href":"https:\/\/obscom.intervozes.org.br\/index.php?rest_route=\/wp\/v2\/types\/post"}],"author":[{"embeddable":true,"href":"https:\/\/obscom.intervozes.org.br\/index.php?rest_route=\/wp\/v2\/users\/1"}],"replies":[{"embeddable":true,"href":"https:\/\/obscom.intervozes.org.br\/index.php?rest_route=%2Fwp%2Fv2%2Fcomments&post=27676"}],"version-history":[{"count":0,"href":"https:\/\/obscom.intervozes.org.br\/index.php?rest_route=\/wp\/v2\/posts\/27676\/revisions"}],"wp:attachment":[{"href":"https:\/\/obscom.intervozes.org.br\/index.php?rest_route=%2Fwp%2Fv2%2Fmedia&parent=27676"}],"wp:term":[{"taxonomy":"category","embeddable":true,"href":"https:\/\/obscom.intervozes.org.br\/index.php?rest_route=%2Fwp%2Fv2%2Fcategories&post=27676"},{"taxonomy":"post_tag","embeddable":true,"href":"https:\/\/obscom.intervozes.org.br\/index.php?rest_route=%2Fwp%2Fv2%2Ftags&post=27676"}],"curies":[{"name":"wp","href":"https:\/\/api.w.org\/{rel}","templated":true}]}}